{"id":1551,"date":"2021-02-23T22:34:24","date_gmt":"2021-02-23T21:34:24","guid":{"rendered":"https:\/\/thelibratravels.com\/?p=1551"},"modified":"2021-12-12T00:03:54","modified_gmt":"2021-12-11T23:03:54","slug":"botanico","status":"publish","type":"post","link":"https:\/\/thelibratravels.com\/index.php\/2021\/02\/23\/botanico\/","title":{"rendered":"Botanico"},"content":{"rendered":"\n<h2 class=\"has-text-align-center\" style=\"font-size:38px\"><strong>\u2022 Botanico \u2022<\/strong><\/h2>\n\n\n\n<div class=\"wp-block-image\"><figure class=\"aligncenter size-large is-resized\"><img loading=\"lazy\" src=\"https:\/\/thelibratravels.com\/wp-content\/uploads\/2021\/02\/thelibratravels_botanico_icon.png\" alt=\"icona foglia ginko biloba\" class=\"wp-image-1754\" width=\"95\" height=\"95\" srcset=\"https:\/\/thelibratravels.com\/wp-content\/uploads\/2021\/02\/thelibratravels_botanico_icon.png 584w, https:\/\/thelibratravels.com\/wp-content\/uploads\/2021\/02\/thelibratravels_botanico_icon-300x300.png 300w, https:\/\/thelibratravels.com\/wp-content\/uploads\/2021\/02\/thelibratravels_botanico_icon-150x150.png 150w\" sizes=\"(max-width: 95px) 100vw, 95px\" \/><\/figure><\/div>\n\n\n\n<p>Il Botanico \u00e8 l\u2019amante della natura per eccellenza. Fiori, bacche e arbusti, non c\u2019\u00e8 una specie del mondo vegetale che non conosca. Da piccolo probabilmente \u00e8 stato un boy-scout. Campeggio, sessioni di trekking, visite nelle serre e nei giardini: questo \u00e8 quello che lo diletta maggiormente. Il Botanico \u00e8 una persona molto sensibile e saggia, attratta magneticamente da tutte le esperienze <em>wild<\/em>. Potremmo definirlo il Bear Grylls della situazione, infatti il suo canale preferito \u00e8 DMax. Il Botanico \u00e8 comunque anche molto romantico e ama collezionare ricordi dei suoi viaggi, che siano calamite, sassolini o fiori da far seccare in un libro. La sua app preferita \u00e8 Treedom!<\/p>\n\n\n\n<p>La sua meta ideale: Amazzonia.<\/p>\n\n\n\n<div class=\"wp-block-columns\">\n<div class=\"wp-block-column\">\n<figure class=\"wp-block-table\"><table><tbody><tr><td><strong>Segno zodiacale<\/strong><\/td><\/tr><tr><td><em>Toro, Capricorno e Sagittario<\/em><\/td><\/tr><\/tbody><\/table><\/figure>\n<\/div>\n\n\n\n<div class=\"wp-block-column\">\n<figure class=\"wp-block-table\"><table><tbody><tr><td><strong>Articolo da leggere<\/strong><\/td><\/tr><tr><td><a href=\"https:\/\/thelibratravels.com\/index.php\/2021\/02\/24\/alla-scoperta-di-marrakech\/\">Alla scoperta di Marrakech<\/a><\/td><\/tr><\/tbody><\/table><\/figure>\n\n\n\n<p><\/p>\n<\/div>\n<\/div>\n\n\n\n<p><\/p>\n","protected":false},"excerpt":{"rendered":"<p>\u2022 Botanico \u2022 Il Botanico \u00e8 l\u2019amante della natura per eccellenza. Fiori, bacche e arbusti, non c\u2019\u00e8 una specie del mondo vegetale che non conosca. Da piccolo probabilmente \u00e8 stato un boy-scout. Campeggio, sessioni di trekking, visite nelle serre e nei giardini: questo \u00e8 quello che lo diletta maggiormente. Il Botanico \u00e8 una persona molto [&hellip;]<\/p>\n","protected":false},"author":1,"featured_media":1972,"comment_status":"open","ping_status":"open","sticky":false,"template":"","format":"standard","meta":{"_mi_skip_tracking":false,"_monsterinsights_sitenote_active":false,"_monsterinsights_sitenote_note":"","_monsterinsights_sitenote_category":0},"categories":[42],"tags":[],"table_tags":[],"yoast_head":"<!-- This site is optimized with the Yoast SEO plugin v17.7 - https:\/\/yoast.com\/wordpress\/plugins\/seo\/ -->\n<title>Botanico | The Libra Travels<\/title>\n<meta name=\"robots\" content=\"index, follow, max-snippet:-1, max-image-preview:large, max-video-preview:-1\" \/>\n<link rel=\"canonical\" href=\"https:\/\/thelibratravels.com\/index.php\/2021\/02\/23\/botanico\/\" \/>\n<meta property=\"og:locale\" content=\"en_US\" \/>\n<meta property=\"og:type\" content=\"article\" \/>\n<meta property=\"og:title\" content=\"Botanico | The Libra Travels\" \/>\n<meta property=\"og:description\" content=\"\u2022 Botanico \u2022 Il Botanico \u00e8 l\u2019amante della natura per eccellenza. Fiori, bacche e arbusti, non c\u2019\u00e8 una specie del mondo vegetale che non conosca. Da piccolo probabilmente \u00e8 stato un boy-scout. Campeggio, sessioni di trekking, visite nelle serre e nei giardini: questo \u00e8 quello che lo diletta maggiormente. Il Botanico \u00e8 una persona molto [&hellip;]\" \/>\n<meta property=\"og:url\" content=\"https:\/\/thelibratravels.com\/index.php\/2021\/02\/23\/botanico\/\" \/>\n<meta property=\"og:site_name\" content=\"The Libra Travels\" \/>\n<meta property=\"article:published_time\" content=\"2021-02-23T21:34:24+00:00\" \/>\n<meta property=\"article:modified_time\" content=\"2021-12-11T23:03:54+00:00\" \/>\n<meta property=\"og:image\" content=\"https:\/\/thelibratravels.com\/wp-content\/uploads\/2021\/02\/thelibratravels_botanico-1.jpg\" \/>\n\t<meta property=\"og:image:width\" content=\"1701\" \/>\n\t<meta property=\"og:image:height\" content=\"1006\" \/>\n<meta name=\"twitter:card\" content=\"summary_large_image\" \/>\n<meta name=\"twitter:label1\" content=\"Written by\" \/>\n\t<meta name=\"twitter:data1\" content=\"Benedetta\" \/>\n\t<meta name=\"twitter:label2\" content=\"Est. reading time\" \/>\n\t<meta name=\"twitter:data2\" content=\"1 minute\" \/>\n<script type=\"application\/ld+json\" class=\"yoast-schema-graph\">{\"@context\":\"https:\/\/schema.org\",\"@graph\":[{\"@type\":\"Organization\",\"@id\":\"https:\/\/thelibratravels.com\/#organization\",\"name\":\"The Libra Travels\",\"url\":\"https:\/\/thelibratravels.com\/\",\"sameAs\":[],\"logo\":{\"@type\":\"ImageObject\",\"@id\":\"https:\/\/thelibratravels.com\/#logo\",\"inLanguage\":\"en-US\",\"url\":\"https:\/\/thelibratravels.com\/wp-content\/uploads\/2021\/03\/logo_orizzontale.jpg\",\"contentUrl\":\"https:\/\/thelibratravels.com\/wp-content\/uploads\/2021\/03\/logo_orizzontale.jpg\",\"width\":1260,\"height\":704,\"caption\":\"The Libra Travels\"},\"image\":{\"@id\":\"https:\/\/thelibratravels.com\/#logo\"}},{\"@type\":\"WebSite\",\"@id\":\"https:\/\/thelibratravels.com\/#website\",\"url\":\"https:\/\/thelibratravels.com\/\",\"name\":\"The Libra Travels\",\"description\":\"Inspiring stories\",\"publisher\":{\"@id\":\"https:\/\/thelibratravels.com\/#organization\"},\"potentialAction\":[{\"@type\":\"SearchAction\",\"target\":{\"@type\":\"EntryPoint\",\"urlTemplate\":\"https:\/\/thelibratravels.com\/?s={search_term_string}\"},\"query-input\":\"required name=search_term_string\"}],\"inLanguage\":\"en-US\"},{\"@type\":\"ImageObject\",\"@id\":\"https:\/\/thelibratravels.com\/index.php\/2021\/02\/23\/botanico\/#primaryimage\",\"inLanguage\":\"en-US\",\"url\":\"https:\/\/thelibratravels.com\/wp-content\/uploads\/2021\/02\/thelibratravels_botanico-1.jpg\",\"contentUrl\":\"https:\/\/thelibratravels.com\/wp-content\/uploads\/2021\/02\/thelibratravels_botanico-1.jpg\",\"width\":1701,\"height\":1006,\"caption\":\"arbusti e palme\"},{\"@type\":\"WebPage\",\"@id\":\"https:\/\/thelibratravels.com\/index.php\/2021\/02\/23\/botanico\/#webpage\",\"url\":\"https:\/\/thelibratravels.com\/index.php\/2021\/02\/23\/botanico\/\",\"name\":\"Botanico | The Libra Travels\",\"isPartOf\":{\"@id\":\"https:\/\/thelibratravels.com\/#website\"},\"primaryImageOfPage\":{\"@id\":\"https:\/\/thelibratravels.com\/index.php\/2021\/02\/23\/botanico\/#primaryimage\"},\"datePublished\":\"2021-02-23T21:34:24+00:00\",\"dateModified\":\"2021-12-11T23:03:54+00:00\",\"breadcrumb\":{\"@id\":\"https:\/\/thelibratravels.com\/index.php\/2021\/02\/23\/botanico\/#breadcrumb\"},\"inLanguage\":\"en-US\",\"potentialAction\":[{\"@type\":\"ReadAction\",\"target\":[\"https:\/\/thelibratravels.com\/index.php\/2021\/02\/23\/botanico\/\"]}]},{\"@type\":\"BreadcrumbList\",\"@id\":\"https:\/\/thelibratravels.com\/index.php\/2021\/02\/23\/botanico\/#breadcrumb\",\"itemListElement\":[{\"@type\":\"ListItem\",\"position\":1,\"name\":\"Home\",\"item\":\"https:\/\/thelibratravels.com\/\"},{\"@type\":\"ListItem\",\"position\":2,\"name\":\"Botanico\"}]},{\"@type\":\"Article\",\"@id\":\"https:\/\/thelibratravels.com\/index.php\/2021\/02\/23\/botanico\/#article\",\"isPartOf\":{\"@id\":\"https:\/\/thelibratravels.com\/index.php\/2021\/02\/23\/botanico\/#webpage\"},\"author\":{\"@id\":\"https:\/\/thelibratravels.com\/#\/schema\/person\/6a37ce263ff19c65fce4174c39a93a24\"},\"headline\":\"Botanico\",\"datePublished\":\"2021-02-23T21:34:24+00:00\",\"dateModified\":\"2021-12-11T23:03:54+00:00\",\"mainEntityOfPage\":{\"@id\":\"https:\/\/thelibratravels.com\/index.php\/2021\/02\/23\/botanico\/#webpage\"},\"wordCount\":120,\"commentCount\":0,\"publisher\":{\"@id\":\"https:\/\/thelibratravels.com\/#organization\"},\"image\":{\"@id\":\"https:\/\/thelibratravels.com\/index.php\/2021\/02\/23\/botanico\/#primaryimage\"},\"thumbnailUrl\":\"https:\/\/thelibratravels.com\/wp-content\/uploads\/2021\/02\/thelibratravels_botanico-1.jpg\",\"articleSection\":[\"Travelers\"],\"inLanguage\":\"en-US\",\"potentialAction\":[{\"@type\":\"CommentAction\",\"name\":\"Comment\",\"target\":[\"https:\/\/thelibratravels.com\/index.php\/2021\/02\/23\/botanico\/#respond\"]}]},{\"@type\":\"Person\",\"@id\":\"https:\/\/thelibratravels.com\/#\/schema\/person\/6a37ce263ff19c65fce4174c39a93a24\",\"name\":\"Benedetta\",\"image\":{\"@type\":\"ImageObject\",\"@id\":\"https:\/\/thelibratravels.com\/#personlogo\",\"inLanguage\":\"en-US\",\"url\":\"https:\/\/secure.gravatar.com\/avatar\/2d9578793bdcdfb13a6bee3ffa2702ce?s=96&d=wavatar&r=g\",\"contentUrl\":\"https:\/\/secure.gravatar.com\/avatar\/2d9578793bdcdfb13a6bee3ffa2702ce?s=96&d=wavatar&r=g\",\"caption\":\"Benedetta\"},\"url\":\"https:\/\/thelibratravels.com\/index.php\/author\/admin6791\/\"}]}<\/script>\n<!-- \/ Yoast SEO plugin. -->","yoast_head_json":{"title":"Botanico | The Libra Travels","robots":{"index":"index","follow":"follow","max-snippet":"max-snippet:-1","max-image-preview":"max-image-preview:large","max-video-preview":"max-video-preview:-1"},"canonical":"https:\/\/thelibratravels.com\/index.php\/2021\/02\/23\/botanico\/","og_locale":"en_US","og_type":"article","og_title":"Botanico | The Libra Travels","og_description":"\u2022 Botanico \u2022 Il Botanico \u00e8 l\u2019amante della natura per eccellenza. Fiori, bacche e arbusti, non c\u2019\u00e8 una specie del mondo vegetale che non conosca. Da piccolo probabilmente \u00e8 stato un boy-scout. Campeggio, sessioni di trekking, visite nelle serre e nei giardini: questo \u00e8 quello che lo diletta maggiormente. Il Botanico \u00e8 una persona molto [&hellip;]","og_url":"https:\/\/thelibratravels.com\/index.php\/2021\/02\/23\/botanico\/","og_site_name":"The Libra Travels","article_published_time":"2021-02-23T21:34:24+00:00","article_modified_time":"2021-12-11T23:03:54+00:00","og_image":[{"width":1701,"height":1006,"url":"https:\/\/thelibratravels.com\/wp-content\/uploads\/2021\/02\/thelibratravels_botanico-1.jpg","type":"image\/jpeg"}],"twitter_card":"summary_large_image","twitter_misc":{"Written by":"Benedetta","Est. reading time":"1 minute"},"schema":{"@context":"https:\/\/schema.org","@graph":[{"@type":"Organization","@id":"https:\/\/thelibratravels.com\/#organization","name":"The Libra Travels","url":"https:\/\/thelibratravels.com\/","sameAs":[],"logo":{"@type":"ImageObject","@id":"https:\/\/thelibratravels.com\/#logo","inLanguage":"en-US","url":"https:\/\/thelibratravels.com\/wp-content\/uploads\/2021\/03\/logo_orizzontale.jpg","contentUrl":"https:\/\/thelibratravels.com\/wp-content\/uploads\/2021\/03\/logo_orizzontale.jpg","width":1260,"height":704,"caption":"The Libra Travels"},"image":{"@id":"https:\/\/thelibratravels.com\/#logo"}},{"@type":"WebSite","@id":"https:\/\/thelibratravels.com\/#website","url":"https:\/\/thelibratravels.com\/","name":"The Libra Travels","description":"Inspiring stories","publisher":{"@id":"https:\/\/thelibratravels.com\/#organization"},"potentialAction":[{"@type":"SearchAction","target":{"@type":"EntryPoint","urlTemplate":"https:\/\/thelibratravels.com\/?s={search_term_string}"},"query-input":"required name=search_term_string"}],"inLanguage":"en-US"},{"@type":"ImageObject","@id":"https:\/\/thelibratravels.com\/index.php\/2021\/02\/23\/botanico\/#primaryimage","inLanguage":"en-US","url":"https:\/\/thelibratravels.com\/wp-content\/uploads\/2021\/02\/thelibratravels_botanico-1.jpg","contentUrl":"https:\/\/thelibratravels.com\/wp-content\/uploads\/2021\/02\/thelibratravels_botanico-1.jpg","width":1701,"height":1006,"caption":"arbusti e palme"},{"@type":"WebPage","@id":"https:\/\/thelibratravels.com\/index.php\/2021\/02\/23\/botanico\/#webpage","url":"https:\/\/thelibratravels.com\/index.php\/2021\/02\/23\/botanico\/","name":"Botanico | The Libra Travels","isPartOf":{"@id":"https:\/\/thelibratravels.com\/#website"},"primaryImageOfPage":{"@id":"https:\/\/thelibratravels.com\/index.php\/2021\/02\/23\/botanico\/#primaryimage"},"datePublished":"2021-02-23T21:34:24+00:00","dateModified":"2021-12-11T23:03:54+00:00","breadcrumb":{"@id":"https:\/\/thelibratravels.com\/index.php\/2021\/02\/23\/botanico\/#breadcrumb"},"inLanguage":"en-US","potentialAction":[{"@type":"ReadAction","target":["https:\/\/thelibratravels.com\/index.php\/2021\/02\/23\/botanico\/"]}]},{"@type":"BreadcrumbList","@id":"https:\/\/thelibratravels.com\/index.php\/2021\/02\/23\/botanico\/#breadcrumb","itemListElement":[{"@type":"ListItem","position":1,"name":"Home","item":"https:\/\/thelibratravels.com\/"},{"@type":"ListItem","position":2,"name":"Botanico"}]},{"@type":"Article","@id":"https:\/\/thelibratravels.com\/index.php\/2021\/02\/23\/botanico\/#article","isPartOf":{"@id":"https:\/\/thelibratravels.com\/index.php\/2021\/02\/23\/botanico\/#webpage"},"author":{"@id":"https:\/\/thelibratravels.com\/#\/schema\/person\/6a37ce263ff19c65fce4174c39a93a24"},"headline":"Botanico","datePublished":"2021-02-23T21:34:24+00:00","dateModified":"2021-12-11T23:03:54+00:00","mainEntityOfPage":{"@id":"https:\/\/thelibratravels.com\/index.php\/2021\/02\/23\/botanico\/#webpage"},"wordCount":120,"commentCount":0,"publisher":{"@id":"https:\/\/thelibratravels.com\/#organization"},"image":{"@id":"https:\/\/thelibratravels.com\/index.php\/2021\/02\/23\/botanico\/#primaryimage"},"thumbnailUrl":"https:\/\/thelibratravels.com\/wp-content\/uploads\/2021\/02\/thelibratravels_botanico-1.jpg","articleSection":["Travelers"],"inLanguage":"en-US","potentialAction":[{"@type":"CommentAction","name":"Comment","target":["https:\/\/thelibratravels.com\/index.php\/2021\/02\/23\/botanico\/#respond"]}]},{"@type":"Person","@id":"https:\/\/thelibratravels.com\/#\/schema\/person\/6a37ce263ff19c65fce4174c39a93a24","name":"Benedetta","image":{"@type":"ImageObject","@id":"https:\/\/thelibratravels.com\/#personlogo","inLanguage":"en-US","url":"https:\/\/secure.gravatar.com\/avatar\/2d9578793bdcdfb13a6bee3ffa2702ce?s=96&d=wavatar&r=g","contentUrl":"https:\/\/secure.gravatar.com\/avatar\/2d9578793bdcdfb13a6bee3ffa2702ce?s=96&d=wavatar&r=g","caption":"Benedetta"},"url":"https:\/\/thelibratravels.com\/index.php\/author\/admin6791\/"}]}},"_links":{"self":[{"href":"https:\/\/thelibratravels.com\/index.php\/wp-json\/wp\/v2\/posts\/1551"}],"collection":[{"href":"https:\/\/thelibratravels.com\/index.php\/wp-json\/wp\/v2\/posts"}],"about":[{"href":"https:\/\/thelibratravels.com\/index.php\/wp-json\/wp\/v2\/types\/post"}],"author":[{"embeddable":true,"href":"https:\/\/thelibratravels.com\/index.php\/wp-json\/wp\/v2\/users\/1"}],"replies":[{"embeddable":true,"href":"https:\/\/thelibratravels.com\/index.php\/wp-json\/wp\/v2\/comments?post=1551"}],"version-history":[{"count":9,"href":"https:\/\/thelibratravels.com\/index.php\/wp-json\/wp\/v2\/posts\/1551\/revisions"}],"predecessor-version":[{"id":3770,"href":"https:\/\/thelibratravels.com\/index.php\/wp-json\/wp\/v2\/posts\/1551\/revisions\/3770"}],"wp:featuredmedia":[{"embeddable":true,"href":"https:\/\/thelibratravels.com\/index.php\/wp-json\/wp\/v2\/media\/1972"}],"wp:attachment":[{"href":"https:\/\/thelibratravels.com\/index.php\/wp-json\/wp\/v2\/media?parent=1551"}],"wp:term":[{"taxonomy":"category","embeddable":true,"href":"https:\/\/thelibratravels.com\/index.php\/wp-json\/wp\/v2\/categories?post=1551"},{"taxonomy":"post_tag","embeddable":true,"href":"https:\/\/thelibratravels.com\/index.php\/wp-json\/wp\/v2\/tags?post=1551"},{"taxonomy":"table_tags","embeddable":true,"href":"https:\/\/thelibratravels.com\/index.php\/wp-json\/wp\/v2\/table_tags?post=1551"}],"curies":[{"name":"wp","href":"https:\/\/api.w.org\/{rel}","templated":true}]}}