{"id":2046,"date":"2021-04-05T08:00:00","date_gmt":"2021-04-05T06:00:00","guid":{"rendered":"https:\/\/thelibratravels.com\/?p=2046"},"modified":"2022-02-05T13:02:28","modified_gmt":"2022-02-05T12:02:28","slug":"8-serie-tv-e-documentari-che-vi-faranno-viaggiare","status":"publish","type":"post","link":"https:\/\/thelibratravels.com\/index.php\/2021\/04\/05\/8-serie-tv-e-documentari-che-vi-faranno-viaggiare\/","title":{"rendered":"8 serie TV e documentari che vi faranno viaggiare"},"content":{"rendered":"\n<h2 class=\"has-text-align-center\"><strong>\u2022<\/strong> 8 serie TV e documentari che vi faranno viaggiare <strong>\u2022<\/strong><\/h2>\n\n\n\n<blockquote class=\"wp-block-quote\"><p><em>Chi lo dice che non si pu\u00f2 viaggiare stando comodamente seduti sul divano. Come? Basta un abbonamento a <a rel=\"noreferrer noopener\" href=\"http:\/\/www.netflix.com\" target=\"_blank\">Netflix<\/a>, <a rel=\"noreferrer noopener\" href=\"http:\/\/www.primevideo.com\" target=\"_blank\">Amazon Prime Video<\/a>, <a href=\"https:\/\/skygo.sky.it\">Sky Go<\/a> o<a rel=\"noreferrer noopener\" href=\"https:\/\/disney.it\/disney-plus-star\" target=\"_blank\"> Disney+<\/a> (solo per citare alcune delle piattaforme streaming pi\u00f9 utilizzate negli ultimi anni), una scelta azzeccata durante la sessione di zapping agonistico tra miliardi di serie tv e il gioco \u00e8 fatto.&nbsp;<\/em><\/p><p><em>Okay, siamo d\u2019accordo che non c\u2019\u00e8 paragone con un vero viaggio ma a volte \u00e8 l\u2019unica alternativa che abbiamo, basti pensare che il 2020 sar\u00e0 ricordato come l\u2019anno della TV on demand, con un aumento esponenziale degli utenti abbonati a causa della chiusura forzata in casa imposta dai Governi.<\/em><\/p><p><em>Ora, quindi, prendi carta e penna e segnati questi titoli. Chiss\u00e0 che la meta del tuo prossimo viaggio non la deciderai proprio grazie ad uno di loro! A noi \u00e8 gi\u00e0 successo e sul nostro <a href=\"https:\/\/www.instagram.com\/thelibratravels_\" target=\"_blank\" rel=\"noreferrer noopener\">Instagram<\/a> (storie in evidenza) ti racconteremo quando&#8230;<\/em><\/p><\/blockquote>\n\n\n\n<figure class=\"wp-block-image size-large\"><img loading=\"lazy\" width=\"1024\" height=\"683\" src=\"https:\/\/thelibratravels.com\/wp-content\/uploads\/2021\/03\/thelibratravels_serie-tv-3-1024x683.jpg\" alt=\"seduti sul divano a vedere la tv\" class=\"wp-image-2083\" srcset=\"https:\/\/thelibratravels.com\/wp-content\/uploads\/2021\/03\/thelibratravels_serie-tv-3-1024x683.jpg 1024w, https:\/\/thelibratravels.com\/wp-content\/uploads\/2021\/03\/thelibratravels_serie-tv-3-300x200.jpg 300w, https:\/\/thelibratravels.com\/wp-content\/uploads\/2021\/03\/thelibratravels_serie-tv-3-768x512.jpg 768w, https:\/\/thelibratravels.com\/wp-content\/uploads\/2021\/03\/thelibratravels_serie-tv-3-1536x1025.jpg 1536w\" sizes=\"(max-width: 1024px) 100vw, 1024px\" \/><\/figure>\n\n\n\n<ol class=\"has-text-color\" style=\"color:#f18626\"><li><strong>SENSE8<\/strong> (Serie TV)<\/li><\/ol>\n\n\n\n<p>Sul primo nome delle lista non abbiamo avuto molti dubbi. Sense8 \u00e8 la serie TV pi\u00f9 costosa della storia e, proprio per questo, interrotta bruscamente alla sua seconda stagione. La notizia gener\u00f2 una vera e propria rivolta dei fan che decisero di firmare una petizione per farla rinnovare, ottenendo solo il rilascio dell\u2019episodio finale di 150 minuti \u201c<em>Amor vincit omnia<\/em>\u201d. A cosa erano dovuti i costi cos\u00ec alti? Principalmente alle riprese molto complesse: solo la seconda stagione, infatti, prevedeva 12 location differenti sparse in 4 continenti.&nbsp;<\/p>\n\n\n\n<p>La serie racconta la storia di 8 ragazzi che vivono in paesi diversi &#8211; Berlino, Chicago, San Francisco, Londra, Seul, Reykjavik, Citt\u00e0 del Messico, Mumbai &#8211; e sono legati tramite una forte connessione telepatica che li porter\u00e0 a vivere delle esperienze davvero surreali. Nella seconda stagione, alle citt\u00e0 appena citate che fanno da sfondo alla storia, si aggiungono anche Amsterdam, Argyll (Scozia), Chippenham (Inghilterra), Malta, San Paolo, Redwoods (California) e le nostre italianissime Positano e <a rel=\"noreferrer noopener\" href=\"https:\/\/thelibratravels.com\/index.php\/2021\/02\/24\/3-giorni-a-napoli-cosa-fare-e-vedere\/\" target=\"_blank\">Napoli<\/a>.&nbsp;<\/p>\n\n\n\n<p>Sense8 \u00e8 sicuramente una delle serie tv con la migliore fotografia che, accanto ad una sceneggiatura articolata ed originale e un soundtrack epico, la rende un capolavoro da non perdere.&nbsp;<\/p>\n\n\n\n<div class=\"wptb-table-container wptb-table-2048\"><div class=\"wptb-table-container-matrix\" id=\"wptb-table-id-2048\" data-wptb-version=\"1.3.13\" data-wptb-pro-status=\"false\"><table class=\"wptb-preview-table wptb-element-main-table_setting-279\" data-wptb-adaptive-table=\"0\" data-wptb-cells-width-auto-count=\"1\" data-wptb-table-tds-sum-max-width=\"108\" style=\"border: 2px solid rgb(241, 134, 38);\" data-table-columns=\"1\" data-reconstraction=\"1\" role=\"table\" data-wptb-header-background-color=\"#f18626\" data-wptb-even-row-background-color=\"\" data-wptb-odd-row-background-color=\"\"><tbody><tr class=\"wptb-row\" style=\"background-color: rgb(241, 134, 38);\" data-wptb-bg-color=\"#f18626\"><td class=\"wptb-cell\" data-wptb-css-td-auto-width=\"true\" data-x-index=\"0\" data-y-index=\"0\" style=\"padding: 2px; border: 1px solid rgb(241, 134, 38);\"><div class=\"wptb-text-container wptb-ph-element wptb-element-text-1\" style=\"color: rgb(255, 255, 255); font-size: 16px;\"><div class=\"\" style=\"position: relative;\"><p class=\"\"><strong>FUN FACT<\/strong><\/p><\/div><\/div><\/td><\/tr><tr class=\"wptb-row\" data-wptb-bg-color=\"\"><td class=\"wptb-cell\" data-wptb-css-td-auto-width=\"true\" data-x-index=\"0\" data-y-index=\"1\" style=\"padding: 2px; border: 1px solid rgb(241, 134, 38);\"><div class=\"wptb-text-container wptb-ph-element wptb-element-text-2 edit-active\" style=\"font-size: 15px; color: rgb(87, 87, 86);\"><div class=\"\" style=\"position: relative;\"><p>Nel cast di Sense8, tra i vari nomi, troverai quello di Naveen Andrews, che forse ricorderai per aver interpretato anche Sayid in Lost.<\/p><\/div><\/div><\/td><\/tr><\/tbody><\/table><\/div><\/div>\n\n\n\n\n<figure class=\"wp-block-table\"><table><tbody><tr><td><strong>N\u00b0 stagioni<\/strong><\/td><td>2<\/td><\/tr><tr><td><strong>Piattaforma<\/strong><\/td><td>Netflix<\/td><\/tr><tr><td><strong>Genere<\/strong><\/td><td>Fantasy; Azione<\/td><\/tr><tr><td><strong>Anno<\/strong><\/td><td>2015-2018<\/td><\/tr><tr><td><strong><strong>Sceneggiatura<\/strong><\/strong><\/td><td>Sorelle Wachowski e J. M. Straczynski<\/td><\/tr><tr><td><strong>Regia<\/strong><\/td><td>Sorelle Wachowski; Tom Tykwer; James McTeigue e Dan Glass<\/td><\/tr><\/tbody><\/table><\/figure>\n\n\n\n<ol start=\"2\" class=\"has-text-color\" style=\"color:#f18626\"><li><strong>GAMES OF THRONES<\/strong> (Serie TV)<\/li><\/ol>\n\n\n\n<p>Faremo un\u2019affermazione forte ma necessaria: GOT \u00e8 la regina delle serie TV, o quantomeno la pi\u00f9 vista degli ultimi anni. Anche chi non \u00e8 amante del genere \u00e8 riuscito ad apprezzare quest\u2019opera di sceneggiatura e scenografia. La serie \u00e8 stata girata in tutta Europa, dall\u2019Irlanda alla Spagna passando per la Croazia, l\u2019Islanda, Malta e il Marocco. <\/p>\n\n\n\n<p>Vuoi sapere qualcuna delle location pi\u00f9 note? Tutte le inquadrature di Approdo del Re sono state girate nella citt\u00e0 medievale di Dubrovnik, l\u2019Arena di Osuna a Siviglia \u00e8 diventata l\u2019Arena di Meereen, i paesaggi ghiacciati dell\u2019Islanda sono stati la cornice per le scene di \u201cOltre la Barriera\u201d, Magheramorne \u00e8 il paese dell&#8217;Irlanda del Nord dove \u00e8 stato ospitato il Castello Nero, ad Ouarzazate in Marocco \u00e8 stata ripresa la citt\u00e0 libera di Pentos\u2026 e potremmo continuare ancora.&nbsp;<\/p>\n\n\n\n<p>In ognuna di queste citt\u00e0 organizzano anche dei tour guidati sui set utilizzati per le riprese della serie. <em>Valar Morghulis<\/em>!<\/p>\n\n\n\n<figure class=\"wp-block-image size-large\"><img loading=\"lazy\" width=\"1024\" height=\"683\" src=\"https:\/\/thelibratravels.com\/wp-content\/uploads\/2021\/03\/thelibratravels_dubrovnik-min-1024x683.jpg\" alt=\"Fortezza di San Lorenzo a Dubrovnik - Castello e casette rosse viste dal mare\" class=\"wp-image-2055\" srcset=\"https:\/\/thelibratravels.com\/wp-content\/uploads\/2021\/03\/thelibratravels_dubrovnik-min-1024x683.jpg 1024w, https:\/\/thelibratravels.com\/wp-content\/uploads\/2021\/03\/thelibratravels_dubrovnik-min-300x200.jpg 300w, https:\/\/thelibratravels.com\/wp-content\/uploads\/2021\/03\/thelibratravels_dubrovnik-min-768x512.jpg 768w, https:\/\/thelibratravels.com\/wp-content\/uploads\/2021\/03\/thelibratravels_dubrovnik-min-1536x1024.jpg 1536w, https:\/\/thelibratravels.com\/wp-content\/uploads\/2021\/03\/thelibratravels_dubrovnik-min-2048x1365.jpg 2048w\" sizes=\"(max-width: 1024px) 100vw, 1024px\" \/><figcaption><em>Approdo del Re, ovvero Fortezza di San Lorenzo (Dubrovnik)<\/em><\/figcaption><\/figure>\n\n\n\n<figure class=\"wp-block-table\"><table><tbody><tr><td><strong>N\u00b0 stagioni<\/strong><\/td><td>8<\/td><\/tr><tr><td><strong>Piattaforma<\/strong><\/td><td>SkyGo; NOW TV<\/td><\/tr><tr><td><strong>Genere<\/strong><\/td><td>Fantastico; Drammatico; Azione<\/td><\/tr><tr><td><strong>Anno<\/strong><\/td><td>2011-2019<\/td><\/tr><tr><td><strong><strong>Sceneggiatura<\/strong><\/strong><\/td><td>David Benioff e D. B. Weiss (principali)<\/td><\/tr><tr><td><strong>Regia<\/strong> <br><em>(i nomi pi\u00f9 autorevoli)<\/em><\/td><td>Miguel Sapochnik (6&#215;09 \u201c<em>Battle of bastards<\/em>\u201d, 8&#215;03 \u201c<em>The long night<\/em>\u201d); David Nutter (3&#215;09 \u201c<em>The Rains of Castamere<\/em>\u201d, 5&#215;09 \u201c<em>The Dance of Dragons<\/em>\u201d, 5&#215;10 \u201c<em>Mother&#8217;s Mercy<\/em>\u201d) e Jeremy Podeswa<\/td><\/tr><\/tbody><\/table><\/figure>\n\n\n\n<ol start=\"3\" class=\"has-text-color\" style=\"color:#f18626\"><li><strong>NORMAL PEOPLE<\/strong> (Serie TV)<\/li><\/ol>\n\n\n\n<p>Questa recentissima serie TV irlandese ha conquistato il cuore del pubblico ed \u00e8 stata acclamata dalla critica, che l\u2019ha definita uno dei migliori prodotti cinematografici del 2020. Nella prima stagione viene raccontata la storia d\u2019amore tormentata di due giovani ragazzi che, dal liceo fino al college, si inseguono e si allontanano ripetutamente, consolidando un legame intimo e profondo. Oltre ad essere assolutamente godibile grazie all\u2019interpretazione magistrale dei due attori protagonisti, la regia ci regala un racconto dell\u2019Irlanda e di Dublino davvero coinvolgente. Le inquadrature, le location e i panorami immortalati fanno venire voglia di visitare immediatamente quei posti incantevoli, dalla selvaggia contea di Sligo alla Wild Atlantic Way, passando per il centro di Dublino, il Trinity College, il quartiere di Ballsbridge, la Hugh Lane Gallery, il Fumbally Caf\u00e9 &amp; Stables e il pub Blackbird. A noi \u00e8 venuta una gran voglia di Irlanda, e a te?<\/p>\n\n\n\n<figure class=\"wp-block-table\"><table><tbody><tr><td><strong>N\u00b0 stagioni<\/strong><\/td><td>1<\/td><\/tr><tr><td><strong>Piattaforma<\/strong><\/td><td>Starz Play<\/td><\/tr><tr><td><strong>Genere<\/strong><\/td><td>Sentimentale; Drammatico<\/td><\/tr><tr><td><strong>Anno<\/strong><\/td><td>2020<\/td><\/tr><tr><td><strong><strong>Sceneggiatura<\/strong><\/strong><\/td><td>Sally Rooney; Alice Birch e Mark O&#8217;Rowe<\/td><\/tr><tr><td><strong>Regia<\/strong><\/td><td>Lenny Abrahamson (primi 6 episodi ) e Hettie Macdonald (ultimi 6 episodi)<\/td><\/tr><\/tbody><\/table><\/figure>\n\n\n\n<ol start=\"4\" class=\"has-text-color\" style=\"color:#f18626\"><li><strong>WHITE LINES<\/strong> (Serie TV)<\/li><\/ol>\n\n\n\n<p>Dal creatore de \u201cLa Casa di Carta\u201d, White Lines \u00e8 una nuova serie originale Netflix, un noir in infradito, un cold case tra luci psichedeliche, alcool, droga e <s>rock&amp;roll<\/s> house music. Ambientata nell\u2019isola delle Baleari pi\u00f9 famosa al mondo (Ibiza) la serie racconta la storia di Zoe e della disperata ricerca della verit\u00e0 sulla morte del fratello avvenuta 20 anni prima. Questa serie \u00e8 stata molto criticata, probabilmente a causa delle alte aspettative e dell\u2019inevitabile paragone con il primo prodotto di \u00c1lex Pina ma, se hai nostalgia di Ibiza e di tutti i suoi luoghi comuni, se hai voglia di viaggiare con la fantasia e di proiettarti in una discoteca affollata e con la musica ad alto volume, questa \u00e8 la serie che fa per te!<\/p>\n\n\n\n<figure class=\"wp-block-table\"><table><tbody><tr><td><strong>N\u00b0 stagioni<\/strong><\/td><td>1<\/td><\/tr><tr><td><strong>Piattaforma<\/strong><\/td><td>Netflix<\/td><\/tr><tr><td><strong>Genere<\/strong><\/td><td>Thriller<\/td><\/tr><tr><td><strong>Anno<\/strong><\/td><td>2020<\/td><\/tr><tr><td><strong><strong>Sceneggiatura<\/strong><\/strong><\/td><td>\u00c1lex Pina<\/td><\/tr><tr><td><strong>Regia<\/strong><\/td><td>Nick Hamm; Luis Prieto e Ashley Way<\/td><\/tr><\/tbody><\/table><\/figure>\n\n\n\n<ol start=\"5\" class=\"has-text-color\" style=\"color:#f18626\"><li><strong>SEX AND THE CITY<\/strong> (Serie TV)<\/li><\/ol>\n\n\n\n<p>Era il 1998 quando questa serie fu mandata in onda per la prima volta da HBO. Sex And The City \u00e8 la storia di un gruppo di quattro frizzanti donne &#8211; Carrie, Samantha, Charlotte e Miranda &#8211; che, episodio dopo episodio, celebrano la loro amicizia per le strade di Manhattan. Tra splendidi abiti, scarpe da urlo e problemi sentimentali all\u2019ordine del giorno, si affrontano temi attualissimi come l\u2019emancipazione femminile, la sessualit\u00e0 e l\u2019amicizia tra donne (spesso bistrattata e sminuita). Un viaggio alla scoperta dell\u2019universo femminile e di New York, con i suoi innumerevoli luoghi iconici e clich\u00e9, che vi accompagneranno in tutte le sei stagioni di questa imperdibile chicca della TV americana.<\/p>\n\n\n\n<figure class=\"wp-block-table\"><table><tbody><tr><td><strong>N\u00b0 stagioni<\/strong><\/td><td>6<\/td><\/tr><tr><td><strong>Piattaforma<\/strong><\/td><td>NOW TV<\/td><\/tr><tr><td><strong>Genere<\/strong><\/td><td>Commedia; Sentimentale; Drammatico<\/td><\/tr><tr><td><strong>Anno<\/strong><\/td><td>1998-2004<\/td><\/tr><tr><td><strong><strong>Sceneggiatura<\/strong><\/strong><\/td><td>Michael Patrick King e Cindy Chupack<\/td><\/tr><tr><td><strong>Regia<\/strong><\/td><td>Susan Seidelman; Alison MacLean; Nicole Holofcener; Michael Fields; Darren Star e Matthew Harrison<\/td><\/tr><\/tbody><\/table><\/figure>\n\n\n\n<figure class=\"wp-block-image size-large\"><img loading=\"lazy\" width=\"1000\" height=\"749\" src=\"https:\/\/thelibratravels.com\/wp-content\/uploads\/2021\/03\/sex-and-the-city-2.jpg\" alt=\"\" class=\"wp-image-2077\" srcset=\"https:\/\/thelibratravels.com\/wp-content\/uploads\/2021\/03\/sex-and-the-city-2.jpg 1000w, https:\/\/thelibratravels.com\/wp-content\/uploads\/2021\/03\/sex-and-the-city-2-300x225.jpg 300w, https:\/\/thelibratravels.com\/wp-content\/uploads\/2021\/03\/sex-and-the-city-2-768x575.jpg 768w\" sizes=\"(max-width: 1000px) 100vw, 1000px\" \/><figcaption><em>Le protagoniste di<\/em> <em>Sex and the City<\/em><\/figcaption><\/figure>\n\n\n\n<ol start=\"6\" class=\"has-text-color\" style=\"color:#f18626\"><li><strong>STREGHE<\/strong> (Serie TV)<\/li><\/ol>\n\n\n\n<p>Sono passati pi\u00f9 di vent\u2019anni dal debutto di una delle serie TV pi\u00f9 popolari del piccolo schermo. E\u2019 stata probabilmente la prima serie tv (col senno di poi, di una lunga serie) a cui ci siamo davvero affezionate. Streghe \u00e8 ambientata nella splendida e nebbiosa San Francisco e racconta la storia di tre sorelle &#8211; Prue (in seguito sostituita da Paige), Piper e Phoebe &#8211; dotate ciascuna di un potere diverso. Singolarmente non sono poi cos\u00ec potenti, ma insieme, utilizzando il magico \u201cPotere del Trio\u201d, diventano imbattibili. E\u2019 grazie a Streghe che abbiamo iniziato a viaggiare con la fantasia desiderando spesso di trovarci sull\u2019affascinante Golden Gate Bridge, sebbene ancora non avessimo nemmeno idea di dove fosse. In caso avessi voglia di un po\u2019 di magia californiana, \u00e8 la serie giusta per te.<\/p>\n\n\n\n<div class=\"wptb-table-container wptb-table-2049\"><div class=\"wptb-table-container-matrix\" id=\"wptb-table-id-2049\" data-wptb-version=\"1.3.13\" data-wptb-pro-status=\"false\"><table class=\"wptb-preview-table wptb-element-main-table_setting-279 edit-active\" data-wptb-adaptive-table=\"0\" data-wptb-cells-width-auto-count=\"1\" data-wptb-table-tds-sum-max-width=\"108\" style=\"border: 2px solid rgb(241, 134, 38);\" data-table-columns=\"1\" data-reconstraction=\"1\" role=\"table\" data-wptb-header-background-color=\"#f18626\" data-wptb-even-row-background-color=\"\" data-wptb-odd-row-background-color=\"\"><tbody><tr class=\"wptb-row\" style=\"background-color: rgb(241, 134, 38);\" data-wptb-bg-color=\"#f18626\"><td class=\"wptb-cell\" data-wptb-css-td-auto-width=\"true\" data-x-index=\"0\" data-y-index=\"0\" style=\"padding: 2px; border: 1px solid rgb(241, 134, 38);\"><div class=\"wptb-text-container wptb-ph-element wptb-element-text-1\" style=\"color: rgb(255, 255, 255); font-size: 16px;\"><div class=\"\" style=\"position: relative;\"><p class=\"\"><strong>FUN FACT<\/strong><\/p><\/div><\/div><\/td><\/tr><tr class=\"wptb-row\" data-wptb-bg-color=\"\"><td class=\"wptb-cell\" data-wptb-css-td-auto-width=\"true\" data-x-index=\"0\" data-y-index=\"1\" style=\"padding: 2px; border: 1px solid rgb(241, 134, 38);\"><div class=\"wptb-text-container wptb-ph-element wptb-element-text-2\" style=\"font-size: 15px; color: rgb(87, 87, 86);\"><div class=\"\" style=\"position: relative;\"><p>Villa Halliwell, dove le tre sorelle vivono, esiste davvero e si trova a Los Angeles (anzich&eacute; a San Francisco dove la serie &egrave; ambientata). <\/p><\/div><\/div><\/td><\/tr><\/tbody><\/table><\/div><\/div>\n\n\n\n\n<figure class=\"wp-block-table\"><table><tbody><tr><td><strong>N\u00b0 stagioni<\/strong><\/td><td>8<\/td><\/tr><tr><td><strong>Piattaforma<\/strong><\/td><td>Amazon Prime Video<\/td><\/tr><tr><td><strong>Genere<\/strong><\/td><td>Fantasy<\/td><\/tr><tr><td><strong>Anno<\/strong><\/td><td>1998-2006<\/td><\/tr><tr><td><strong><strong>Sceneggiatura<\/strong><\/strong><\/td><td>Brad Kern; Daniel Cerone; Curtis Kheel; Chris Levinson; Krista Vernoff; Zack Estrin; Sheryl J. Anderson; Jeannine Renshaw; Constance M. Burge e Monica Breen<\/td><\/tr><tr><td><strong>Regia<\/strong><\/td><td>John T. Kretchmer,&nbsp; James L. Conway, Joel J. Feigenbaum, Mel Damski, Jon Pare, John Behring,&nbsp; Derek E. Johansen, Craig Zisk, Jonathan West, Michael Grossman<\/td><\/tr><\/tbody><\/table><\/figure>\n\n\n\n<ol start=\"7\" class=\"has-text-color\" style=\"color:#f9b233\"><li><strong>DATE DA MANGIARE A PHIL <\/strong>(Docu-serie)<\/li><\/ol>\n\n\n\n<p>Viaggiare \u00e8 spesso sinonimo di mangiare. Una delle parti pi\u00f9 belle del viaggio infatti \u00e8 proprio scoprire la cultura del posto attraverso i suoi cibi tradizionali. Una docu-serie che ha fatto del tour gastronomico il suo leitmotiv \u00e8 \u201cDate da mangiare a Phil\u201d. L\u2019unica citt\u00e0 italiana visitata \u00e8 proprio la nostra amata <a rel=\"noreferrer noopener\" href=\"https:\/\/thelibratravels.com\/index.php\/2021\/02\/24\/venezia-la-citta-sullacqua\/\" target=\"_blank\">Venezia<\/a>, episodio 2&#215;0. Ci piace perch\u00e9, oltre a farci venir voglia di viaggiare puntata dopo puntata, \u00e8 anche molto leggera e a tratti davvero bizzarra. Grazie a questa serie abbiamo segnato in wishlist&nbsp; tantissimi posti da vedere e ristoranti\/trattorie dove andare a mangiare.<\/p>\n\n\n\n<figure class=\"wp-block-table\"><table><tbody><tr><td><strong>Stagioni<\/strong><\/td><td>4<\/td><\/tr><tr><td><strong>Piattaforma<\/strong><\/td><td>Netflix<\/td><\/tr><tr><td><strong>Genere<\/strong><\/td><td>Docu-serie<\/td><\/tr><tr><td><strong>Anno<\/strong><\/td><td>2018-2020<\/td><\/tr><tr><td><strong>Ideatore<\/strong><\/td><td>Philip Rosenthal<\/td><\/tr><\/tbody><\/table><\/figure>\n\n\n\n<ol start=\"8\" class=\"has-text-color\" style=\"color:#f9b233\"><li><strong>I DOCUMENTARI DI NATIONAL GEOGRAPHIC<\/strong><\/li><\/ol>\n\n\n\n<p>Terminiamo questa lista con un gran finale, la ciliegina sulla torta: i documentari della National Geographic. Grazie a Disney+, da marzo 2020 questi splendidi prodotti del colosso dell\u2019informazione scientifica, educativa e culturale sono a portata di tutti. Quelli che abbiamo apprezzato di pi\u00f9 e ci hanno fatto sognare sono:<\/p>\n\n\n\n<ul><li>\u201c<strong>Turisti curiosi con Bob e Mack<\/strong>\u201d, una docu-serie di 6 episodi di circa 35 minuti ciascuno che racconta il viaggio di un padre ed un figlio alla scoperta di nuovi posti nel mondo, dalla Colombia all\u2019Etiopia, attraversando Libano e Ucraina. La peculiarit\u00e0 dei loro viaggi \u00e8 quella di allontanarsi dai sentieri pi\u00f9 turistici per entrare a contatto con la popolazione locale e la loro cultura, insegnandoci a rispettarla e preservarla.&nbsp;<\/li><li>&#8220;<strong>Grand Canyon<\/strong>:<strong> viaggio estremo<\/strong>&#8220;, il documentario perfetto per gli spiriti pi\u00f9 avventurosi e per chi ama sognare. Il panorama del Grand Canyon \u00e8 uno dei pi\u00f9 affascinanti d\u2019America (Arizona) e, al contempo, uno dei pi\u00f9 difficili da raggiungere a piedi. I due amici che compiono l\u2019impresa invitano anche a riflettere su un tema molto attuale e dibattuto, quello del cambiamento climatico ed ambientale che sta mettendo a dura prova il nostro pianeta.<\/li><li>\u201c<strong>Giappone: viaggio tra le meraviglie<\/strong>\u201d ci ha rapito il cuore. Tre episodi di 50 minuti ciascuno alla scoperta del Giappone pi\u00f9 selvaggio e meno conosciuto. Una voce fuoricampo che racconta i segreti, le leggende e le particolarit\u00e0 di questa terra, mentre scorrono bellissime riprese dall\u2019alto, fotografie e scorci inediti di un perfetto equilibrio tra modernit\u00e0 e tradizione.<\/li><\/ul>\n\n\n\n<figure class=\"wp-block-table\"><table><tbody><tr><td><strong>Piattaforma<\/strong><\/td><td>Disney+<\/td><\/tr><tr><td><strong>Genere<\/strong><\/td><td>Documentario<\/td><\/tr><\/tbody><\/table><\/figure>\n\n\n\n<p>La playlist abbinata a questo post contiene le tracce pi\u00f9 belle prese dai soundtrack ufficiali delle serie TV e documentari di cui abbiamo parlato. Un mix di generi, mood e atmosfere che a noi piace davvero un sacco!<\/p>\n\n\n\n<iframe src=\"https:\/\/open.spotify.com\/embed\/playlist\/32UJrG3ICEUfgpiSrXdnus\" width=\"300\" height=\"380\" frameborder=\"0\" allowtransparency=\"true\" allow=\"encrypted-media\"><\/iframe>\n\n\n\n<p>Facci sapere nei commenti qual \u00e8 la serie TV o il documentario che ti ha fatto viaggiare e che ti ha ispirato prima di prenotare un viaggio!<\/p>\n\n\n\n<p><\/p>\n","protected":false},"excerpt":{"rendered":"<p>\u2022 8 serie TV e documentari che vi faranno viaggiare \u2022 Chi lo dice che non si pu\u00f2 viaggiare stando comodamente seduti sul divano. Come? Basta un abbonamento a Netflix, Amazon Prime Video, Sky Go o Disney+ (solo per citare alcune delle piattaforme streaming pi\u00f9 utilizzate negli ultimi anni), una scelta azzeccata durante la sessione [&hellip;]<\/p>\n","protected":false},"author":2,"featured_media":2083,"comment_status":"open","ping_status":"open","sticky":false,"template":"","format":"standard","meta":{"_mi_skip_tracking":false,"_monsterinsights_sitenote_active":false,"_monsterinsights_sitenote_note":"","_monsterinsights_sitenote_category":0},"categories":[50],"tags":[55,57,53,54,56,52,58],"table_tags":[],"yoast_head":"<!-- This site is optimized with the Yoast SEO plugin v17.7 - https:\/\/yoast.com\/wordpress\/plugins\/seo\/ -->\n<title>8 serie TV e documentari che vi faranno viaggiare | The Libra Travels<\/title>\n<meta name=\"description\" content=\"Chi lo dice che non si pu\u00f2 viaggiare stando comodamente seduti sul divano. Come? Basta un abbonamento a Netflix e la giusta serie tv.\" \/>\n<meta name=\"robots\" content=\"index, follow, max-snippet:-1, max-image-preview:large, max-video-preview:-1\" \/>\n<link rel=\"canonical\" href=\"https:\/\/thelibratravels.com\/index.php\/2021\/04\/05\/8-serie-tv-e-documentari-che-vi-faranno-viaggiare\/\" \/>\n<meta property=\"og:locale\" content=\"en_US\" \/>\n<meta property=\"og:type\" content=\"article\" \/>\n<meta property=\"og:title\" content=\"8 serie TV e documentari che vi faranno viaggiare | The Libra Travels\" \/>\n<meta property=\"og:description\" content=\"Chi lo dice che non si pu\u00f2 viaggiare stando comodamente seduti sul divano. Come? Basta un abbonamento a Netflix e la giusta serie tv.\" \/>\n<meta property=\"og:url\" content=\"https:\/\/thelibratravels.com\/index.php\/2021\/04\/05\/8-serie-tv-e-documentari-che-vi-faranno-viaggiare\/\" \/>\n<meta property=\"og:site_name\" content=\"The Libra Travels\" \/>\n<meta property=\"article:published_time\" content=\"2021-04-05T06:00:00+00:00\" \/>\n<meta property=\"article:modified_time\" content=\"2022-02-05T12:02:28+00:00\" \/>\n<meta property=\"og:image\" content=\"https:\/\/thelibratravels.com\/wp-content\/uploads\/2021\/03\/thelibratravels_serie-tv-3-scaled.jpg\" \/>\n\t<meta property=\"og:image:width\" content=\"2560\" \/>\n\t<meta property=\"og:image:height\" content=\"1708\" \/>\n<meta name=\"twitter:card\" content=\"summary_large_image\" \/>\n<meta name=\"twitter:label1\" content=\"Written by\" \/>\n\t<meta name=\"twitter:data1\" content=\"Francesca\" \/>\n\t<meta name=\"twitter:label2\" content=\"Est. reading time\" \/>\n\t<meta name=\"twitter:data2\" content=\"9 minutes\" \/>\n<script type=\"application\/ld+json\" class=\"yoast-schema-graph\">{\"@context\":\"https:\/\/schema.org\",\"@graph\":[{\"@type\":\"Organization\",\"@id\":\"https:\/\/thelibratravels.com\/#organization\",\"name\":\"The Libra Travels\",\"url\":\"https:\/\/thelibratravels.com\/\",\"sameAs\":[],\"logo\":{\"@type\":\"ImageObject\",\"@id\":\"https:\/\/thelibratravels.com\/#logo\",\"inLanguage\":\"en-US\",\"url\":\"https:\/\/thelibratravels.com\/wp-content\/uploads\/2021\/03\/logo_orizzontale.jpg\",\"contentUrl\":\"https:\/\/thelibratravels.com\/wp-content\/uploads\/2021\/03\/logo_orizzontale.jpg\",\"width\":1260,\"height\":704,\"caption\":\"The Libra Travels\"},\"image\":{\"@id\":\"https:\/\/thelibratravels.com\/#logo\"}},{\"@type\":\"WebSite\",\"@id\":\"https:\/\/thelibratravels.com\/#website\",\"url\":\"https:\/\/thelibratravels.com\/\",\"name\":\"The Libra Travels\",\"description\":\"Inspiring stories\",\"publisher\":{\"@id\":\"https:\/\/thelibratravels.com\/#organization\"},\"potentialAction\":[{\"@type\":\"SearchAction\",\"target\":{\"@type\":\"EntryPoint\",\"urlTemplate\":\"https:\/\/thelibratravels.com\/?s={search_term_string}\"},\"query-input\":\"required name=search_term_string\"}],\"inLanguage\":\"en-US\"},{\"@type\":\"ImageObject\",\"@id\":\"https:\/\/thelibratravels.com\/index.php\/2021\/04\/05\/8-serie-tv-e-documentari-che-vi-faranno-viaggiare\/#primaryimage\",\"inLanguage\":\"en-US\",\"url\":\"https:\/\/thelibratravels.com\/wp-content\/uploads\/2021\/03\/thelibratravels_serie-tv-3-scaled.jpg\",\"contentUrl\":\"https:\/\/thelibratravels.com\/wp-content\/uploads\/2021\/03\/thelibratravels_serie-tv-3-scaled.jpg\",\"width\":2560,\"height\":1708,\"caption\":\"seduti sul divano a vedere la tv\"},{\"@type\":\"WebPage\",\"@id\":\"https:\/\/thelibratravels.com\/index.php\/2021\/04\/05\/8-serie-tv-e-documentari-che-vi-faranno-viaggiare\/#webpage\",\"url\":\"https:\/\/thelibratravels.com\/index.php\/2021\/04\/05\/8-serie-tv-e-documentari-che-vi-faranno-viaggiare\/\",\"name\":\"8 serie TV e documentari che vi faranno viaggiare | The Libra Travels\",\"isPartOf\":{\"@id\":\"https:\/\/thelibratravels.com\/#website\"},\"primaryImageOfPage\":{\"@id\":\"https:\/\/thelibratravels.com\/index.php\/2021\/04\/05\/8-serie-tv-e-documentari-che-vi-faranno-viaggiare\/#primaryimage\"},\"datePublished\":\"2021-04-05T06:00:00+00:00\",\"dateModified\":\"2022-02-05T12:02:28+00:00\",\"description\":\"Chi lo dice che non si pu\\u00f2 viaggiare stando comodamente seduti sul divano. Come? Basta un abbonamento a Netflix e la giusta serie tv.\",\"breadcrumb\":{\"@id\":\"https:\/\/thelibratravels.com\/index.php\/2021\/04\/05\/8-serie-tv-e-documentari-che-vi-faranno-viaggiare\/#breadcrumb\"},\"inLanguage\":\"en-US\",\"potentialAction\":[{\"@type\":\"ReadAction\",\"target\":[\"https:\/\/thelibratravels.com\/index.php\/2021\/04\/05\/8-serie-tv-e-documentari-che-vi-faranno-viaggiare\/\"]}]},{\"@type\":\"BreadcrumbList\",\"@id\":\"https:\/\/thelibratravels.com\/index.php\/2021\/04\/05\/8-serie-tv-e-documentari-che-vi-faranno-viaggiare\/#breadcrumb\",\"itemListElement\":[{\"@type\":\"ListItem\",\"position\":1,\"name\":\"Home\",\"item\":\"https:\/\/thelibratravels.com\/\"},{\"@type\":\"ListItem\",\"position\":2,\"name\":\"8 serie TV e documentari che vi faranno viaggiare\"}]},{\"@type\":\"Article\",\"@id\":\"https:\/\/thelibratravels.com\/index.php\/2021\/04\/05\/8-serie-tv-e-documentari-che-vi-faranno-viaggiare\/#article\",\"isPartOf\":{\"@id\":\"https:\/\/thelibratravels.com\/index.php\/2021\/04\/05\/8-serie-tv-e-documentari-che-vi-faranno-viaggiare\/#webpage\"},\"author\":{\"@id\":\"https:\/\/thelibratravels.com\/#\/schema\/person\/3832b25c6494095e34c8a9c2c2557127\"},\"headline\":\"8 serie TV e documentari che vi faranno viaggiare\",\"datePublished\":\"2021-04-05T06:00:00+00:00\",\"dateModified\":\"2022-02-05T12:02:28+00:00\",\"mainEntityOfPage\":{\"@id\":\"https:\/\/thelibratravels.com\/index.php\/2021\/04\/05\/8-serie-tv-e-documentari-che-vi-faranno-viaggiare\/#webpage\"},\"wordCount\":1672,\"commentCount\":0,\"publisher\":{\"@id\":\"https:\/\/thelibratravels.com\/#organization\"},\"image\":{\"@id\":\"https:\/\/thelibratravels.com\/index.php\/2021\/04\/05\/8-serie-tv-e-documentari-che-vi-faranno-viaggiare\/#primaryimage\"},\"thumbnailUrl\":\"https:\/\/thelibratravels.com\/wp-content\/uploads\/2021\/03\/thelibratravels_serie-tv-3-scaled.jpg\",\"keywords\":[\"amazon prime video\",\"disney+\",\"documentari\",\"netflix\",\"now tv\",\"serie tv\",\"sky go\"],\"articleSection\":[\"Travel Tips\"],\"inLanguage\":\"en-US\",\"potentialAction\":[{\"@type\":\"CommentAction\",\"name\":\"Comment\",\"target\":[\"https:\/\/thelibratravels.com\/index.php\/2021\/04\/05\/8-serie-tv-e-documentari-che-vi-faranno-viaggiare\/#respond\"]}]},{\"@type\":\"Person\",\"@id\":\"https:\/\/thelibratravels.com\/#\/schema\/person\/3832b25c6494095e34c8a9c2c2557127\",\"name\":\"Francesca\",\"image\":{\"@type\":\"ImageObject\",\"@id\":\"https:\/\/thelibratravels.com\/#personlogo\",\"inLanguage\":\"en-US\",\"url\":\"https:\/\/secure.gravatar.com\/avatar\/d44165d760232ce02dd9cffb5f31b962?s=96&d=wavatar&r=g\",\"contentUrl\":\"https:\/\/secure.gravatar.com\/avatar\/d44165d760232ce02dd9cffb5f31b962?s=96&d=wavatar&r=g\",\"caption\":\"Francesca\"},\"url\":\"https:\/\/thelibratravels.com\/index.php\/author\/francesca\/\"}]}<\/script>\n<!-- \/ Yoast SEO plugin. -->","yoast_head_json":{"title":"8 serie TV e documentari che vi faranno viaggiare | The Libra Travels","description":"Chi lo dice che non si pu\u00f2 viaggiare stando comodamente seduti sul divano. Come? Basta un abbonamento a Netflix e la giusta serie tv.","robots":{"index":"index","follow":"follow","max-snippet":"max-snippet:-1","max-image-preview":"max-image-preview:large","max-video-preview":"max-video-preview:-1"},"canonical":"https:\/\/thelibratravels.com\/index.php\/2021\/04\/05\/8-serie-tv-e-documentari-che-vi-faranno-viaggiare\/","og_locale":"en_US","og_type":"article","og_title":"8 serie TV e documentari che vi faranno viaggiare | The Libra Travels","og_description":"Chi lo dice che non si pu\u00f2 viaggiare stando comodamente seduti sul divano. Come? Basta un abbonamento a Netflix e la giusta serie tv.","og_url":"https:\/\/thelibratravels.com\/index.php\/2021\/04\/05\/8-serie-tv-e-documentari-che-vi-faranno-viaggiare\/","og_site_name":"The Libra Travels","article_published_time":"2021-04-05T06:00:00+00:00","article_modified_time":"2022-02-05T12:02:28+00:00","og_image":[{"width":2560,"height":1708,"url":"https:\/\/thelibratravels.com\/wp-content\/uploads\/2021\/03\/thelibratravels_serie-tv-3-scaled.jpg","type":"image\/jpeg"}],"twitter_card":"summary_large_image","twitter_misc":{"Written by":"Francesca","Est. reading time":"9 minutes"},"schema":{"@context":"https:\/\/schema.org","@graph":[{"@type":"Organization","@id":"https:\/\/thelibratravels.com\/#organization","name":"The Libra Travels","url":"https:\/\/thelibratravels.com\/","sameAs":[],"logo":{"@type":"ImageObject","@id":"https:\/\/thelibratravels.com\/#logo","inLanguage":"en-US","url":"https:\/\/thelibratravels.com\/wp-content\/uploads\/2021\/03\/logo_orizzontale.jpg","contentUrl":"https:\/\/thelibratravels.com\/wp-content\/uploads\/2021\/03\/logo_orizzontale.jpg","width":1260,"height":704,"caption":"The Libra Travels"},"image":{"@id":"https:\/\/thelibratravels.com\/#logo"}},{"@type":"WebSite","@id":"https:\/\/thelibratravels.com\/#website","url":"https:\/\/thelibratravels.com\/","name":"The Libra Travels","description":"Inspiring stories","publisher":{"@id":"https:\/\/thelibratravels.com\/#organization"},"potentialAction":[{"@type":"SearchAction","target":{"@type":"EntryPoint","urlTemplate":"https:\/\/thelibratravels.com\/?s={search_term_string}"},"query-input":"required name=search_term_string"}],"inLanguage":"en-US"},{"@type":"ImageObject","@id":"https:\/\/thelibratravels.com\/index.php\/2021\/04\/05\/8-serie-tv-e-documentari-che-vi-faranno-viaggiare\/#primaryimage","inLanguage":"en-US","url":"https:\/\/thelibratravels.com\/wp-content\/uploads\/2021\/03\/thelibratravels_serie-tv-3-scaled.jpg","contentUrl":"https:\/\/thelibratravels.com\/wp-content\/uploads\/2021\/03\/thelibratravels_serie-tv-3-scaled.jpg","width":2560,"height":1708,"caption":"seduti sul divano a vedere la tv"},{"@type":"WebPage","@id":"https:\/\/thelibratravels.com\/index.php\/2021\/04\/05\/8-serie-tv-e-documentari-che-vi-faranno-viaggiare\/#webpage","url":"https:\/\/thelibratravels.com\/index.php\/2021\/04\/05\/8-serie-tv-e-documentari-che-vi-faranno-viaggiare\/","name":"8 serie TV e documentari che vi faranno viaggiare | The Libra Travels","isPartOf":{"@id":"https:\/\/thelibratravels.com\/#website"},"primaryImageOfPage":{"@id":"https:\/\/thelibratravels.com\/index.php\/2021\/04\/05\/8-serie-tv-e-documentari-che-vi-faranno-viaggiare\/#primaryimage"},"datePublished":"2021-04-05T06:00:00+00:00","dateModified":"2022-02-05T12:02:28+00:00","description":"Chi lo dice che non si pu\u00f2 viaggiare stando comodamente seduti sul divano. Come? Basta un abbonamento a Netflix e la giusta serie tv.","breadcrumb":{"@id":"https:\/\/thelibratravels.com\/index.php\/2021\/04\/05\/8-serie-tv-e-documentari-che-vi-faranno-viaggiare\/#breadcrumb"},"inLanguage":"en-US","potentialAction":[{"@type":"ReadAction","target":["https:\/\/thelibratravels.com\/index.php\/2021\/04\/05\/8-serie-tv-e-documentari-che-vi-faranno-viaggiare\/"]}]},{"@type":"BreadcrumbList","@id":"https:\/\/thelibratravels.com\/index.php\/2021\/04\/05\/8-serie-tv-e-documentari-che-vi-faranno-viaggiare\/#breadcrumb","itemListElement":[{"@type":"ListItem","position":1,"name":"Home","item":"https:\/\/thelibratravels.com\/"},{"@type":"ListItem","position":2,"name":"8 serie TV e documentari che vi faranno viaggiare"}]},{"@type":"Article","@id":"https:\/\/thelibratravels.com\/index.php\/2021\/04\/05\/8-serie-tv-e-documentari-che-vi-faranno-viaggiare\/#article","isPartOf":{"@id":"https:\/\/thelibratravels.com\/index.php\/2021\/04\/05\/8-serie-tv-e-documentari-che-vi-faranno-viaggiare\/#webpage"},"author":{"@id":"https:\/\/thelibratravels.com\/#\/schema\/person\/3832b25c6494095e34c8a9c2c2557127"},"headline":"8 serie TV e documentari che vi faranno viaggiare","datePublished":"2021-04-05T06:00:00+00:00","dateModified":"2022-02-05T12:02:28+00:00","mainEntityOfPage":{"@id":"https:\/\/thelibratravels.com\/index.php\/2021\/04\/05\/8-serie-tv-e-documentari-che-vi-faranno-viaggiare\/#webpage"},"wordCount":1672,"commentCount":0,"publisher":{"@id":"https:\/\/thelibratravels.com\/#organization"},"image":{"@id":"https:\/\/thelibratravels.com\/index.php\/2021\/04\/05\/8-serie-tv-e-documentari-che-vi-faranno-viaggiare\/#primaryimage"},"thumbnailUrl":"https:\/\/thelibratravels.com\/wp-content\/uploads\/2021\/03\/thelibratravels_serie-tv-3-scaled.jpg","keywords":["amazon prime video","disney+","documentari","netflix","now tv","serie tv","sky go"],"articleSection":["Travel Tips"],"inLanguage":"en-US","potentialAction":[{"@type":"CommentAction","name":"Comment","target":["https:\/\/thelibratravels.com\/index.php\/2021\/04\/05\/8-serie-tv-e-documentari-che-vi-faranno-viaggiare\/#respond"]}]},{"@type":"Person","@id":"https:\/\/thelibratravels.com\/#\/schema\/person\/3832b25c6494095e34c8a9c2c2557127","name":"Francesca","image":{"@type":"ImageObject","@id":"https:\/\/thelibratravels.com\/#personlogo","inLanguage":"en-US","url":"https:\/\/secure.gravatar.com\/avatar\/d44165d760232ce02dd9cffb5f31b962?s=96&d=wavatar&r=g","contentUrl":"https:\/\/secure.gravatar.com\/avatar\/d44165d760232ce02dd9cffb5f31b962?s=96&d=wavatar&r=g","caption":"Francesca"},"url":"https:\/\/thelibratravels.com\/index.php\/author\/francesca\/"}]}},"_links":{"self":[{"href":"https:\/\/thelibratravels.com\/index.php\/wp-json\/wp\/v2\/posts\/2046"}],"collection":[{"href":"https:\/\/thelibratravels.com\/index.php\/wp-json\/wp\/v2\/posts"}],"about":[{"href":"https:\/\/thelibratravels.com\/index.php\/wp-json\/wp\/v2\/types\/post"}],"author":[{"embeddable":true,"href":"https:\/\/thelibratravels.com\/index.php\/wp-json\/wp\/v2\/users\/2"}],"replies":[{"embeddable":true,"href":"https:\/\/thelibratravels.com\/index.php\/wp-json\/wp\/v2\/comments?post=2046"}],"version-history":[{"count":14,"href":"https:\/\/thelibratravels.com\/index.php\/wp-json\/wp\/v2\/posts\/2046\/revisions"}],"predecessor-version":[{"id":4077,"href":"https:\/\/thelibratravels.com\/index.php\/wp-json\/wp\/v2\/posts\/2046\/revisions\/4077"}],"wp:featuredmedia":[{"embeddable":true,"href":"https:\/\/thelibratravels.com\/index.php\/wp-json\/wp\/v2\/media\/2083"}],"wp:attachment":[{"href":"https:\/\/thelibratravels.com\/index.php\/wp-json\/wp\/v2\/media?parent=2046"}],"wp:term":[{"taxonomy":"category","embeddable":true,"href":"https:\/\/thelibratravels.com\/index.php\/wp-json\/wp\/v2\/categories?post=2046"},{"taxonomy":"post_tag","embeddable":true,"href":"https:\/\/thelibratravels.com\/index.php\/wp-json\/wp\/v2\/tags?post=2046"},{"taxonomy":"table_tags","embeddable":true,"href":"https:\/\/thelibratravels.com\/index.php\/wp-json\/wp\/v2\/table_tags?post=2046"}],"curies":[{"name":"wp","href":"https:\/\/api.w.org\/{rel}","templated":true}]}}