{"id":2134,"date":"2021-04-12T08:00:00","date_gmt":"2021-04-12T06:00:00","guid":{"rendered":"https:\/\/thelibratravels.com\/?p=2134"},"modified":"2024-08-10T21:15:42","modified_gmt":"2024-08-10T19:15:42","slug":"una-giornata-in-brianza-tra-cultura-e-panorami-mozzafiato","status":"publish","type":"post","link":"https:\/\/thelibratravels.com\/index.php\/2021\/04\/12\/una-giornata-in-brianza-tra-cultura-e-panorami-mozzafiato\/","title":{"rendered":"Una giornata in Brianza, tra cultura e panorami mozzafiato"},"content":{"rendered":"\n<h2 class=\"has-text-align-center\"><strong>\u2022 Una giornata in Brianza \u2022<\/strong><\/h2>\n\n\n\n<blockquote class=\"wp-block-quote\"><p><em>La Brianza \u00e8 una terra tutta da scoprire che ci offre un preziosissimo patrimonio naturalistico e culturale. \u00c8 l\u2019ideale per una fuga in giornata da Milano, per un\u2019escursione in montagna o per una passeggiata sul lungo lago. La Brianza non coincide con un comune preciso: si estende infatti dalla pianura monzese a nord di Milano fino alle Prealpi, coprendo ben quattro comuni (Milano, Monza, Como e Lecco). In Brianza potrai davvero sbizzarrirti e, se ami il contatto con la natura, ti assicuro che te ne innamorerai perdutamente.<\/em><\/p><p><\/p><\/blockquote>\n\n\n\n<figure class=\"wp-block-image size-large\"><img loading=\"lazy\" width=\"1024\" height=\"768\" src=\"https:\/\/thelibratravels.com\/wp-content\/uploads\/2021\/04\/Brianza-laghi-1024x768.jpg\" alt=\"Brianza, lago e montagna vista dall'alto\" class=\"wp-image-2142\" srcset=\"https:\/\/thelibratravels.com\/wp-content\/uploads\/2021\/04\/Brianza-laghi-1024x768.jpg 1024w, https:\/\/thelibratravels.com\/wp-content\/uploads\/2021\/04\/Brianza-laghi-300x225.jpg 300w, https:\/\/thelibratravels.com\/wp-content\/uploads\/2021\/04\/Brianza-laghi-768x576.jpg 768w, https:\/\/thelibratravels.com\/wp-content\/uploads\/2021\/04\/Brianza-laghi-1536x1152.jpg 1536w, https:\/\/thelibratravels.com\/wp-content\/uploads\/2021\/04\/Brianza-laghi-2048x1536.jpg 2048w\" sizes=\"(max-width: 1024px) 100vw, 1024px\" \/><figcaption><em>Laghi della Brianza<\/em><\/figcaption><\/figure>\n\n\n\n<h3 style=\"font-size:18px\"><span style=\"color:#f18626\" class=\"has-inline-color\"><strong>MONZA<\/strong><\/span><\/h3>\n\n\n\n<p>Il nostro racconto della Brianza parte proprio dal suo capoluogo, Monza, un\u2019elegante citt\u00e0 alle porte della capitale della moda, a tratti un po\u2019 snob ma con un\u2019identit\u00e0 molto raffinata.<\/p>\n\n\n\n<p>\u00c8 conosciuta soprattutto per l\u2019annuale appuntamento con la Formula Uno e per il suo splendido Parco, che si estende per ben 688 ettari. Una giornata a Monza ti far\u00e0 senz\u2019altro venire voglia di tornarci al pi\u00f9 presto anche per altri motivi: le piccole botteghe artigianali e i negozi locali, l\u2019eleganza delle vie del centro storico, le perle artistiche che vi risiedono. <\/p>\n\n\n\n<p>Vorrei partire da Piazza Roma e dal suo simbolo per eccellenza, lo storico <strong>Arengario<\/strong>, da cui hanno inizio tutte le principali vie del capoluogo brianzolo. L\u2019edificio risale al 1200 e fu sede del Palazzo Comunale di Monza.&nbsp;Attualmente \u00e8 visitabile su richiesta o durante mostre ed eventi.<\/p>\n\n\n\n<figure class=\"wp-block-image size-large\"><img loading=\"lazy\" width=\"1024\" height=\"775\" src=\"https:\/\/thelibratravels.com\/wp-content\/uploads\/2021\/04\/Monza-Arengario-1024x775.jpg\" alt=\"Arengario di Monza\" class=\"wp-image-2135\" srcset=\"https:\/\/thelibratravels.com\/wp-content\/uploads\/2021\/04\/Monza-Arengario-1024x775.jpg 1024w, https:\/\/thelibratravels.com\/wp-content\/uploads\/2021\/04\/Monza-Arengario-300x227.jpg 300w, https:\/\/thelibratravels.com\/wp-content\/uploads\/2021\/04\/Monza-Arengario-768x581.jpg 768w, https:\/\/thelibratravels.com\/wp-content\/uploads\/2021\/04\/Monza-Arengario-1536x1162.jpg 1536w, https:\/\/thelibratravels.com\/wp-content\/uploads\/2021\/04\/Monza-Arengario-2048x1549.jpg 2048w\" sizes=\"(max-width: 1024px) 100vw, 1024px\" \/><figcaption><em>Arengario di Monza<\/em><\/figcaption><\/figure>\n\n\n\n<div class=\"wptb-table-container wptb-table-2136\"><div class=\"wptb-table-container-matrix\" id=\"wptb-table-id-2136\" data-wptb-version=\"1.3.13\" data-wptb-pro-status=\"false\"><table class=\"wptb-preview-table wptb-element-main-table_setting-279\" data-wptb-adaptive-table=\"0\" data-wptb-cells-width-auto-count=\"1\" data-wptb-table-tds-sum-max-width=\"107.99305999999999\" style=\"border: 2px solid rgb(241, 134, 38);\" data-table-columns=\"1\" data-reconstraction=\"1\" role=\"table\" data-wptb-header-background-color=\"#f18626\" data-wptb-even-row-background-color=\"\" data-wptb-odd-row-background-color=\"\"><tbody><tr class=\"wptb-row\" style=\"background-color: rgb(241, 134, 38);\" data-wptb-bg-color=\"#f18626\"><td class=\"wptb-cell\" data-wptb-css-td-auto-width=\"true\" data-x-index=\"0\" data-y-index=\"0\" style=\"padding: 2px; border: 1px solid rgb(241, 134, 38);\"><div class=\"wptb-text-container wptb-ph-element wptb-element-text-1\" style=\"color: rgb(255, 255, 255); font-size: 16px;\"><div class=\"\" style=\"position: relative;\"><p class=\"\"><strong>FUN FACT<\/strong><\/p><\/div><\/div><\/td><\/tr><tr class=\"wptb-row\" data-wptb-bg-color=\"\"><td class=\"wptb-cell\" data-wptb-css-td-auto-width=\"true\" data-x-index=\"0\" data-y-index=\"1\" style=\"padding: 2px; border: 1px solid rgb(241, 134, 38);\"><div class=\"wptb-text-container wptb-ph-element wptb-element-text-2 edit-active\" style=\"font-size: 15px; color: rgb(87, 87, 86);\"><div class=\"\" style=\"position: relative;\"><p>Dai un occhio ai pilastri dell&rsquo;Arengario, in particolare a quello che si trova sotto alla Torre: noterai delle profonde fessure lasciate dai soldati che per diversi secoli hanno utilizzato questa pietra per affilare le armi.<\/p><\/div><\/div><\/td><\/tr><\/tbody><\/table><\/div><\/div>\n\n\n\n\n<p>Poco distante dall\u2019Arengario si trova il <strong>Duomo<\/strong> \u2013 conosciuto come Basilica di San Giovanni Battista \u2013 fondato alla fine del VI secolo dalla Regina Teodolinda. Il Duomo di Monza \u00e8 una basilica in stile gotico che \u00e8 stata a lungo, insieme alla sua piazza, il centro della vita religiosa e politica cittadina.<\/p>\n\n\n\n<figure class=\"wp-block-image size-large\"><img loading=\"lazy\" width=\"768\" height=\"1024\" src=\"https:\/\/thelibratravels.com\/wp-content\/uploads\/2021\/04\/Monza-Duomo-768x1024.jpg\" alt=\"Duomo di Monza\" class=\"wp-image-2137\" srcset=\"https:\/\/thelibratravels.com\/wp-content\/uploads\/2021\/04\/Monza-Duomo-768x1024.jpg 768w, https:\/\/thelibratravels.com\/wp-content\/uploads\/2021\/04\/Monza-Duomo-225x300.jpg 225w, https:\/\/thelibratravels.com\/wp-content\/uploads\/2021\/04\/Monza-Duomo-1152x1536.jpg 1152w, https:\/\/thelibratravels.com\/wp-content\/uploads\/2021\/04\/Monza-Duomo-1536x2048.jpg 1536w, https:\/\/thelibratravels.com\/wp-content\/uploads\/2021\/04\/Monza-Duomo-scaled.jpg 1920w\" sizes=\"(max-width: 768px) 100vw, 768px\" \/><figcaption><em>Duomo di Monza<\/em><\/figcaption><\/figure>\n\n\n\n<div class=\"wptb-table-container wptb-table-2138\"><div class=\"wptb-table-container-matrix\" id=\"wptb-table-id-2138\" data-wptb-version=\"1.3.13\" data-wptb-pro-status=\"false\"><table class=\"wptb-preview-table wptb-element-main-table_setting-279\" data-wptb-adaptive-table=\"0\" data-wptb-cells-width-auto-count=\"1\" data-wptb-table-tds-sum-max-width=\"107.99305999999999\" style=\"border: 2px solid rgb(241, 134, 38);\" data-table-columns=\"1\" data-reconstraction=\"1\" role=\"table\" data-wptb-header-background-color=\"#f18626\" data-wptb-even-row-background-color=\"\" data-wptb-odd-row-background-color=\"\"><tbody><tr class=\"wptb-row\" style=\"background-color: rgb(241, 134, 38);\" data-wptb-bg-color=\"#f18626\"><td class=\"wptb-cell\" data-wptb-css-td-auto-width=\"true\" data-x-index=\"0\" data-y-index=\"0\" style=\"padding: 2px; border: 1px solid rgb(241, 134, 38);\"><div class=\"wptb-text-container wptb-ph-element wptb-element-text-1\" style=\"color: rgb(255, 255, 255); font-size: 16px;\"><div class=\"\" style=\"position: relative;\"><p class=\"\"><strong>FUN FACT<\/strong><\/p><\/div><\/div><\/td><\/tr><tr class=\"wptb-row\" data-wptb-bg-color=\"\"><td class=\"wptb-cell\" data-wptb-css-td-auto-width=\"true\" data-x-index=\"0\" data-y-index=\"1\" style=\"padding: 2px; border: 1px solid rgb(241, 134, 38);\"><div class=\"wptb-text-container wptb-ph-element wptb-element-text-2 edit-active\" style=\"font-size: 15px; color: rgb(87, 87, 86);\"><div class=\"\" style=\"position: relative;\"><p>All&rsquo;interno del Duomo, a sinistra dell&rsquo;altare maggiore, si trova la Cappella della Regina Teodolinda. Qui &egrave; custodita la corona ferrea, con la quale furono incoronati re e imperatori tra cui Carlo Magno e Napoleone.<\/p><\/div><\/div><\/td><\/tr><\/tbody><\/table><\/div><\/div>\n\n\n\n\n<p>Il Duomo di Monza \u00e8 stato recentemente restaurato ( i lavori sono durati ben sette anni) ed ora \u00e8 tornato ai colori che si potevano ammirare all\u2019inizio del Novecento: bianco e blu.<\/p>\n\n\n\n<div class=\"wptb-table-container wptb-table-2139\"><div class=\"wptb-table-container-matrix\" id=\"wptb-table-id-2139\" data-wptb-version=\"1.3.13\" data-wptb-pro-status=\"false\"><table class=\"wptb-preview-table wptb-element-main-table_setting-279 edit-active\" data-wptb-adaptive-table=\"0\" data-wptb-cells-width-auto-count=\"1\" data-wptb-table-tds-sum-max-width=\"107.99305999999999\" style=\"border: 2px solid rgb(129, 153, 206);\" data-table-columns=\"1\" data-reconstraction=\"1\" role=\"table\" data-wptb-header-background-color=\"#8199ce\" data-wptb-even-row-background-color=\"\" data-wptb-odd-row-background-color=\"\"><tbody><tr class=\"wptb-row\" style=\"background-color: rgb(129, 153, 206);\" data-wptb-bg-color=\"#8199ce\"><td class=\"wptb-cell\" data-wptb-css-td-auto-width=\"true\" data-x-index=\"0\" data-y-index=\"0\" style=\"padding: 2px; border: 1px solid rgb(129, 153, 206);\"><div class=\"wptb-text-container wptb-ph-element wptb-element-text-1\" style=\"color: rgb(255, 255, 255); font-size: 16px;\"><div class=\"\" style=\"position: relative;\"><strong>TRAVEL TIP<\/strong><p class=\"\"><\/p><\/div><\/div><\/td><\/tr><tr class=\"wptb-row\" data-wptb-bg-color=\"\"><td class=\"wptb-cell\" data-wptb-css-td-auto-width=\"true\" data-x-index=\"0\" data-y-index=\"1\" style=\"padding: 2px; border: 1px solid rgb(129, 153, 206);\"><div class=\"wptb-text-container wptb-ph-element wptb-element-text-2\" style=\"font-size: 15px; color: rgb(87, 87, 86);\"><div class=\"\" style=\"position: relative;\"><p class=\"\">Per visitare la Cappella Teodolinda e poter ammirare la Corona Ferrea, &egrave; obbligatoria la prenotazione (compatibilmente con le funzioni liturgiche). <a data-mce-href=\"http:\/\/www.museoduomomonza.it\/orari-e-tariffe\/\" href=\"http:\/\/www.museoduomomonza.it\/orari-e-tariffe\/\" data-mce-selected=\"inline-boundary\">Qui<\/a> puoi trovare tutte le informazioni aggiornate su prezzi e orari.<\/p><\/div><\/div><\/td><\/tr><\/tbody><\/table><\/div><\/div>\n\n\n\n\n<p>Ultima tappa immancabile sar\u00e0 il <strong>Parco di Monza<\/strong>, uno dei pi\u00f9 grandi parchi storici europei che ospita al suo interno l\u2019Autodromo Nazionale di Monza, un circuito automobilistico tra i pi\u00f9 prestigiosi del mondo. Nel parco troverai ville, mulini, impianti sportivi, un maneggio, campi da tennis, oltre a tantissime specie di animali. <\/p>\n\n\n\n<div class=\"wptb-table-container wptb-table-2140\"><div class=\"wptb-table-container-matrix\" id=\"wptb-table-id-2140\" data-wptb-version=\"1.3.13\" data-wptb-pro-status=\"false\"><table class=\"wptb-preview-table wptb-element-main-table_setting-279\" data-wptb-adaptive-table=\"0\" data-wptb-cells-width-auto-count=\"1\" data-wptb-table-tds-sum-max-width=\"107.99305999999999\" style=\"border: 2px solid rgb(241, 134, 38);\" data-table-columns=\"1\" data-reconstraction=\"1\" role=\"table\" data-wptb-header-background-color=\"#f18626\" data-wptb-even-row-background-color=\"\" data-wptb-odd-row-background-color=\"\"><tbody><tr class=\"wptb-row\" style=\"background-color: rgb(241, 134, 38);\" data-wptb-bg-color=\"#f18626\"><td class=\"wptb-cell\" data-wptb-css-td-auto-width=\"true\" data-x-index=\"0\" data-y-index=\"0\" style=\"padding: 2px; border: 1px solid rgb(241, 134, 38);\"><div class=\"wptb-text-container wptb-ph-element wptb-element-text-1\" style=\"color: rgb(255, 255, 255); font-size: 16px;\"><div class=\"\" style=\"position: relative;\"><p class=\"\"><strong>FUN FACT<\/strong><\/p><\/div><\/div><\/td><\/tr><tr class=\"wptb-row\" data-wptb-bg-color=\"\"><td class=\"wptb-cell\" data-wptb-css-td-auto-width=\"true\" data-x-index=\"0\" data-y-index=\"1\" style=\"padding: 2px; border: 1px solid rgb(241, 134, 38);\"><div class=\"wptb-text-container wptb-ph-element wptb-element-text-2 edit-active\" style=\"font-size: 15px; color: rgb(87, 87, 86);\"><div class=\"\" style=\"position: relative;\"><p>Il Parco di Monza venne istituito nel 1805 per volont&agrave; di Napoleone, il quale, avendo ben a mente il modello di Versailles, volle dotare la Villa Reale di un grande parco circostante con lo scopo di farne una tenuta agricola e una riserva di caccia.<\/p><\/div><\/div><\/td><\/tr><\/tbody><\/table><\/div><\/div>\n\n\n\n\n<p>Sono tantissime le attivit\u00e0 che potrai praticare all\u2019interno del parco: una semplice passeggiata, un giro in bicicletta (se non puoi portare la tua potrai noleggiarla, trovi tutte le info <a href=\"https:\/\/reggiadimonza.it\/noleggio-bici\/\" target=\"_blank\" rel=\"noreferrer noopener\">qui<\/a>) o un tour con il bellissimo trenino.<\/p>\n\n\n\n<div class=\"wptb-table-container wptb-table-2141\"><div class=\"wptb-table-container-matrix\" id=\"wptb-table-id-2141\" data-wptb-version=\"1.3.13\" data-wptb-pro-status=\"false\"><table class=\"wptb-preview-table wptb-element-main-table_setting-279 edit-active\" data-wptb-adaptive-table=\"0\" data-wptb-cells-width-auto-count=\"1\" data-wptb-table-tds-sum-max-width=\"108\" style=\"border: 2px solid rgb(241, 134, 38);\" data-table-columns=\"1\" data-reconstraction=\"1\" role=\"table\" data-wptb-header-background-color=\"#f18626\" data-wptb-even-row-background-color=\"\" data-wptb-odd-row-background-color=\"\"><tbody><tr class=\"wptb-row\" style=\"background-color: rgb(241, 134, 38);\" data-wptb-bg-color=\"#f18626\"><td class=\"wptb-cell\" data-wptb-css-td-auto-width=\"true\" data-x-index=\"0\" data-y-index=\"0\" style=\"padding: 2px; border: 1px solid rgb(241, 134, 38);\"><div class=\"wptb-text-container wptb-ph-element wptb-element-text-1\" style=\"color: rgb(255, 255, 255); font-size: 16px;\"><div class=\"\" style=\"position: relative;\"><p class=\"\"><strong>FUN FACT<\/strong><\/p><\/div><\/div><\/td><\/tr><tr class=\"wptb-row\" data-wptb-bg-color=\"\"><td class=\"wptb-cell\" data-wptb-css-td-auto-width=\"true\" data-x-index=\"0\" data-y-index=\"1\" style=\"padding: 2px; border: 1px solid rgb(241, 134, 38);\"><div class=\"wptb-text-container wptb-ph-element wptb-element-text-2\" style=\"font-size: 15px; color: rgb(87, 87, 86);\"><div class=\"\" style=\"position: relative;\"><p>Il Parco di Monza &egrave; il quarto parco recintato pi&ugrave; grande d&rsquo;Europa e il pi&ugrave; grande tra quelli circondati da mura.<\/p><\/div><\/div><\/td><\/tr><\/tbody><\/table><\/div><\/div>\n\n\n\n\n<p>All\u2019interno del Parco di Monza troverai anche la famosa <strong>Villa Reale<\/strong>, un grande palazzo in stile neoclassico realizzato dagli Asburgo nel Settecento con la classica forma ad \u201cU\u201d, come era tipico costruire le ville lombarde di quell\u2019epoca. <\/p>\n\n\n\n<p>Intorno alla villa ci sono i suoi giardini, che si estendono per oltre 40 ettari e rappresentano un patrimonio di inestimabile valore sia dal punto di vista paesaggistico che dal punto di vista storico. Questi giardini sono noti per la loro variet\u00e0 di alberi ultrasecolari: querce, cipressi, ippocastani e cedri del Libano.<\/p>\n\n\n\n<figure class=\"wp-block-image size-large\"><img loading=\"lazy\" width=\"1024\" height=\"683\" src=\"https:\/\/thelibratravels.com\/wp-content\/uploads\/2021\/04\/Villa-reale-monza-1024x683.jpg\" alt=\"Villa Reale di Monza\" class=\"wp-image-2144\" srcset=\"https:\/\/thelibratravels.com\/wp-content\/uploads\/2021\/04\/Villa-reale-monza-1024x683.jpg 1024w, https:\/\/thelibratravels.com\/wp-content\/uploads\/2021\/04\/Villa-reale-monza-300x200.jpg 300w, https:\/\/thelibratravels.com\/wp-content\/uploads\/2021\/04\/Villa-reale-monza-768x512.jpg 768w, https:\/\/thelibratravels.com\/wp-content\/uploads\/2021\/04\/Villa-reale-monza-1536x1024.jpg 1536w, https:\/\/thelibratravels.com\/wp-content\/uploads\/2021\/04\/Villa-reale-monza-2048x1365.jpg 2048w\" sizes=\"(max-width: 1024px) 100vw, 1024px\" \/><figcaption><em>Villa Reale di Monza<\/em><\/figcaption><\/figure>\n\n\n\n<div class=\"wptb-table-container wptb-table-2146\"><div class=\"wptb-table-container-matrix\" id=\"wptb-table-id-2146\" data-wptb-version=\"1.3.13\" data-wptb-pro-status=\"false\"><table class=\"wptb-preview-table wptb-element-main-table_setting-279 edit-active\" data-wptb-adaptive-table=\"0\" data-wptb-cells-width-auto-count=\"1\" data-wptb-table-tds-sum-max-width=\"107.99305999999999\" style=\"border: 2px solid rgb(129, 153, 206);\" data-table-columns=\"1\" data-reconstraction=\"1\" role=\"table\" data-wptb-header-background-color=\"#8199ce\" data-wptb-even-row-background-color=\"\" data-wptb-odd-row-background-color=\"\"><tbody><tr class=\"wptb-row\" style=\"background-color: rgb(129, 153, 206);\" data-wptb-bg-color=\"#8199ce\"><td class=\"wptb-cell\" data-wptb-css-td-auto-width=\"true\" data-x-index=\"0\" data-y-index=\"0\" style=\"padding: 2px; border: 1px solid rgb(129, 153, 206);\"><div class=\"wptb-text-container wptb-ph-element wptb-element-text-1\" style=\"color: rgb(255, 255, 255); font-size: 16px;\"><div class=\"\" style=\"position: relative;\"><strong>TRAVEL TIP<\/strong><p class=\"\"><\/p><\/div><\/div><\/td><\/tr><tr class=\"wptb-row\" data-wptb-bg-color=\"\"><td class=\"wptb-cell\" data-wptb-css-td-auto-width=\"true\" data-x-index=\"0\" data-y-index=\"1\" style=\"padding: 2px; border: 1px solid rgb(129, 153, 206);\"><div class=\"wptb-text-container wptb-ph-element wptb-element-text-2\" style=\"font-size: 15px; color: rgb(87, 87, 86);\"><div class=\"\" style=\"position: relative;\"><p class=\"\">All&rsquo;interno della Villa Reale troverai il roseto &ldquo;Niso Fumagalli&rdquo;. Durante la stagione della fioritura delle rose vengono organizzati eventi e visite guidate. <a data-mce-href=\"https:\/\/www.airosa.it\/index.asp\" href=\"https:\/\/www.airosa.it\/index.asp\" data-mce-selected=\"inline-boundary\">Qui<\/a> puoi trovare tutte le informazioni in merito.<\/p><\/div><\/div><\/td><\/tr><\/tbody><\/table><\/div><\/div>\n\n\n\n\n<p>Se vai a Monza non puoi non fare un salto:<\/p>\n\n\n\n<p>1. &nbsp; Alla <a href=\"https:\/\/www.drogheriacirla.it\/\"><strong>Drogheria Cirla<\/strong><\/a>, in via Zucchi 14, una bottega in cui ritrovare i sapori di una volta, ricercatezza e qualit\u00e0.<\/p>\n\n\n\n<p>2. \u00a0 Al <a href=\"https:\/\/www.ilmodernomonza.it\/\"><strong>Moderno<\/strong><\/a>, uno storico locale monzese in Piazza Roma 2, dove potrai immergerti in una magica atmosfera un po\u2019 retr\u00f2. Nasce come confetteria, ma nel corso degli anni \u00e8 diventata una pasticceria ed oggi \u00e8 addirittura un ristorante.\u00a0<\/p>\n\n\n\n<h3 style=\"font-size:18px\"><span style=\"color:#f18626\" class=\"has-inline-color\"><strong>MONTEVECCHIA<\/strong><\/span><\/h3>\n\n\n\n<p>Montevecchia \u00e8 un\u2019oasi di pace sulle colline del Meratese a due passi da Milano, ed \u00e8 la scelta ideale se vuoi trascorrere una giornata immerso nella natura. <\/p>\n\n\n\n<p>Il <strong>Santuario della Beata Vergine del Monte Carmelo<\/strong> \u00e8 raggiungibile attraverso una scalinata alberata di 180 gradini al termine dei quali godrete di una vista spettacolare e, se sarete fortunati, riuscirete a scorgere l\u2019iconica skyline milanese con i suoi bellissimi grattacieli. <\/p>\n\n\n\n<p>Troverai ad accoglierti un incantevole borgo, molte ville storiche affascinanti e durante la golden hour potrai fare degli scatti con una vista mozzafiato.<\/p>\n\n\n\n<div class=\"wptb-table-container wptb-table-2147\"><div class=\"wptb-table-container-matrix\" id=\"wptb-table-id-2147\" data-wptb-version=\"1.3.13\" data-wptb-pro-status=\"false\"><table class=\"wptb-preview-table wptb-element-main-table_setting-279 edit-active\" data-wptb-adaptive-table=\"0\" data-wptb-cells-width-auto-count=\"1\" data-wptb-table-tds-sum-max-width=\"107.99305999999999\" style=\"border: 2px solid rgb(129, 153, 206);\" data-table-columns=\"1\" data-reconstraction=\"1\" role=\"table\" data-wptb-header-background-color=\"#8199ce\" data-wptb-even-row-background-color=\"\" data-wptb-odd-row-background-color=\"\"><tbody><tr class=\"wptb-row\" style=\"background-color: rgb(129, 153, 206);\" data-wptb-bg-color=\"#8199ce\"><td class=\"wptb-cell\" data-wptb-css-td-auto-width=\"true\" data-x-index=\"0\" data-y-index=\"0\" style=\"padding: 2px; border: 1px solid rgb(129, 153, 206);\"><div class=\"wptb-text-container wptb-ph-element wptb-element-text-1\" style=\"color: rgb(255, 255, 255); font-size: 16px;\"><div class=\"\" style=\"position: relative;\"><strong>TRAVEL TIP<\/strong><p class=\"\"><\/p><\/div><\/div><\/td><\/tr><tr class=\"wptb-row\" data-wptb-bg-color=\"\"><td class=\"wptb-cell\" data-wptb-css-td-auto-width=\"true\" data-x-index=\"0\" data-y-index=\"1\" style=\"padding: 2px; border: 1px solid rgb(129, 153, 206);\"><div class=\"wptb-text-container wptb-ph-element wptb-element-text-2\" style=\"font-size: 15px; color: rgb(87, 87, 86);\"><div class=\"\" style=\"position: relative;\"><p class=\"\">Il Santuario &egrave; visitabile il sabato pomeriggio dalle 14.30 alle 18 e la domenica dalle 9 alle 12 e dalla 12 alle 14.30<\/p><\/div><\/div><\/td><\/tr><\/tbody><\/table><\/div><\/div>\n\n\n\n\n<p>Montevecchia \u00e8 situata nel Parco regionale di Montevecchia e della Valle del Curone, all\u2019interno del quale ci sono 11 sentieri diversi di cui puoi trovare <a href=\"http:\/\/www.parcocurone.it\/fruizione\/sentieri.html#sent\">qui<\/a> ogni dettaglio. Il mio sentiero preferito \u00e8 quello che parte da Sirtori e arriva a Montevecchia alta: due ore di passeggiata, attraversando il bosco, in compagnia di panorami davvero suggestivi.<\/p>\n\n\n\n<div class=\"wptb-table-container wptb-table-2148\"><div class=\"wptb-table-container-matrix\" id=\"wptb-table-id-2148\" data-wptb-version=\"1.3.13\" data-wptb-pro-status=\"false\"><table class=\"wptb-preview-table wptb-element-main-table_setting-279 edit-active\" data-wptb-adaptive-table=\"0\" data-wptb-cells-width-auto-count=\"1\" data-wptb-table-tds-sum-max-width=\"107.99305999999999\" style=\"border: 2px solid rgb(241, 134, 38);\" data-table-columns=\"1\" data-reconstraction=\"1\" role=\"table\" data-wptb-header-background-color=\"#f18626\" data-wptb-even-row-background-color=\"\" data-wptb-odd-row-background-color=\"\"><tbody><tr class=\"wptb-row\" style=\"background-color: rgb(241, 134, 38);\" data-wptb-bg-color=\"#f18626\"><td class=\"wptb-cell\" data-wptb-css-td-auto-width=\"true\" data-x-index=\"0\" data-y-index=\"0\" style=\"padding: 2px; border: 1px solid rgb(241, 134, 38);\"><div class=\"wptb-text-container wptb-ph-element wptb-element-text-1\" style=\"color: rgb(255, 255, 255); font-size: 16px;\"><div class=\"\" style=\"position: relative;\"><p class=\"\"><strong>FUN FACT<\/strong><\/p><\/div><\/div><\/td><\/tr><tr class=\"wptb-row\" data-wptb-bg-color=\"\"><td class=\"wptb-cell\" data-wptb-css-td-auto-width=\"true\" data-x-index=\"0\" data-y-index=\"1\" style=\"padding: 2px; border: 1px solid rgb(241, 134, 38);\"><div class=\"wptb-text-container wptb-ph-element wptb-element-text-2\" style=\"font-size: 15px; color: rgb(87, 87, 86);\"><div class=\"\" style=\"position: relative;\"><p>Montevecchia &egrave; nota per la produzione di erbe aromatiche officinali. La salvia e il rosmarino di Montevecchia sono stati infatti dichiarati prodotti agroalimentari tradizionali della Regione Lombardia.<\/p><\/div><\/div><\/td><\/tr><\/tbody><\/table><\/div><\/div>\n\n\n\n\n<figure class=\"wp-block-image size-large\"><img loading=\"lazy\" width=\"1024\" height=\"683\" src=\"https:\/\/thelibratravels.com\/wp-content\/uploads\/2021\/04\/Montevecchia-1024x683.jpg\" alt=\"Montevecchia \" class=\"wp-image-2161\" srcset=\"https:\/\/thelibratravels.com\/wp-content\/uploads\/2021\/04\/Montevecchia-1024x683.jpg 1024w, https:\/\/thelibratravels.com\/wp-content\/uploads\/2021\/04\/Montevecchia-300x200.jpg 300w, https:\/\/thelibratravels.com\/wp-content\/uploads\/2021\/04\/Montevecchia-768x512.jpg 768w, https:\/\/thelibratravels.com\/wp-content\/uploads\/2021\/04\/Montevecchia-1536x1024.jpg 1536w, https:\/\/thelibratravels.com\/wp-content\/uploads\/2021\/04\/Montevecchia-2048x1365.jpg 2048w\" sizes=\"(max-width: 1024px) 100vw, 1024px\" \/><figcaption><em>Montevecchia<\/em><\/figcaption><\/figure>\n\n\n\n<p>Un altro percorso che mi sento di consigliarti \u00e8 il <strong>percorso delle erbe officinali<\/strong>. Si tratta di una camminata di circa 4 km che passa attraverso alcuni terrazzamenti coltivati. Mi raccomando, non dimenticarti gli scarponcini da trekking! <a href=\"http:\/\/www.parcocurone.it\/fruizione\/audioguide\/erbe.html\">Qui<\/a> puoi trovare tutti i dettagli di questo percorso e anche una audio guida che spiega i vari punti che incontrerai nella camminata.<\/p>\n\n\n\n<p>All\u2019interno del Parco Regionale di Montevecchia e della Valle del Curone troverai <a href=\"https:\/\/www.oasigalbuserabianca.it\/\"><strong>l\u2019Oasi Galbusera Bianca<\/strong><\/a>, un agriturismo di charme creato all\u2019interno di un borgo del \u2018300 e immerso in un\u2019oasi WWF per la biodiversit\u00e0. E\u2019 il posto ideale se sei in cerca di un weekend detox a contatto con la natura e dove potrai prenderti cura di te, concederti un massaggio rilassante e assaggiare gli ottimi prodotti a km 0 dell\u2019Osteria BIO.<\/p>\n\n\n\n<h3 style=\"font-size:18px\"><span style=\"color:#f18626\" class=\"has-inline-color\"><strong>PASSEGGIATE IN BRIANZA<\/strong><\/span><\/h3>\n\n\n\n<p>Tra le camminate pi\u00f9 belle c\u2019\u00e8 sicuramente quella di <strong>Inverigo<\/strong>, nel Viale dei Cipressi. Panorami mozzafiato in un bellissimo percorso in tredici tappe di circa 4,5 km (a\/r). Ti consiglio di utilizzare i<a href=\"http:\/\/www.quelvialepercorso.it\/\"> QR code<\/a> che incontrerai lungo la via per scoprire la storia di ogni tappa del \u201cPaese delle ville di delizia\u201d.<\/p>\n\n\n\n<figure class=\"wp-block-image size-large\"><img loading=\"lazy\" width=\"1024\" height=\"684\" src=\"https:\/\/thelibratravels.com\/wp-content\/uploads\/2021\/04\/Inverigo-cipressi-1024x684.jpg\" alt=\"Viale alberato a Inverigo\" class=\"wp-image-2149\" srcset=\"https:\/\/thelibratravels.com\/wp-content\/uploads\/2021\/04\/Inverigo-cipressi-1024x684.jpg 1024w, https:\/\/thelibratravels.com\/wp-content\/uploads\/2021\/04\/Inverigo-cipressi-300x200.jpg 300w, https:\/\/thelibratravels.com\/wp-content\/uploads\/2021\/04\/Inverigo-cipressi-768x513.jpg 768w, https:\/\/thelibratravels.com\/wp-content\/uploads\/2021\/04\/Inverigo-cipressi-1536x1025.jpg 1536w, https:\/\/thelibratravels.com\/wp-content\/uploads\/2021\/04\/Inverigo-cipressi-2048x1367.jpg 2048w\" sizes=\"(max-width: 1024px) 100vw, 1024px\" \/><figcaption><em>Viale dei Cipressi, Inverigo<\/em><\/figcaption><\/figure>\n\n\n\n<p>Un\u2019altra bellissima camminata (di circa 1 ora) \u00e8 quella sul <strong>lago di Sartirana<\/strong>, nei pressi di Merate. Si tratta di una riserva naturale protetta proprio nel cuore della Brianza con un piccolo lago circondato da tantissimo verde. La camminata \u00e8 molto semplice e ed \u00e8 adatta a famiglie con bambini o semplicemente a chi ha voglia di godersi la natura, anche in solitudine.<\/p>\n\n\n\n<p>Un&#8217;altra passeggiata di cui vorrei parlarti \u00e8 quella sul <strong>Sentiero dei Proverbi<\/strong>, a Lissolo. Si tratta di un itinerario di circa 2 km di cui una parte nel bosco e una parte nel paesino. Nel bosco troverai tantissimi castagni e quindi, durante la stagione autunnale, potrai divertirti a raccoglierle.<\/p>\n\n\n\n<div class=\"wptb-table-container wptb-table-2150\"><div class=\"wptb-table-container-matrix\" id=\"wptb-table-id-2150\" data-wptb-version=\"1.3.13\" data-wptb-pro-status=\"false\"><table class=\"wptb-preview-table wptb-element-main-table_setting-279 edit-active\" data-wptb-adaptive-table=\"0\" data-wptb-cells-width-auto-count=\"1\" data-wptb-table-tds-sum-max-width=\"108\" style=\"border: 2px solid rgb(241, 134, 38);\" data-table-columns=\"1\" data-reconstraction=\"1\" role=\"table\" data-wptb-header-background-color=\"#f18626\" data-wptb-even-row-background-color=\"\" data-wptb-odd-row-background-color=\"\"><tbody><tr class=\"wptb-row\" style=\"background-color: rgb(241, 134, 38);\" data-wptb-bg-color=\"#f18626\"><td class=\"wptb-cell\" data-wptb-css-td-auto-width=\"true\" data-x-index=\"0\" data-y-index=\"0\" style=\"padding: 2px; border: 1px solid rgb(241, 134, 38);\"><div class=\"wptb-text-container wptb-ph-element wptb-element-text-1\" style=\"color: rgb(255, 255, 255); font-size: 16px;\"><div class=\"\" style=\"position: relative;\"><p class=\"\"><strong>FUN FACT<\/strong><\/p><\/div><\/div><\/td><\/tr><tr class=\"wptb-row\" data-wptb-bg-color=\"\"><td class=\"wptb-cell\" data-wptb-css-td-auto-width=\"true\" data-x-index=\"0\" data-y-index=\"1\" style=\"padding: 2px; border: 1px solid rgb(241, 134, 38);\"><div class=\"wptb-text-container wptb-ph-element wptb-element-text-2\" style=\"font-size: 15px; color: rgb(87, 87, 86);\"><div class=\"\" style=\"position: relative;\"><p>Questo sentiero si chiama cos&igrave; perch&egrave; lungo la strada troverai delle spesse tavole di legno sopra le quali sono riportati alcuni proverbi brianzoli illustrati dall&rsquo;artista Filippo Brunello.<\/p><\/div><\/div><\/td><\/tr><\/tbody><\/table><\/div><\/div>\n\n\n\n\n<p>I <strong>laghi Briantei<\/strong> sono dei laghetti di origine glaciale che si trovano in Alta Brianza. Il pi\u00f9 grande \u00e8 il lago di Annone e poi si trova il lago di Pusiano, il lago del Segrino e il lago di Alserio. Intorno ai laghi briantei \u00e8 possibile fare delle passeggiate a piedi oppure in mountain bike e fermarsi a fare un pic-nic nelle aree apposite. Potrai anche noleggiare la barca, la canoa o il kayak.<\/p>\n\n\n\n<div class=\"wptb-table-container wptb-table-2151\"><div class=\"wptb-table-container-matrix\" id=\"wptb-table-id-2151\" data-wptb-version=\"1.3.13\" data-wptb-pro-status=\"false\"><table class=\"wptb-preview-table wptb-element-main-table_setting-279\" data-wptb-adaptive-table=\"0\" data-wptb-cells-width-auto-count=\"1\" data-wptb-table-tds-sum-max-width=\"107.99305999999999\" style=\"border: 2px solid rgb(129, 153, 206);\" data-table-columns=\"1\" data-reconstraction=\"1\" role=\"table\" data-wptb-header-background-color=\"#8199ce\" data-wptb-even-row-background-color=\"\" data-wptb-odd-row-background-color=\"\"><tbody><tr class=\"wptb-row\" style=\"background-color: rgb(129, 153, 206);\" data-wptb-bg-color=\"#8199ce\"><td class=\"wptb-cell\" data-wptb-css-td-auto-width=\"true\" data-x-index=\"0\" data-y-index=\"0\" style=\"padding: 2px; border: 1px solid rgb(129, 153, 206);\"><div class=\"wptb-text-container wptb-ph-element wptb-element-text-1\" style=\"color: rgb(255, 255, 255); font-size: 16px;\"><div class=\"\" style=\"position: relative;\"><strong>TRAVEL TIP<\/strong><p class=\"\"><\/p><\/div><\/div><\/td><\/tr><tr class=\"wptb-row\" data-wptb-bg-color=\"\"><td class=\"wptb-cell\" data-wptb-css-td-auto-width=\"true\" data-x-index=\"0\" data-y-index=\"1\" style=\"padding: 2px; border: 1px solid rgb(129, 153, 206);\"><div class=\"wptb-text-container wptb-ph-element wptb-element-text-2 edit-active\" style=\"font-size: 15px; color: rgb(87, 87, 86);\"><div class=\"\" style=\"position: relative;\"><p class=\"\">Per godere di una vista meravigliosa sui laghi Briantei, ti consiglio di fare un&rsquo;escursione al Parco del Monte Barro&hellip; vedrai che spettacolo!<\/p><\/div><\/div><\/td><\/tr><\/tbody><\/table><\/div><\/div>\n\n\n\n\n<div class=\"wptb-table-container wptb-table-2152\"><div class=\"wptb-table-container-matrix\" id=\"wptb-table-id-2152\" data-wptb-version=\"1.3.13\" data-wptb-pro-status=\"false\"><table class=\"wptb-preview-table wptb-element-main-table_setting-279 edit-active\" data-wptb-adaptive-table=\"0\" data-wptb-cells-width-auto-count=\"1\" data-wptb-table-tds-sum-max-width=\"107.99305999999999\" style=\"border: 2px solid rgb(241, 134, 38);\" data-table-columns=\"1\" data-reconstraction=\"1\" role=\"table\" data-wptb-header-background-color=\"#f18626\" data-wptb-even-row-background-color=\"\" data-wptb-odd-row-background-color=\"\"><tbody><tr class=\"wptb-row\" style=\"background-color: rgb(241, 134, 38);\" data-wptb-bg-color=\"#f18626\"><td class=\"wptb-cell\" data-wptb-css-td-auto-width=\"true\" data-x-index=\"0\" data-y-index=\"0\" style=\"padding: 2px; border: 1px solid rgb(241, 134, 38);\"><div class=\"wptb-text-container wptb-ph-element wptb-element-text-1\" style=\"color: rgb(255, 255, 255); font-size: 16px;\"><div class=\"\" style=\"position: relative;\"><p class=\"\"><strong>FUN FACT<\/strong><\/p><\/div><\/div><\/td><\/tr><tr class=\"wptb-row\" data-wptb-bg-color=\"\"><td class=\"wptb-cell\" data-wptb-css-td-auto-width=\"true\" data-x-index=\"0\" data-y-index=\"1\" style=\"padding: 2px; border: 1px solid rgb(241, 134, 38);\"><div class=\"wptb-text-container wptb-ph-element wptb-element-text-2\" style=\"font-size: 15px; color: rgb(87, 87, 86);\"><div class=\"\" style=\"position: relative;\"><p>Sul lago di Pusiano c&rsquo;&egrave; la piccola isola dei Cipressi, di propriet&agrave; di una famiglia milanese, che deve il suo nome alla presenza sull&rsquo;isola di 130 cipressi. Sull&rsquo;isola dei cipressi si trovano i Wallaby, marsupiali simili ai canguri ma pi&ugrave; piccoli. Fino al 2018 era possibile visitare l&rsquo;isola prendendo un battello, ma in seguito la famiglia proprietaria dell&rsquo;isola ha deciso di vietare l&rsquo;accesso ai visitatori.<\/p><\/div><\/div><\/td><\/tr><\/tbody><\/table><\/div><\/div>\n\n\n\n\n<p>Il<strong> lago di Annone<\/strong>, oltre ad essere il pi\u00f9 grande tra i laghi Briantei, \u00e8 molto caratteristico perch\u00e9 \u00e8 attraversato e tagliato in due da una penisola chiamata Penisola di Isella. La parte pi\u00f9 estesa del lago di Annone prende il nome di <strong>Lago di Oggiono<\/strong> e inoltre, il lago \u00e8 noto anche per il percorso ciclopedonale che lo circonda, che conta ben 14 km.<\/p>\n\n\n\n<p>Se sei un amante dei ciliegi, ti consiglio di fare una passeggiata a <strong>Vergo Zoccorino<\/strong> (tra Besana Brianza e Briosco) dove troverai il ciliegio selvatico pi\u00f9 grande d\u2019Italia, chiamato anche \u201cCiliegio Magico\u201d. E\u2019 alto 24 metri e si stima che abbia tra i 150 e i 200 anni.<\/p>\n\n\n\n<div class=\"wptb-table-container wptb-table-2154\"><div class=\"wptb-table-container-matrix\" id=\"wptb-table-id-2154\" data-wptb-version=\"1.3.13\" data-wptb-pro-status=\"false\"><table class=\"wptb-preview-table wptb-element-main-table_setting-279\" data-wptb-adaptive-table=\"0\" data-wptb-cells-width-auto-count=\"1\" data-wptb-table-tds-sum-max-width=\"107.99305999999999\" style=\"border: 2px solid rgb(241, 134, 38);\" data-table-columns=\"1\" data-reconstraction=\"1\" role=\"table\" data-wptb-header-background-color=\"#f18626\" data-wptb-even-row-background-color=\"\" data-wptb-odd-row-background-color=\"\"><tbody><tr class=\"wptb-row\" style=\"background-color: rgb(241, 134, 38);\" data-wptb-bg-color=\"#f18626\"><td class=\"wptb-cell\" data-wptb-css-td-auto-width=\"true\" data-x-index=\"0\" data-y-index=\"0\" style=\"padding: 2px; border: 1px solid rgb(241, 134, 38);\"><div class=\"wptb-text-container wptb-ph-element wptb-element-text-1\" style=\"color: rgb(255, 255, 255); font-size: 16px;\"><div class=\"\" style=\"position: relative;\"><p class=\"\"><strong>FUN FACT<\/strong><\/p><\/div><\/div><\/td><\/tr><tr class=\"wptb-row\" data-wptb-bg-color=\"\"><td class=\"wptb-cell\" data-wptb-css-td-auto-width=\"true\" data-x-index=\"0\" data-y-index=\"1\" style=\"padding: 2px; border: 1px solid rgb(241, 134, 38);\"><div class=\"wptb-text-container wptb-ph-element wptb-element-text-2 edit-active\" style=\"font-size: 15px; color: rgb(87, 87, 86);\"><div class=\"\" style=\"position: relative;\"><p>Il Ministero delle Politiche Agricole ha recentemente inserito il ciliegio brianzolo tra i 2.400 alberi monumentali d&rsquo;Italia grazie al suo valore biologico ed ecologico.<\/p><\/div><\/div><\/td><\/tr><\/tbody><\/table><\/div><\/div>\n\n\n\n\n<p>A Briosco si trova la <strong>Rossini Art Site<\/strong>, una fondazione artistica fondata dall\u2019imprenditore brianzolo Alberto Rossini. Si tratta di un parco di sculture di ben 10 ettari che accoglie la collezione artistica di Rossini e in cui risiedono opere di artisti internazionali del calibro di Gi\u00f2 Pomodoro, Fausto Melotti, Andrea Cascella e Pietro Consagra. <\/p>\n\n\n\n<p>Rossini Art Site offre l\u2019opportunit\u00e0 di immergersi nell\u2019arte senza rinunciare alla possibilit\u00e0 di trascorrere una giornata all\u2019aria aperta, circondati dal meraviglioso panorama del Parco della Valle del Lambro. Sul loro <a href=\"http:\/\/www.rossiniartsite.com\/\">sito web<\/a> trovate tutte le informazioni, gli orari e i prezzi relativi alla tipologia di visite guidate e ai percorsi che offrono.<\/p>\n\n\n\n<div class=\"wptb-table-container wptb-table-2155\"><div class=\"wptb-table-container-matrix\" id=\"wptb-table-id-2155\" data-wptb-version=\"1.3.13\" data-wptb-pro-status=\"false\"><table class=\"wptb-preview-table wptb-element-main-table_setting-279 edit-active\" data-wptb-adaptive-table=\"0\" data-wptb-cells-width-auto-count=\"1\" data-wptb-table-tds-sum-max-width=\"107.99305999999999\" style=\"border: 2px solid rgb(129, 153, 206);\" data-table-columns=\"1\" data-reconstraction=\"1\" role=\"table\" data-wptb-header-background-color=\"#8199ce\" data-wptb-even-row-background-color=\"\" data-wptb-odd-row-background-color=\"\"><tbody><tr class=\"wptb-row\" style=\"background-color: rgb(129, 153, 206);\" data-wptb-bg-color=\"#8199ce\"><td class=\"wptb-cell\" data-wptb-css-td-auto-width=\"true\" data-x-index=\"0\" data-y-index=\"0\" style=\"padding: 2px; border: 1px solid rgb(129, 153, 206);\"><div class=\"wptb-text-container wptb-ph-element wptb-element-text-1\" style=\"color: rgb(255, 255, 255); font-size: 16px;\"><div class=\"\" style=\"position: relative;\"><strong>TRAVEL TIP<\/strong><p class=\"\"><\/p><\/div><\/div><\/td><\/tr><tr class=\"wptb-row\" data-wptb-bg-color=\"\"><td class=\"wptb-cell\" data-wptb-css-td-auto-width=\"true\" data-x-index=\"0\" data-y-index=\"1\" style=\"padding: 2px; border: 1px solid rgb(129, 153, 206);\"><div class=\"wptb-text-container wptb-ph-element wptb-element-text-2\" style=\"font-size: 15px; color: rgb(87, 87, 86);\"><div class=\"\" style=\"position: relative;\"><p class=\"\">A Briosco troverai la Pastizzeria, nota per essere una pasticceria artigianale che produce unicamente prodotti dolciari senza glutine.<\/p><\/div><\/div><\/td><\/tr><\/tbody><\/table><\/div><\/div>\n\n\n\n\n<div class=\"wptb-table-container wptb-table-2172\"><div class=\"wptb-table-container-matrix\" id=\"wptb-table-id-2172\" data-wptb-version=\"1.3.13\" data-wptb-pro-status=\"false\"><table class=\"wptb-preview-table wptb-element-main-table_setting-279 edit-active\" data-wptb-adaptive-table=\"0\" data-wptb-cells-width-auto-count=\"1\" data-wptb-table-tds-sum-max-width=\"113.99305999999999\" style=\"border: 2px solid rgb(249, 178, 51);\" data-table-columns=\"1\" data-reconstraction=\"1\" role=\"table\" data-wptb-header-background-color=\"#f9b233\" data-wptb-even-row-background-color=\"\" data-wptb-odd-row-background-color=\"\"><tbody><tr class=\"wptb-row\" style=\"background-color: rgb(249, 178, 51);\" data-wptb-bg-color=\"#f9b233\"><td class=\"wptb-cell\" data-wptb-css-td-auto-width=\"true\" data-x-index=\"0\" data-y-index=\"0\" style=\"padding: 5px; border: 1px solid rgb(249, 178, 51);\"><div class=\"wptb-text-container wptb-ph-element wptb-element-text-1\" style=\"color: rgb(255, 255, 255); font-size: 16px;\"><div class=\"\" style=\"position: relative;\"><p class=\"\"><strong>TRADITIONAL FOOD<\/strong><\/p><\/div><\/div><\/td><\/tr><tr class=\"wptb-row\" data-wptb-bg-color=\"\"><td class=\"wptb-cell\" data-wptb-css-td-auto-width=\"true\" data-x-index=\"0\" data-y-index=\"1\" style=\"padding: 5px; border: 1px solid rgb(249, 178, 51);\"><div class=\"wptb-list-container wptb-ph-element wptb-element-list-1\"><ul>            <li class=\"wptb-in-element\">                <div class=\"wptb-list-item-content\" style=\"position: relative;\"><p data-list-style-type-index=\"1.\" style=\"color: #575756;\">Cazzoeula -&nbsp;piatto invernale tipico della tradizione lombarda, a base di verza e delle parti meno nobili del maiale<\/p><\/div>            <\/li><li class=\"wptb-in-element\">                <div class=\"wptb-list-item-content\" style=\"position: relative;\"><p data-list-style-type-index=\"2.\" style=\"color: #575756;\">Risotto alla monzese -&nbsp;il cui ingrediente base &egrave; la salsiccia luganega, accompagnato da altri ingredienti tra cui lo zafferano (anche se pare che la ricetta originale non lo prevedesse)<\/p><\/div>            <\/li><li class=\"wptb-in-element\">                <div class=\"wptb-list-item-content\" style=\"position: relative;\"><p data-list-style-type-index=\"3.\" style=\"color: #575756;\">Trippa (o Buseca) -&nbsp;minestra a base di frattaglie ricavate da alcune parti del bovino<\/p><\/div>            <\/li>            <li class=\"wptb-in-element\">                <div class=\"wptb-list-item-content\" style=\"position: relative;\"><p data-list-style-type-index=\"4.\" style=\"color: #575756;\">Biscotti di San Gerardo -&nbsp;&nbsp;squisiti biscotti secchi a lunga conservazione<\/p><\/div>            <\/li><li class=\"wptb-in-element\">                <div class=\"wptb-list-item-content\" style=\"position: relative;\"><p data-list-style-type-index=\"5.\" style=\"color: #575756;\">Torta Paesana -&nbsp;torta tradizionale lombarda a base di cacao, pane raffermo e latte, a cui spesso vengono aggiunti vari ingredienti tra cui amaretti, pinoli, uvetta o canditi<\/p><\/div>            <\/li>                    <\/ul><\/div><\/td><\/tr><\/tbody><\/table><\/div><\/div>\n\n\n\n\n<iframe src=\"https:\/\/open.spotify.com\/embed\/playlist\/2NAwVYJSLL7d6ynFKteFL1\" width=\"300\" height=\"380\" frameborder=\"0\" allowtransparency=\"true\" allow=\"encrypted-media\"><\/iframe>\n\n\n\n<p>E tu sei mai stato\/a in Brianza? Raccontaci nei commenti le passeggiate pi\u00f9 belle che hai fatto!<\/p>\n","protected":false},"excerpt":{"rendered":"<p>\u2022 Una giornata in Brianza \u2022 La Brianza \u00e8 una terra tutta da scoprire che ci offre un preziosissimo patrimonio naturalistico e culturale. \u00c8 l\u2019ideale per una fuga in giornata da Milano, per un\u2019escursione in montagna o per una passeggiata sul lungo lago. La Brianza non coincide con un comune preciso: si estende infatti dalla [&hellip;]<\/p>\n","protected":false},"author":1,"featured_media":2143,"comment_status":"open","ping_status":"open","sticky":false,"template":"","format":"standard","meta":{"_mi_skip_tracking":false,"_monsterinsights_sitenote_active":false,"_monsterinsights_sitenote_note":"","_monsterinsights_sitenote_category":0},"categories":[1,84],"tags":[41,45],"table_tags":[],"yoast_head":"<!-- This site is optimized with the Yoast SEO plugin v17.7 - https:\/\/yoast.com\/wordpress\/plugins\/seo\/ -->\n<title>Una giornata in Brianza, tra cultura e panorami mozzafiato<\/title>\n<meta name=\"description\" content=\"La Brianza \u00e8 una terra tutta da scoprire che ci offre un preziosissimo patrimonio naturalistico e culturale. L\u2019ideale per una gita fuoriporta\" \/>\n<meta name=\"robots\" content=\"index, follow, max-snippet:-1, max-image-preview:large, max-video-preview:-1\" \/>\n<link rel=\"canonical\" href=\"https:\/\/thelibratravels.com\/index.php\/2021\/04\/12\/una-giornata-in-brianza-tra-cultura-e-panorami-mozzafiato\/\" \/>\n<meta property=\"og:locale\" content=\"en_US\" \/>\n<meta property=\"og:type\" content=\"article\" \/>\n<meta property=\"og:title\" content=\"Una giornata in Brianza, tra cultura e panorami mozzafiato\" \/>\n<meta property=\"og:description\" content=\"La Brianza \u00e8 una terra tutta da scoprire che ci offre un preziosissimo patrimonio naturalistico e culturale. L\u2019ideale per una gita fuoriporta\" \/>\n<meta property=\"og:url\" content=\"https:\/\/thelibratravels.com\/index.php\/2021\/04\/12\/una-giornata-in-brianza-tra-cultura-e-panorami-mozzafiato\/\" \/>\n<meta property=\"og:site_name\" content=\"The Libra Travels\" \/>\n<meta property=\"article:published_time\" content=\"2021-04-12T06:00:00+00:00\" \/>\n<meta property=\"article:modified_time\" content=\"2024-08-10T19:15:42+00:00\" \/>\n<meta property=\"og:image\" content=\"https:\/\/thelibratravels.com\/wp-content\/uploads\/2021\/04\/Brianza.jpeg\" \/>\n\t<meta property=\"og:image:width\" content=\"1683\" \/>\n\t<meta property=\"og:image:height\" content=\"1006\" \/>\n<meta name=\"twitter:card\" content=\"summary_large_image\" \/>\n<meta name=\"twitter:label1\" content=\"Written by\" \/>\n\t<meta name=\"twitter:data1\" content=\"Benedetta\" \/>\n\t<meta name=\"twitter:label2\" content=\"Est. reading time\" \/>\n\t<meta name=\"twitter:data2\" content=\"8 minutes\" \/>\n<script type=\"application\/ld+json\" class=\"yoast-schema-graph\">{\"@context\":\"https:\/\/schema.org\",\"@graph\":[{\"@type\":\"Organization\",\"@id\":\"https:\/\/thelibratravels.com\/#organization\",\"name\":\"The Libra Travels\",\"url\":\"https:\/\/thelibratravels.com\/\",\"sameAs\":[],\"logo\":{\"@type\":\"ImageObject\",\"@id\":\"https:\/\/thelibratravels.com\/#logo\",\"inLanguage\":\"en-US\",\"url\":\"https:\/\/thelibratravels.com\/wp-content\/uploads\/2021\/03\/logo_orizzontale.jpg\",\"contentUrl\":\"https:\/\/thelibratravels.com\/wp-content\/uploads\/2021\/03\/logo_orizzontale.jpg\",\"width\":1260,\"height\":704,\"caption\":\"The Libra Travels\"},\"image\":{\"@id\":\"https:\/\/thelibratravels.com\/#logo\"}},{\"@type\":\"WebSite\",\"@id\":\"https:\/\/thelibratravels.com\/#website\",\"url\":\"https:\/\/thelibratravels.com\/\",\"name\":\"The Libra Travels\",\"description\":\"Inspiring stories\",\"publisher\":{\"@id\":\"https:\/\/thelibratravels.com\/#organization\"},\"potentialAction\":[{\"@type\":\"SearchAction\",\"target\":{\"@type\":\"EntryPoint\",\"urlTemplate\":\"https:\/\/thelibratravels.com\/?s={search_term_string}\"},\"query-input\":\"required name=search_term_string\"}],\"inLanguage\":\"en-US\"},{\"@type\":\"ImageObject\",\"@id\":\"https:\/\/thelibratravels.com\/index.php\/2021\/04\/12\/una-giornata-in-brianza-tra-cultura-e-panorami-mozzafiato\/#primaryimage\",\"inLanguage\":\"en-US\",\"url\":\"https:\/\/thelibratravels.com\/wp-content\/uploads\/2021\/04\/Brianza.jpeg\",\"contentUrl\":\"https:\/\/thelibratravels.com\/wp-content\/uploads\/2021\/04\/Brianza.jpeg\",\"width\":1683,\"height\":1006,\"caption\":\"brianza laghi\"},{\"@type\":\"WebPage\",\"@id\":\"https:\/\/thelibratravels.com\/index.php\/2021\/04\/12\/una-giornata-in-brianza-tra-cultura-e-panorami-mozzafiato\/#webpage\",\"url\":\"https:\/\/thelibratravels.com\/index.php\/2021\/04\/12\/una-giornata-in-brianza-tra-cultura-e-panorami-mozzafiato\/\",\"name\":\"Una giornata in Brianza, tra cultura e panorami mozzafiato\",\"isPartOf\":{\"@id\":\"https:\/\/thelibratravels.com\/#website\"},\"primaryImageOfPage\":{\"@id\":\"https:\/\/thelibratravels.com\/index.php\/2021\/04\/12\/una-giornata-in-brianza-tra-cultura-e-panorami-mozzafiato\/#primaryimage\"},\"datePublished\":\"2021-04-12T06:00:00+00:00\",\"dateModified\":\"2024-08-10T19:15:42+00:00\",\"description\":\"La Brianza \\u00e8 una terra tutta da scoprire che ci offre un preziosissimo patrimonio naturalistico e culturale. L\\u2019ideale per una gita fuoriporta\",\"breadcrumb\":{\"@id\":\"https:\/\/thelibratravels.com\/index.php\/2021\/04\/12\/una-giornata-in-brianza-tra-cultura-e-panorami-mozzafiato\/#breadcrumb\"},\"inLanguage\":\"en-US\",\"potentialAction\":[{\"@type\":\"ReadAction\",\"target\":[\"https:\/\/thelibratravels.com\/index.php\/2021\/04\/12\/una-giornata-in-brianza-tra-cultura-e-panorami-mozzafiato\/\"]}]},{\"@type\":\"BreadcrumbList\",\"@id\":\"https:\/\/thelibratravels.com\/index.php\/2021\/04\/12\/una-giornata-in-brianza-tra-cultura-e-panorami-mozzafiato\/#breadcrumb\",\"itemListElement\":[{\"@type\":\"ListItem\",\"position\":1,\"name\":\"Home\",\"item\":\"https:\/\/thelibratravels.com\/\"},{\"@type\":\"ListItem\",\"position\":2,\"name\":\"Una giornata in Brianza, tra cultura e panorami mozzafiato\"}]},{\"@type\":\"Article\",\"@id\":\"https:\/\/thelibratravels.com\/index.php\/2021\/04\/12\/una-giornata-in-brianza-tra-cultura-e-panorami-mozzafiato\/#article\",\"isPartOf\":{\"@id\":\"https:\/\/thelibratravels.com\/index.php\/2021\/04\/12\/una-giornata-in-brianza-tra-cultura-e-panorami-mozzafiato\/#webpage\"},\"author\":{\"@id\":\"https:\/\/thelibratravels.com\/#\/schema\/person\/6a37ce263ff19c65fce4174c39a93a24\"},\"headline\":\"Una giornata in Brianza, tra cultura e panorami mozzafiato\",\"datePublished\":\"2021-04-12T06:00:00+00:00\",\"dateModified\":\"2024-08-10T19:15:42+00:00\",\"mainEntityOfPage\":{\"@id\":\"https:\/\/thelibratravels.com\/index.php\/2021\/04\/12\/una-giornata-in-brianza-tra-cultura-e-panorami-mozzafiato\/#webpage\"},\"wordCount\":1357,\"commentCount\":0,\"publisher\":{\"@id\":\"https:\/\/thelibratravels.com\/#organization\"},\"image\":{\"@id\":\"https:\/\/thelibratravels.com\/index.php\/2021\/04\/12\/una-giornata-in-brianza-tra-cultura-e-panorami-mozzafiato\/#primaryimage\"},\"thumbnailUrl\":\"https:\/\/thelibratravels.com\/wp-content\/uploads\/2021\/04\/Brianza.jpeg\",\"keywords\":[\"Comitiva\",\"Sportivo\"],\"articleSection\":[\"Italia\",\"Lombardia\"],\"inLanguage\":\"en-US\",\"potentialAction\":[{\"@type\":\"CommentAction\",\"name\":\"Comment\",\"target\":[\"https:\/\/thelibratravels.com\/index.php\/2021\/04\/12\/una-giornata-in-brianza-tra-cultura-e-panorami-mozzafiato\/#respond\"]}]},{\"@type\":\"Person\",\"@id\":\"https:\/\/thelibratravels.com\/#\/schema\/person\/6a37ce263ff19c65fce4174c39a93a24\",\"name\":\"Benedetta\",\"image\":{\"@type\":\"ImageObject\",\"@id\":\"https:\/\/thelibratravels.com\/#personlogo\",\"inLanguage\":\"en-US\",\"url\":\"https:\/\/secure.gravatar.com\/avatar\/2d9578793bdcdfb13a6bee3ffa2702ce?s=96&d=wavatar&r=g\",\"contentUrl\":\"https:\/\/secure.gravatar.com\/avatar\/2d9578793bdcdfb13a6bee3ffa2702ce?s=96&d=wavatar&r=g\",\"caption\":\"Benedetta\"},\"url\":\"https:\/\/thelibratravels.com\/index.php\/author\/admin6791\/\"}]}<\/script>\n<!-- \/ Yoast SEO plugin. -->","yoast_head_json":{"title":"Una giornata in Brianza, tra cultura e panorami mozzafiato","description":"La Brianza \u00e8 una terra tutta da scoprire che ci offre un preziosissimo patrimonio naturalistico e culturale. L\u2019ideale per una gita fuoriporta","robots":{"index":"index","follow":"follow","max-snippet":"max-snippet:-1","max-image-preview":"max-image-preview:large","max-video-preview":"max-video-preview:-1"},"canonical":"https:\/\/thelibratravels.com\/index.php\/2021\/04\/12\/una-giornata-in-brianza-tra-cultura-e-panorami-mozzafiato\/","og_locale":"en_US","og_type":"article","og_title":"Una giornata in Brianza, tra cultura e panorami mozzafiato","og_description":"La Brianza \u00e8 una terra tutta da scoprire che ci offre un preziosissimo patrimonio naturalistico e culturale. L\u2019ideale per una gita fuoriporta","og_url":"https:\/\/thelibratravels.com\/index.php\/2021\/04\/12\/una-giornata-in-brianza-tra-cultura-e-panorami-mozzafiato\/","og_site_name":"The Libra Travels","article_published_time":"2021-04-12T06:00:00+00:00","article_modified_time":"2024-08-10T19:15:42+00:00","og_image":[{"width":1683,"height":1006,"url":"https:\/\/thelibratravels.com\/wp-content\/uploads\/2021\/04\/Brianza.jpeg","type":"image\/jpeg"}],"twitter_card":"summary_large_image","twitter_misc":{"Written by":"Benedetta","Est. reading time":"8 minutes"},"schema":{"@context":"https:\/\/schema.org","@graph":[{"@type":"Organization","@id":"https:\/\/thelibratravels.com\/#organization","name":"The Libra Travels","url":"https:\/\/thelibratravels.com\/","sameAs":[],"logo":{"@type":"ImageObject","@id":"https:\/\/thelibratravels.com\/#logo","inLanguage":"en-US","url":"https:\/\/thelibratravels.com\/wp-content\/uploads\/2021\/03\/logo_orizzontale.jpg","contentUrl":"https:\/\/thelibratravels.com\/wp-content\/uploads\/2021\/03\/logo_orizzontale.jpg","width":1260,"height":704,"caption":"The Libra Travels"},"image":{"@id":"https:\/\/thelibratravels.com\/#logo"}},{"@type":"WebSite","@id":"https:\/\/thelibratravels.com\/#website","url":"https:\/\/thelibratravels.com\/","name":"The Libra Travels","description":"Inspiring stories","publisher":{"@id":"https:\/\/thelibratravels.com\/#organization"},"potentialAction":[{"@type":"SearchAction","target":{"@type":"EntryPoint","urlTemplate":"https:\/\/thelibratravels.com\/?s={search_term_string}"},"query-input":"required name=search_term_string"}],"inLanguage":"en-US"},{"@type":"ImageObject","@id":"https:\/\/thelibratravels.com\/index.php\/2021\/04\/12\/una-giornata-in-brianza-tra-cultura-e-panorami-mozzafiato\/#primaryimage","inLanguage":"en-US","url":"https:\/\/thelibratravels.com\/wp-content\/uploads\/2021\/04\/Brianza.jpeg","contentUrl":"https:\/\/thelibratravels.com\/wp-content\/uploads\/2021\/04\/Brianza.jpeg","width":1683,"height":1006,"caption":"brianza laghi"},{"@type":"WebPage","@id":"https:\/\/thelibratravels.com\/index.php\/2021\/04\/12\/una-giornata-in-brianza-tra-cultura-e-panorami-mozzafiato\/#webpage","url":"https:\/\/thelibratravels.com\/index.php\/2021\/04\/12\/una-giornata-in-brianza-tra-cultura-e-panorami-mozzafiato\/","name":"Una giornata in Brianza, tra cultura e panorami mozzafiato","isPartOf":{"@id":"https:\/\/thelibratravels.com\/#website"},"primaryImageOfPage":{"@id":"https:\/\/thelibratravels.com\/index.php\/2021\/04\/12\/una-giornata-in-brianza-tra-cultura-e-panorami-mozzafiato\/#primaryimage"},"datePublished":"2021-04-12T06:00:00+00:00","dateModified":"2024-08-10T19:15:42+00:00","description":"La Brianza \u00e8 una terra tutta da scoprire che ci offre un preziosissimo patrimonio naturalistico e culturale. L\u2019ideale per una gita fuoriporta","breadcrumb":{"@id":"https:\/\/thelibratravels.com\/index.php\/2021\/04\/12\/una-giornata-in-brianza-tra-cultura-e-panorami-mozzafiato\/#breadcrumb"},"inLanguage":"en-US","potentialAction":[{"@type":"ReadAction","target":["https:\/\/thelibratravels.com\/index.php\/2021\/04\/12\/una-giornata-in-brianza-tra-cultura-e-panorami-mozzafiato\/"]}]},{"@type":"BreadcrumbList","@id":"https:\/\/thelibratravels.com\/index.php\/2021\/04\/12\/una-giornata-in-brianza-tra-cultura-e-panorami-mozzafiato\/#breadcrumb","itemListElement":[{"@type":"ListItem","position":1,"name":"Home","item":"https:\/\/thelibratravels.com\/"},{"@type":"ListItem","position":2,"name":"Una giornata in Brianza, tra cultura e panorami mozzafiato"}]},{"@type":"Article","@id":"https:\/\/thelibratravels.com\/index.php\/2021\/04\/12\/una-giornata-in-brianza-tra-cultura-e-panorami-mozzafiato\/#article","isPartOf":{"@id":"https:\/\/thelibratravels.com\/index.php\/2021\/04\/12\/una-giornata-in-brianza-tra-cultura-e-panorami-mozzafiato\/#webpage"},"author":{"@id":"https:\/\/thelibratravels.com\/#\/schema\/person\/6a37ce263ff19c65fce4174c39a93a24"},"headline":"Una giornata in Brianza, tra cultura e panorami mozzafiato","datePublished":"2021-04-12T06:00:00+00:00","dateModified":"2024-08-10T19:15:42+00:00","mainEntityOfPage":{"@id":"https:\/\/thelibratravels.com\/index.php\/2021\/04\/12\/una-giornata-in-brianza-tra-cultura-e-panorami-mozzafiato\/#webpage"},"wordCount":1357,"commentCount":0,"publisher":{"@id":"https:\/\/thelibratravels.com\/#organization"},"image":{"@id":"https:\/\/thelibratravels.com\/index.php\/2021\/04\/12\/una-giornata-in-brianza-tra-cultura-e-panorami-mozzafiato\/#primaryimage"},"thumbnailUrl":"https:\/\/thelibratravels.com\/wp-content\/uploads\/2021\/04\/Brianza.jpeg","keywords":["Comitiva","Sportivo"],"articleSection":["Italia","Lombardia"],"inLanguage":"en-US","potentialAction":[{"@type":"CommentAction","name":"Comment","target":["https:\/\/thelibratravels.com\/index.php\/2021\/04\/12\/una-giornata-in-brianza-tra-cultura-e-panorami-mozzafiato\/#respond"]}]},{"@type":"Person","@id":"https:\/\/thelibratravels.com\/#\/schema\/person\/6a37ce263ff19c65fce4174c39a93a24","name":"Benedetta","image":{"@type":"ImageObject","@id":"https:\/\/thelibratravels.com\/#personlogo","inLanguage":"en-US","url":"https:\/\/secure.gravatar.com\/avatar\/2d9578793bdcdfb13a6bee3ffa2702ce?s=96&d=wavatar&r=g","contentUrl":"https:\/\/secure.gravatar.com\/avatar\/2d9578793bdcdfb13a6bee3ffa2702ce?s=96&d=wavatar&r=g","caption":"Benedetta"},"url":"https:\/\/thelibratravels.com\/index.php\/author\/admin6791\/"}]}},"_links":{"self":[{"href":"https:\/\/thelibratravels.com\/index.php\/wp-json\/wp\/v2\/posts\/2134"}],"collection":[{"href":"https:\/\/thelibratravels.com\/index.php\/wp-json\/wp\/v2\/posts"}],"about":[{"href":"https:\/\/thelibratravels.com\/index.php\/wp-json\/wp\/v2\/types\/post"}],"author":[{"embeddable":true,"href":"https:\/\/thelibratravels.com\/index.php\/wp-json\/wp\/v2\/users\/1"}],"replies":[{"embeddable":true,"href":"https:\/\/thelibratravels.com\/index.php\/wp-json\/wp\/v2\/comments?post=2134"}],"version-history":[{"count":16,"href":"https:\/\/thelibratravels.com\/index.php\/wp-json\/wp\/v2\/posts\/2134\/revisions"}],"predecessor-version":[{"id":5059,"href":"https:\/\/thelibratravels.com\/index.php\/wp-json\/wp\/v2\/posts\/2134\/revisions\/5059"}],"wp:featuredmedia":[{"embeddable":true,"href":"https:\/\/thelibratravels.com\/index.php\/wp-json\/wp\/v2\/media\/2143"}],"wp:attachment":[{"href":"https:\/\/thelibratravels.com\/index.php\/wp-json\/wp\/v2\/media?parent=2134"}],"wp:term":[{"taxonomy":"category","embeddable":true,"href":"https:\/\/thelibratravels.com\/index.php\/wp-json\/wp\/v2\/categories?post=2134"},{"taxonomy":"post_tag","embeddable":true,"href":"https:\/\/thelibratravels.com\/index.php\/wp-json\/wp\/v2\/tags?post=2134"},{"taxonomy":"table_tags","embeddable":true,"href":"https:\/\/thelibratravels.com\/index.php\/wp-json\/wp\/v2\/table_tags?post=2134"}],"curies":[{"name":"wp","href":"https:\/\/api.w.org\/{rel}","templated":true}]}}