{"id":2712,"date":"2021-06-13T23:48:07","date_gmt":"2021-06-13T21:48:07","guid":{"rendered":"https:\/\/thelibratravels.com\/?p=2712"},"modified":"2022-05-17T22:11:53","modified_gmt":"2022-05-17T20:11:53","slug":"attivita-culturali-da-fare-a-milano-gallerie-darte-case-museo-e-tanto-altro","status":"publish","type":"post","link":"https:\/\/thelibratravels.com\/index.php\/2021\/06\/13\/attivita-culturali-da-fare-a-milano-gallerie-darte-case-museo-e-tanto-altro\/","title":{"rendered":"Attivit\u00e0 culturali da fare a Milano: gallerie d\u2019arte, case-museo e tanto altro"},"content":{"rendered":"\n<h2><strong>\u2022 Le gallerie d\u2019arte, case-museo e attivit\u00e0 culturali pi\u00f9 belle di Milano \u2022<\/strong><\/h2>\n\n\n\n<blockquote class=\"wp-block-quote\"><p><em>Dopo \u201c<a href=\"https:\/\/thelibratravels.com\/index.php\/2021\/04\/19\/cose-da-vedere-almeno-una-volta-nella-vita-musei-milano\/\" target=\"_blank\" rel=\"noreferrer noopener\">Cose da vedere almeno una volta nella vita a Milano: Musei<\/a>\u201d , ecco la seconda parte&nbsp;della nostra guida che si focalizza &#8211; questa volta &#8211; sulle gallerie d\u2019arte, case-museo e altri progetti culturali meneghini, troppo spesso messi in secondo piano ed oscurati dalla fama dei musei istituzionali della citt\u00e0, ma ugualmente interessanti e coinvolgenti! <\/em><\/p><p><em>Da oggi in poi, se ami l\u2019arte, la risposta alla domanda \u201ccha facciamo questo weekend a Milano?\u201d la puoi trovare qui sul nostro blog!<\/em><\/p><\/blockquote>\n\n\n\n<figure class=\"wp-block-image size-large\"><img loading=\"lazy\" width=\"1024\" height=\"606\" src=\"https:\/\/thelibratravels.com\/wp-content\/uploads\/2021\/06\/thelibratravels_art2-scaled-e1623618156946-1024x606.jpg\" alt=\"art scritta neon\" class=\"wp-image-2729\" srcset=\"https:\/\/thelibratravels.com\/wp-content\/uploads\/2021\/06\/thelibratravels_art2-scaled-e1623618156946-1024x606.jpg 1024w, https:\/\/thelibratravels.com\/wp-content\/uploads\/2021\/06\/thelibratravels_art2-scaled-e1623618156946-300x178.jpg 300w, https:\/\/thelibratravels.com\/wp-content\/uploads\/2021\/06\/thelibratravels_art2-scaled-e1623618156946-768x455.jpg 768w, https:\/\/thelibratravels.com\/wp-content\/uploads\/2021\/06\/thelibratravels_art2-scaled-e1623618156946-1536x910.jpg 1536w, https:\/\/thelibratravels.com\/wp-content\/uploads\/2021\/06\/thelibratravels_art2-scaled-e1623618156946-2048x1213.jpg 2048w\" sizes=\"(max-width: 1024px) 100vw, 1024px\" \/><\/figure>\n\n\n\n<ol><li><a href=\"https:\/\/www.gallerieditalia.com\/it\/progetto\/\" target=\"_blank\" rel=\"noreferrer noopener\"><strong>Gallerie d\u2019Italia<\/strong><\/a>&nbsp;<\/li><\/ol>\n\n\n\n<p><strong>Gallerie d\u2019Italia<\/strong> \u00e8 una delle pi\u00f9 importanti iniziative culturali realizzate da Intesa San Paolo, che ha scelto tre citt\u00e0 italiane (Napoli, Vicenza e la nostra Milano) come scrigno dei beni storici, artistici e architettonici appartenenti al Gruppo.&nbsp;<\/p>\n\n\n\n<p>La sede di Milano \u00e8 in <strong>Piazza della Scala<\/strong> dove sono esposte tre differenti collezioni: quella dell\u2019Ottocento con opere di Canova e Boccioni; quella del Novecento e quella conservata nel Caveau dell\u2019ex edificio della Banca Commerciale Italiana.&nbsp;<\/p>\n\n\n\n<p>Oltre alle mostre permanenti, ci sono delle esposizioni temporanee che ti invitiamo a consultare <a href=\"https:\/\/www.gallerieditalia.com\/content\/gdi\/it\/homepage\/milano\/mostre-e-iniziative.html\" target=\"_blank\" rel=\"noreferrer noopener\">qui<\/a>. Aperto dal marted\u00ec alla domenica, dalle 9:30 alle 19:30. Prenotazione online consigliata, <a href=\"https:\/\/www.tosc.it\/gallerie-ditalia-piazza-scala-milano-mostra-tiepolo-veneziamilano-leuropa-biglietti.html?affiliate=T2C&amp;fun=erdetail&amp;doc=erdetaila&amp;erid=1897532&amp;sort_by=event_datum&amp;sort_direction=asc&amp;xtcr=3&amp;xtmc=gallerie_ditalia&amp;xtnp=1\" target=\"_blank\" rel=\"noreferrer noopener\">vedi qui<\/a>.<\/p>\n\n\n\n<figure class=\"wp-block-table\"><table><tbody><tr><td><strong>Indirizzo<\/strong><\/td><td>Piazza della Scala, 6 (METRO: M1, M3 Duomo)<\/td><\/tr><tr><td><strong>Ingresso<\/strong><\/td><td>Intero \u20ac10. Ridotto \u20ac8.&nbsp;<\/td><\/tr><\/tbody><\/table><\/figure>\n\n\n\n<ol start=\"2\"><li><strong><a href=\"https:\/\/viasaterna.com\/\">Viasaterna<\/a><\/strong><\/li><\/ol>\n\n\n\n<figure class=\"wp-block-gallery columns-2 is-cropped\"><ul class=\"blocks-gallery-grid\"><li class=\"blocks-gallery-item\"><figure><img loading=\"lazy\" width=\"764\" height=\"490\" src=\"https:\/\/thelibratravels.com\/wp-content\/uploads\/2021\/06\/thelibratravels_viasaterna-e1623599846946.jpg\" alt=\"galleria viasaterna milano\" data-id=\"2727\" data-full-url=\"https:\/\/thelibratravels.com\/wp-content\/uploads\/2021\/06\/thelibratravels_viasaterna-e1623599846946.jpg\" data-link=\"https:\/\/thelibratravels.com\/?attachment_id=2727\" class=\"wp-image-2727\" srcset=\"https:\/\/thelibratravels.com\/wp-content\/uploads\/2021\/06\/thelibratravels_viasaterna-e1623599846946.jpg 764w, https:\/\/thelibratravels.com\/wp-content\/uploads\/2021\/06\/thelibratravels_viasaterna-e1623599846946-300x192.jpg 300w\" sizes=\"(max-width: 764px) 100vw, 764px\" \/><figcaption class=\"blocks-gallery-item__caption\">Exhibition Dancing30 by Kings &#8211; 2021<\/figcaption><\/figure><\/li><li class=\"blocks-gallery-item\"><figure><img loading=\"lazy\" width=\"1024\" height=\"683\" src=\"https:\/\/thelibratravels.com\/wp-content\/uploads\/2021\/06\/thelibratravels_viasaternamilano-1024x683.jpg\" alt=\"\" data-id=\"2726\" data-full-url=\"https:\/\/thelibratravels.com\/wp-content\/uploads\/2021\/06\/thelibratravels_viasaternamilano.jpg\" data-link=\"https:\/\/thelibratravels.com\/?attachment_id=2726\" class=\"wp-image-2726\" srcset=\"https:\/\/thelibratravels.com\/wp-content\/uploads\/2021\/06\/thelibratravels_viasaternamilano-1024x683.jpg 1024w, https:\/\/thelibratravels.com\/wp-content\/uploads\/2021\/06\/thelibratravels_viasaternamilano-300x200.jpg 300w, https:\/\/thelibratravels.com\/wp-content\/uploads\/2021\/06\/thelibratravels_viasaternamilano-768x512.jpg 768w, https:\/\/thelibratravels.com\/wp-content\/uploads\/2021\/06\/thelibratravels_viasaternamilano.jpg 1500w\" sizes=\"(max-width: 1024px) 100vw, 1024px\" \/><figcaption class=\"blocks-gallery-item__caption\">Exhibition Dancing30 by Kings &#8211; 2021<\/figcaption><\/figure><\/li><\/ul><figcaption class=\"blocks-gallery-caption\"><em>Ph. @viasaterna<\/em><\/figcaption><\/figure>\n\n\n\n<p>Fondata nel 2015 da Irene Crocco, questa galleria d\u2019arte nei pressi di Cadorna \u00e8 un crocevia di artisti emergenti di arte contemporanea davvero interessanti. Per prenotare le visite, dal luned\u00ec al venerd\u00ec dalle ore 12:00 alle 19:00, basta consultare il loro sito.<\/p>\n\n\n\n<figure class=\"wp-block-table\"><table><tbody><tr><td><strong>Indirizzo<\/strong><\/td><td>Via Leopardi, 32 (METRO: M2 Cadorna)<\/td><\/tr><tr><td><strong>Ingresso<\/strong><\/td><td>Gratuito<\/td><\/tr><\/tbody><\/table><\/figure>\n\n\n\n<ol start=\"3\"><li><a href=\"https:\/\/www.instagram.com\/galleriazero\/\" target=\"_blank\" rel=\"noreferrer noopener\"><strong>Galleria Zero<\/strong><\/a><\/li><\/ol>\n\n\n\n<p>Le opere esposte a <strong>Galleria Zero<\/strong> sono davvero particolari; ogni artista \u00e8 lasciato libero di esprimersi anche grazie all\u2019ampio spazio a disposizione, molto neutrale. Qui potrai trovare una grande variet\u00e0 di esposizioni: video-installazioni, sculture o dipinti. Consigliamo di vedere il <a href=\"https:\/\/www.instagram.com\/galleriazero\/?hl=it\">profilo Instagram<\/a> della Galleria per farsi subito un\u2019idea della tipologia di mostre. Chiusa la domenica e il luned\u00ec. <\/p>\n\n\n\n<figure class=\"wp-block-table\"><table><tbody><tr><td><strong>Indirizzo<\/strong><\/td><td>Via Boncompagni, 44 (METRO: M3 Porto di Mare)<\/td><\/tr><tr><td><strong>Ingresso<\/strong><\/td><td>Gratuito<\/td><\/tr><\/tbody><\/table><\/figure>\n\n\n\n<ol start=\"4\"><li><a href=\"https:\/\/www.deodato.com\/deodato_arte_italy\/artisti.html\" target=\"_blank\" rel=\"noreferrer noopener\"><strong>Deodato Arte<\/strong><\/a><\/li><\/ol>\n\n\n\n<figure class=\"wp-block-image size-large\"><img loading=\"lazy\" width=\"800\" height=\"533\" src=\"https:\/\/thelibratravels.com\/wp-content\/uploads\/2021\/06\/thelibratravels_galleriadeodato.jpg\" alt=\"galleria deodato milano \" class=\"wp-image-2724\" srcset=\"https:\/\/thelibratravels.com\/wp-content\/uploads\/2021\/06\/thelibratravels_galleriadeodato.jpg 800w, https:\/\/thelibratravels.com\/wp-content\/uploads\/2021\/06\/thelibratravels_galleriadeodato-300x200.jpg 300w, https:\/\/thelibratravels.com\/wp-content\/uploads\/2021\/06\/thelibratravels_galleriadeodato-768x512.jpg 768w, https:\/\/thelibratravels.com\/wp-content\/uploads\/2021\/06\/thelibratravels_galleriadeodato-700x465.jpg 700w\" sizes=\"(max-width: 800px) 100vw, 800px\" \/><figcaption><em>Ph. @deodatoarte &#8211; Galleria di via Santa Marta, 6<\/em><\/figcaption><\/figure>\n\n\n\n<p>Questa \u00e8 una galleria d\u2019arte<strong> <\/strong>che si occupa di valorizzare e vendere opere d\u2019arte contemporanee e moderne. Oltre alle sedi fisiche della galleria (a Milano ce ne sono due), c\u2019\u00e8 anche un comodo e sicuro e-commerce.&nbsp;<\/p>\n\n\n\n<p>Da Banksy a Mr. Brainwash, passando per Jeff Koons e Obey, qui potrete trovare delle stampe e serigrafie d\u2019autore, dipinti e sculture di ogni genere. Vengono proposte anche Opere d&#8217;arte di artisti che hanno rivoluzionato il panorama artistico, come Pablo Picasso, Marc Chagall e Salvador Dal\u00ec.<\/p>\n\n\n\n<p>Le sedi di Milano sono aperte dal marted\u00ec al sabato dalle 10:30 alle 14:00 e dalle 15:00 alle 19:00.<\/p>\n\n\n\n<figure class=\"wp-block-table\"><table><tbody><tr><td><strong>Indirizzo<\/strong><\/td><td>Via Santa Marta, 6 \/ Via Nerino, 2 (METRO: M3 Duomo)<\/td><\/tr><tr><td><strong>Ingresso<\/strong><\/td><td>Gratuito<\/td><\/tr><\/tbody><\/table><\/figure>\n\n\n\n<ol start=\"5\"><li><a href=\"http:\/\/www.fondazioneboschidistefano.it\/\" target=\"_blank\" rel=\"noreferrer noopener\"><strong>Casa-museo Boschi Di Stefano<\/strong><\/a><strong>&nbsp;<\/strong><\/li><\/ol>\n\n\n\n<p>Aperta al pubblico nel 2003, la <strong>casa-museo Boschi Di Stefano<\/strong> espone una selezione di circa trecento opere d\u2019arte (sculture, disegni e pitture) del XX secolo, donate al Comune di Milano nel 1974 e dislocate in 11 stanze di straordinaria bellezza ed eleganza: il tutto collocato nella splendida cornice della palazzina liberty dell\u2019architetto Portaluppi.<\/p>\n\n\n\n<p>Aperto dal marted\u00ec al venerd\u00ec, dalle ore 10:00 alle ore 17:00.<\/p>\n\n\n\n<figure class=\"wp-block-table\"><table><tbody><tr><td><strong>Indirizzo<\/strong><\/td><td>Via Giorgio Jan, 15 (METRO: M1 Lima)<\/td><\/tr><tr><td><strong>Ingresso<\/strong><\/td><td>Gratuito<\/td><\/tr><\/tbody><\/table><\/figure>\n\n\n\n<div class=\"wptb-table-container wptb-table-2716\"><div class=\"wptb-table-container-matrix\" id=\"wptb-table-id-2716\" data-wptb-version=\"1.3.13\" data-wptb-pro-status=\"false\"><table class=\"wptb-preview-table wptb-element-main-table_setting-279\" data-wptb-adaptive-table=\"0\" data-wptb-cells-width-auto-count=\"1\" data-wptb-table-tds-sum-max-width=\"107.47826099395752\" style=\"border: 2px solid rgb(241, 134, 38);\" data-table-columns=\"1\" data-reconstraction=\"1\" role=\"table\" data-wptb-header-background-color=\"#f18626\" data-wptb-even-row-background-color=\"\" data-wptb-odd-row-background-color=\"\"><tbody><tr class=\"wptb-row\" style=\"background-color: rgb(241, 134, 38);\" data-wptb-bg-color=\"#f18626\"><td class=\"wptb-cell\" data-wptb-css-td-auto-width=\"true\" data-x-index=\"0\" data-y-index=\"0\" style=\"padding: 2px; border: 1px solid rgb(241, 134, 38);\"><div class=\"wptb-text-container wptb-ph-element wptb-element-text-1\" style=\"color: rgb(255, 255, 255); font-size: 16px;\"><div class=\"\" style=\"position: relative;\"><p class=\"\"><strong>FUN FACT<\/strong><\/p><\/div><\/div><\/td><\/tr><tr class=\"wptb-row\" data-wptb-bg-color=\"\"><td class=\"wptb-cell\" data-wptb-css-td-auto-width=\"true\" data-x-index=\"0\" data-y-index=\"1\" style=\"padding: 2px; border: 1px solid rgb(241, 134, 38);\"><div class=\"wptb-text-container wptb-ph-element wptb-element-text-2 edit-active\" style=\"font-size: 15px; color: rgb(87, 87, 86);\"><div class=\"\" style=\"position: relative;\"><p class=\"\">Vedere la <strong>casa-museo Boschi Di Stefano&nbsp;<\/strong>senza essere alla casa-museo Boschi Di Stefano?<br>E' possibile!&nbsp;All&rsquo;ingresso del <strong>Museo del Novecento<\/strong> (ne abbiamo gi&agrave; parlato <a data-mce-href=\"https:\/\/thelibratravels.com\/index.php\/2021\/04\/19\/cose-da-vedere-almeno-una-volta-nella-vita-musei-milano\/\" href=\"https:\/\/thelibratravels.com\/index.php\/2021\/04\/19\/cose-da-vedere-almeno-una-volta-nella-vita-musei-milano\/\">qui<\/a>), dove sono esposte altre opere della Collezione Boschi Di Stefano, c'&egrave; una saletta arredata con dettagli ripresi dalla casa di via Jan 15; qui potrai vedere anche un modellino di un settore della casa.<br><\/p><\/div><\/div><\/td><\/tr><\/tbody><\/table><\/div><\/div>\n\n\n\n\n<ol start=\"6\"><li><a href=\"https:\/\/www.casadelmanzoni.it\/\" target=\"_blank\" rel=\"noreferrer noopener\"><strong>Casa del Manzoni<\/strong><\/a><\/li><\/ol>\n\n\n\n<p>La <strong>casa del Manzoni<\/strong> \u00e8 il luogo dove arte e letteratura si incontrano. La visita si snoda in dieci sezioni che portano a conoscere il romanziere attraverso gli arredi e le opere d\u2019arte della sua dimora. Cosa ci ha colpito di pi\u00f9? L\u2019amore incondizionato per la sua famiglia, i ritratti, i riferimenti a &#8220;I Promessi Sposi&#8221;, la sua camera (rimasta esattamente come la lasci\u00f2), la sua passione per la botanica e il meraviglioso studio-biblioteca affacciato sul giardino. La casa del Manzoni ospita spesso mostre temporanee ed eventi culturali. E\u2019 consigliato l\u2019acquisto del biglietto online.<\/p>\n\n\n\n<figure class=\"wp-block-table\"><table><tbody><tr><td><strong>Indirizzo<\/strong><\/td><td>Via Gerolamo Morone 1 (METRO: M1\/M3 Duomo o M3 Montenapoleone)<\/td><\/tr><tr><td><strong>Ingresso<\/strong><\/td><td>Intero \u20ac8. Ridotto \u20ac5.&nbsp;<\/td><\/tr><\/tbody><\/table><\/figure>\n\n\n\n<ol start=\"7\"><li><a href=\"https:\/\/www.fondoambiente.it\/luoghi\/villa-necchi-campiglio\" target=\"_blank\" rel=\"noreferrer noopener\" class=\"broken_link\"><strong>Villa Necchi Campiglio<\/strong><\/a><\/li><\/ol>\n\n\n\n<p>Commissionata nei primi anni Trenta a Piero Portaluppi dalle sorelle Necchi, <strong>Villa Necchi-Campiglio<\/strong> si trova nel pieno centro di Milano. L\u2019edificio \u00e8 circondato da un ampio giardino dotato di piscina e campo da tennis. Il piano terra della casa era adibito all\u2019accoglienza degli ospiti, il piano superiore alla zona notte. Tutti gli ambienti sono estremamente curati dal punto di vista stilistico e sono molto confortevoli: ci sono ascensori, montavivande, citofoni interni, caveau e porte blindate. Questa splendida Villa \u00e8 stata donata al FAI nel 2001 ed \u00e8 aperta dal mercoled\u00ec alla domenica, dalle 10:00 alle 18:00 (il venerd\u00ec fino alle ore 19.30).<\/p>\n\n\n\n<p>Prenotazione online consigliata, guarda <a href=\"https:\/\/www.fondoambiente.it\/luoghi\/villa-necchi-campiglio\/visita\" target=\"_blank\" rel=\"noreferrer noopener\">qui<\/a>.<\/p>\n\n\n\n<figure class=\"wp-block-table\"><table><tbody><tr><td><strong>Indirizzo<\/strong><\/td><td>Via Mozart, 14 (METRO: M1 Porta Venezia)&nbsp;<\/td><\/tr><tr><td><strong>Ingresso<\/strong><\/td><td>Intero \u20ac4. Ingresso gratuito per chi \u00e8 iscritto al FAI.<\/td><\/tr><\/tbody><\/table><\/figure>\n\n\n\n<ol start=\"8\"><li><strong><a href=\"https:\/\/museopoldipezzoli.it\">Casa-museo Poldi Pezzoli<\/a><\/strong><\/li><\/ol>\n\n\n\n<figure class=\"wp-block-image size-large\"><img loading=\"lazy\" width=\"878\" height=\"1024\" src=\"https:\/\/thelibratravels.com\/wp-content\/uploads\/2021\/06\/thelibratravels_museopezzoli-878x1024.png\" alt=\"museo soldi pezzulli milano - ingresso\" class=\"wp-image-2733\" srcset=\"https:\/\/thelibratravels.com\/wp-content\/uploads\/2021\/06\/thelibratravels_museopezzoli-878x1024.png 878w, https:\/\/thelibratravels.com\/wp-content\/uploads\/2021\/06\/thelibratravels_museopezzoli-257x300.png 257w, https:\/\/thelibratravels.com\/wp-content\/uploads\/2021\/06\/thelibratravels_museopezzoli-768x896.png 768w, https:\/\/thelibratravels.com\/wp-content\/uploads\/2021\/06\/thelibratravels_museopezzoli.png 948w\" sizes=\"(max-width: 878px) 100vw, 878px\" \/><figcaption><em>Ph. @museopoldipezzoli &#8211; Ingresso della casa-museo<\/em><\/figcaption><\/figure>\n\n\n\n<p>Gian Giacomo Poldi Pezzoli inizi\u00f2 la sua personale attivit\u00e0 di collezionismo a partire dal 1849, cominciando dalle armi antiche e proseguendo con dipinti del Rinascimento lombardo, veneto e toscano (Botticelli, Mantegna, Hayez e molti altri).&nbsp;<\/p>\n\n\n\n<p>All\u2019interno della sua dimora decise di creare degli ambienti ispirati a diversi stili del passato: lo scalone e la camera da letto in stile barocco, l\u2019anticamera in stile <em>rocaille<\/em> francese, la Sala Nera in stile rinascimentale.&nbsp;La sala delle armature \u00e8 la nostra preferita!&nbsp;E&#8217; richiesta la prenotazione dei biglietti <a href=\"https:\/\/museopoldipezzoli.it\/biglietti\/\" target=\"_blank\" rel=\"noreferrer noopener\">online<\/a>.<\/p>\n\n\n\n<figure class=\"wp-block-table\"><table><tbody><tr><td><strong>Indirizzo<\/strong><\/td><td>Via Manzoni, 12 (METRO: M3 Montenapoleone)&nbsp;<\/td><\/tr><tr><td><strong>Ingresso<\/strong><\/td><td>Intero \u20ac14. Ridotto \u20ac10<\/td><\/tr><\/tbody><\/table><\/figure>\n\n\n\n<ol start=\"9\"><li><a href=\"http:\/\/www.museowow.it\/museo?target=gli-spazi\" target=\"_blank\" rel=\"noreferrer noopener\"><strong>WOW Spazio Fumetto<\/strong><\/a><\/li><\/ol>\n\n\n\n<p>Sei amante dei fumetti? Hai l\u2019anima un po\u2019 nerd? Allora questo \u00e8 il posto che fa per te. <strong>WOW<\/strong> offre ai suoi visitatori anche una biblioteca ad accesso libero con oltre 9.000 libri e periodici, una caffetteria e un bookshop specializzato.&nbsp;<\/p>\n\n\n\n<p>Da tenere monitorate anche tutte le mostre temporanee e gli eventi che vengono organizzati qui.&nbsp;E&#8217; consigliata la prenotazione online sul loro sito.&nbsp;<\/p>\n\n\n\n<figure class=\"wp-block-table\"><table><tbody><tr><td><strong>Indirizzo<\/strong><\/td><td>Viale Campania, 12 (METRO: M5 Monumentale, Cenisio)&nbsp;<\/td><\/tr><tr><td><strong>Ingresso<\/strong><\/td><td>Intero \u20ac5. Ridotto \u20ac3<\/td><\/tr><\/tbody><\/table><\/figure>\n\n\n\n<ol start=\"10\"><li><a href=\"https:\/\/www.fabbricadelvapore.org\/\" target=\"_blank\" rel=\"noreferrer noopener\"><strong>Fabbrica del Vapore<\/strong><\/a> e <a href=\"https:\/\/monumentale.comune.milano.it\/\" target=\"_blank\" rel=\"noreferrer noopener\"><strong>Cimitero Monumentale<\/strong><\/a><\/li><\/ol>\n\n\n\n<p>La <strong>Fabbrica del Vapore<\/strong> \u00e8 uno spazio del Comune di Milano utilizzato per organizzare eventi di promozione della creativit\u00e0 giovanile, di intrattenimento e aggregazione.<\/p>\n\n\n\n<p>Per consultare il calendario degli eventi <a href=\"https:\/\/www.fabbricadelvapore.org\/calendario-eventi\" target=\"_blank\" rel=\"noreferrer noopener\">clicca qui<\/a>.  Gli orari di accesso variano a seconda dell\u2019evento selezionato.<\/p>\n\n\n\n<p>Ti consigliamo anche di fare un salto al <strong>Cimitero Monumentale<\/strong> che dista appena 400 metri dalla Fabbrica del Vapore. L\u2019ingresso \u00e8 libero, aperto dal marted\u00ec alla domenica dalle 8:00 alle 18:00. La bellezza dei monumenti presenti in questo cimitero, opera dell\u2019architetto Maciachini, lo rende a tutti gli effetti un museo a cielo aperto e un luogo davvero magico.<\/p>\n\n\n\n<p>Tra i monumenti pi\u00f9 belli da scovare segnaliamo: il <strong>Famedio<\/strong> &#8211; il cuore del cimitero &#8211; con all\u2019interno le tombe di Alessandro Manzoni, Carlo Cattaneo, Giuseppe Verdi e Salvatore Quasimodo e tanti altri. Nella cripta del Famedio riposano Franca Rame e Dario Fo.<\/p>\n\n\n\n<p>Lo splendore di questo edificio ci lascia ogni volta senza fiato. La luce entra dai rosoni e illumina il soffitto blu e oro, con un gioco di luci davvero incredibile.<\/p>\n\n\n\n<p>Bellissime anche l\u2019<strong>Edicola Bocconi<\/strong>, <strong>Edicola Bernocchi<\/strong>, <strong>Edicola Feltrinelli<\/strong>, <strong>Monumento Berardi<\/strong>, <strong>Edicola Campari<\/strong>, <strong>Monumento Elisi<\/strong> e <strong>Monumento Prada Corielli<\/strong>.<\/p>\n\n\n\n<figure class=\"wp-block-image size-large\"><img loading=\"lazy\" width=\"1024\" height=\"683\" src=\"https:\/\/thelibratravels.com\/wp-content\/uploads\/2021\/06\/thelibratravels_cimiteromilano-1024x683.jpg\" alt=\"Cimitero monumentale milano\" class=\"wp-image-2735\" srcset=\"https:\/\/thelibratravels.com\/wp-content\/uploads\/2021\/06\/thelibratravels_cimiteromilano-1024x683.jpg 1024w, https:\/\/thelibratravels.com\/wp-content\/uploads\/2021\/06\/thelibratravels_cimiteromilano-300x200.jpg 300w, https:\/\/thelibratravels.com\/wp-content\/uploads\/2021\/06\/thelibratravels_cimiteromilano-768x512.jpg 768w, https:\/\/thelibratravels.com\/wp-content\/uploads\/2021\/06\/thelibratravels_cimiteromilano-1536x1024.jpg 1536w, https:\/\/thelibratravels.com\/wp-content\/uploads\/2021\/06\/thelibratravels_cimiteromilano-2048x1365.jpg 2048w\" sizes=\"(max-width: 1024px) 100vw, 1024px\" \/><figcaption><em>Cimitero Monumentale &#8211; Milano<\/em><\/figcaption><\/figure>\n\n\n\n<figure class=\"wp-block-table\"><table><tbody><tr><td><strong>Indirizzo<\/strong><\/td><td><strong>Fabbrica del Vapore<\/strong>: Via Procaccini, 4 &nbsp;<br><strong>Cimitero Monumentale<\/strong>: Piazzale Cimitero Monumentale (METRO: M5 Monumentale)<\/td><\/tr><tr><td><strong>Ingresso<\/strong><\/td><td><strong>Fabbrica del Vapore<\/strong>: varia a seconda dell\u2019evento selezionato, alcuni sono gratuiti altri costano sui \u20ac15.<br><strong>Cimitero Monumentale<\/strong>: gratuito<\/td><\/tr><\/tbody><\/table><\/figure>\n\n\n\n<ol start=\"11\"><li><a href=\"https:\/\/www.armanisilos.com\/it\/\" target=\"_blank\" rel=\"noreferrer noopener\"><strong>Armani Silos<\/strong><\/a>&nbsp;<\/li><\/ol>\n\n\n\n<p>Inaugurato nel 2015 da Giorgio Armani per celebrare i suoi 40 anni di carriera, originariamente l\u2019edificio era un granaio del 1950. Oggi \u00e8 uno spazio enorme di 4.500 metri, disposti su quattro piani. All\u2019interno troverai pi\u00f9 di 600 abiti e 200 accessori, i pi\u00f9 iconici della collezione Armani, suddivisi per ispirazione. Insomma, se sei amante della moda o vuoi semplicemente ripercorrere 40 anni di storia moderna attraverso l\u2019evoluzione delle tendenze stilistiche, questo \u00e8 il posto perfetto per te.<\/p>\n\n\n\n<p>Aperto dal gioved\u00ec al sabato dalle 11:00 alle 21:00, tutti gli altri giorni fino alle ore 19:00.<\/p>\n\n\n\n<figure class=\"wp-block-table\"><table><tbody><tr><td><strong>Indirizzo<\/strong><\/td><td>via Bergognone, 40 (METRO: M2 Porta Genova)&nbsp;<\/td><\/tr><tr><td><strong>Ingresso<\/strong><\/td><td>Intero \u20ac12. Ridotto \u20ac6<\/td><\/tr><\/tbody><\/table><\/figure>\n\n\n\n<ol start=\"12\"><li><a href=\"https:\/\/mauamuseum.com\/\" target=\"_blank\" rel=\"noreferrer noopener\"><strong>MAUA<\/strong><\/a> <\/li><\/ol>\n\n\n\n<figure class=\"wp-block-image size-large\"><img loading=\"lazy\" width=\"768\" height=\"1024\" src=\"https:\/\/thelibratravels.com\/wp-content\/uploads\/2021\/06\/thelibratravels_muralesviabrembo-768x1024.jpg\" alt=\"\" class=\"wp-image-2721\" srcset=\"https:\/\/thelibratravels.com\/wp-content\/uploads\/2021\/06\/thelibratravels_muralesviabrembo-768x1024.jpg 768w, https:\/\/thelibratravels.com\/wp-content\/uploads\/2021\/06\/thelibratravels_muralesviabrembo-225x300.jpg 225w, https:\/\/thelibratravels.com\/wp-content\/uploads\/2021\/06\/thelibratravels_muralesviabrembo-1152x1536.jpg 1152w, https:\/\/thelibratravels.com\/wp-content\/uploads\/2021\/06\/thelibratravels_muralesviabrembo-1536x2048.jpg 1536w, https:\/\/thelibratravels.com\/wp-content\/uploads\/2021\/06\/thelibratravels_muralesviabrembo-scaled.jpg 1920w\" sizes=\"(max-width: 768px) 100vw, 768px\" \/><figcaption><em>Milano Porta Romana &#8211; Murales di Zed1 in via Brembo (MAUA)<\/em><\/figcaption><\/figure>\n\n\n\n<p>Il <strong>MAUA<\/strong> &#8211;<strong> Museo di Arte Urbana Aumentata<\/strong> &#8211; \u00e8 il primo museo diffuso, a cielo aperto, che conta pi\u00f9 di 100 opere di street art in realt\u00e0 aumentata fra Milano, Torino e Palermo. Perfetto per scoprire itinerari cittadini fuori dal centro e dai circuiti ordinari dell\u2019arte. Per consultare la mappa completa di Milano <a href=\"https:\/\/mauamuseum.com\/cities\/milano\/\" target=\"_blank\" rel=\"noreferrer noopener\">clicca qui<\/a>.<\/p>\n\n\n\n<figure class=\"wp-block-table\"><table><tbody><tr><td><strong>Indirizzo<\/strong><\/td><td>Opere di street art sparse per Milano<\/td><\/tr><tr><td><strong>Ingresso<\/strong><\/td><td>Gratuito<\/td><\/tr><\/tbody><\/table><\/figure>\n\n\n\n<div class=\"wptb-table-container wptb-table-2720\"><div class=\"wptb-table-container-matrix\" id=\"wptb-table-id-2720\" data-wptb-version=\"1.3.13\" data-wptb-pro-status=\"false\"><table class=\"wptb-preview-table wptb-element-main-table_setting-279\" data-wptb-adaptive-table=\"0\" data-wptb-cells-width-auto-count=\"1\" data-wptb-table-tds-sum-max-width=\"107.47826099395752\" style=\"border: 2px solid rgb(129, 153, 206);\" data-table-columns=\"1\" data-reconstraction=\"1\" role=\"table\" data-wptb-header-background-color=\"#8199ce\" data-wptb-even-row-background-color=\"\" data-wptb-odd-row-background-color=\"\"><tbody><tr class=\"wptb-row\" style=\"background-color: rgb(129, 153, 206);\" data-wptb-bg-color=\"#8199ce\"><td class=\"wptb-cell\" data-wptb-css-td-auto-width=\"true\" data-x-index=\"0\" data-y-index=\"0\" style=\"padding: 2px; border: 1px solid rgb(129, 153, 206);\"><div class=\"wptb-text-container wptb-ph-element wptb-element-text-1\" style=\"color: rgb(255, 255, 255); font-size: 16px;\"><div class=\"\" style=\"position: relative;\"><strong>TRAVEL TIP<\/strong><p class=\"\"><\/p><\/div><\/div><\/td><\/tr><tr class=\"wptb-row\" data-wptb-bg-color=\"\"><td class=\"wptb-cell\" data-wptb-css-td-auto-width=\"true\" data-x-index=\"0\" data-y-index=\"1\" style=\"padding: 2px; border: 1px solid rgb(129, 153, 206);\"><div class=\"wptb-text-container wptb-ph-element wptb-element-text-2 edit-active\" style=\"font-size: 15px; color: rgb(87, 87, 86);\"><div class=\"\" style=\"position: relative;\"><p class=\"\">Se ti piacciono i murales non perderti il <strong>Parco pubblico - Giardino delle Culture<\/strong> in via Morosini, 8 - Zona Porta Romana.<\/p><\/div><\/div><\/td><\/tr><\/tbody><\/table><\/div><\/div>\n\n\n\n\n<ol start=\"13\"><li><a href=\"https:\/\/base.milano.it\/\"><strong>BASE Milano<\/strong><\/a><strong>&nbsp;<\/strong><\/li><\/ol>\n\n\n\n<p>Con i suoi 12.000 mq divisi su 3 piani all\u2019interno dell\u2019ex-Ansaldo, il <strong>BASE <\/strong>\u00e8 un polo creativo e culturale di respiro internazionale, dove spesso vengono organizzate mostre ed esibizioni. Fino a luglio 2021 \u00e8 aperto il <strong>Farout<\/strong>, festival gratuito<strong> <\/strong>dedicato alla creazione contemporanea.&nbsp;Qui potrai trovare anche un buonissimo <a href=\"https:\/\/base.milano.it\/bar\/\" target=\"_blank\" rel=\"noreferrer noopener\">bistrot<\/a> dove organizzano anche i brunch e alloggi dove dormire &#8220;<a href=\"https:\/\/base.milano.it\/casabase\/\" target=\"_blank\" rel=\"noreferrer noopener\">casaBase<\/a>&#8220;.<\/p>\n\n\n\n<figure class=\"wp-block-table\"><table><tbody><tr><td><strong>Indirizzo<\/strong><\/td><td>Via bergognone 34 (METRO:M2 Porta Genova)<\/td><\/tr><tr><td><strong>Ingresso<\/strong><\/td><td>In base alla mostra scelta<\/td><\/tr><\/tbody><\/table><\/figure>\n\n\n\n<p>E tu conoscevi gi\u00e0 tutto o ti abbiamo fatto scoprire qualcosa di nuovo ? Faccelo sapere con un commento qui sotto oppure condividendo una storia su Instagram con l\u2019hashtag #thelibratravels.<\/p>\n","protected":false},"excerpt":{"rendered":"<p>\u2022 Le gallerie d\u2019arte, case-museo e attivit\u00e0 culturali pi\u00f9 belle di Milano \u2022 Dopo \u201cCose da vedere almeno una volta nella vita a Milano: Musei\u201d , ecco la seconda parte&nbsp;della nostra guida che si focalizza &#8211; questa volta &#8211; sulle gallerie d\u2019arte, case-museo e altri progetti culturali meneghini, troppo spesso messi in secondo piano ed [&hellip;]<\/p>\n","protected":false},"author":2,"featured_media":2723,"comment_status":"open","ping_status":"open","sticky":false,"template":"","format":"standard","meta":{"_mi_skip_tracking":false,"_monsterinsights_sitenote_active":false,"_monsterinsights_sitenote_note":"","_monsterinsights_sitenote_category":0},"categories":[1,84],"tags":[12,18],"table_tags":[],"yoast_head":"<!-- This site is optimized with the Yoast SEO plugin v17.7 - https:\/\/yoast.com\/wordpress\/plugins\/seo\/ -->\n<title>Attivit\u00e0 culturali da fare a Milano: gallerie d\u2019arte, case-museo e tanto altro |<\/title>\n<meta name=\"description\" content=\"Ecco la seconda parte della nostra guida che si focalizza,questa volta, sulle gallerie d\u2019arte,case-museo e altri progetti culturali meneghini\" \/>\n<meta name=\"robots\" content=\"index, follow, max-snippet:-1, max-image-preview:large, max-video-preview:-1\" \/>\n<link rel=\"canonical\" href=\"https:\/\/thelibratravels.com\/index.php\/2021\/06\/13\/attivita-culturali-da-fare-a-milano-gallerie-darte-case-museo-e-tanto-altro\/\" \/>\n<meta property=\"og:locale\" content=\"en_US\" \/>\n<meta property=\"og:type\" content=\"article\" \/>\n<meta property=\"og:title\" content=\"Attivit\u00e0 culturali da fare a Milano: gallerie d\u2019arte, case-museo e tanto altro |\" \/>\n<meta property=\"og:description\" content=\"Ecco la seconda parte della nostra guida che si focalizza,questa volta, sulle gallerie d\u2019arte,case-museo e altri progetti culturali meneghini\" \/>\n<meta property=\"og:url\" content=\"https:\/\/thelibratravels.com\/index.php\/2021\/06\/13\/attivita-culturali-da-fare-a-milano-gallerie-darte-case-museo-e-tanto-altro\/\" \/>\n<meta property=\"og:site_name\" content=\"The Libra Travels\" \/>\n<meta property=\"article:published_time\" content=\"2021-06-13T21:48:07+00:00\" \/>\n<meta property=\"article:modified_time\" content=\"2022-05-17T20:11:53+00:00\" \/>\n<meta property=\"og:image\" content=\"https:\/\/thelibratravels.com\/wp-content\/uploads\/2021\/06\/thelibratravels_galleriadarte.jpg\" \/>\n\t<meta property=\"og:image:width\" content=\"1701\" \/>\n\t<meta property=\"og:image:height\" content=\"1006\" \/>\n<meta name=\"twitter:card\" content=\"summary_large_image\" \/>\n<meta name=\"twitter:label1\" content=\"Written by\" \/>\n\t<meta name=\"twitter:data1\" content=\"Francesca\" \/>\n\t<meta name=\"twitter:label2\" content=\"Est. reading time\" \/>\n\t<meta name=\"twitter:data2\" content=\"8 minutes\" \/>\n<script type=\"application\/ld+json\" class=\"yoast-schema-graph\">{\"@context\":\"https:\/\/schema.org\",\"@graph\":[{\"@type\":\"Organization\",\"@id\":\"https:\/\/thelibratravels.com\/#organization\",\"name\":\"The Libra Travels\",\"url\":\"https:\/\/thelibratravels.com\/\",\"sameAs\":[],\"logo\":{\"@type\":\"ImageObject\",\"@id\":\"https:\/\/thelibratravels.com\/#logo\",\"inLanguage\":\"en-US\",\"url\":\"https:\/\/thelibratravels.com\/wp-content\/uploads\/2021\/03\/logo_orizzontale.jpg\",\"contentUrl\":\"https:\/\/thelibratravels.com\/wp-content\/uploads\/2021\/03\/logo_orizzontale.jpg\",\"width\":1260,\"height\":704,\"caption\":\"The Libra Travels\"},\"image\":{\"@id\":\"https:\/\/thelibratravels.com\/#logo\"}},{\"@type\":\"WebSite\",\"@id\":\"https:\/\/thelibratravels.com\/#website\",\"url\":\"https:\/\/thelibratravels.com\/\",\"name\":\"The Libra Travels\",\"description\":\"Inspiring stories\",\"publisher\":{\"@id\":\"https:\/\/thelibratravels.com\/#organization\"},\"potentialAction\":[{\"@type\":\"SearchAction\",\"target\":{\"@type\":\"EntryPoint\",\"urlTemplate\":\"https:\/\/thelibratravels.com\/?s={search_term_string}\"},\"query-input\":\"required name=search_term_string\"}],\"inLanguage\":\"en-US\"},{\"@type\":\"ImageObject\",\"@id\":\"https:\/\/thelibratravels.com\/index.php\/2021\/06\/13\/attivita-culturali-da-fare-a-milano-gallerie-darte-case-museo-e-tanto-altro\/#primaryimage\",\"inLanguage\":\"en-US\",\"url\":\"https:\/\/thelibratravels.com\/wp-content\/uploads\/2021\/06\/thelibratravels_galleriadarte.jpg\",\"contentUrl\":\"https:\/\/thelibratravels.com\/wp-content\/uploads\/2021\/06\/thelibratravels_galleriadarte.jpg\",\"width\":1701,\"height\":1006,\"caption\":\"galleria arte\"},{\"@type\":\"WebPage\",\"@id\":\"https:\/\/thelibratravels.com\/index.php\/2021\/06\/13\/attivita-culturali-da-fare-a-milano-gallerie-darte-case-museo-e-tanto-altro\/#webpage\",\"url\":\"https:\/\/thelibratravels.com\/index.php\/2021\/06\/13\/attivita-culturali-da-fare-a-milano-gallerie-darte-case-museo-e-tanto-altro\/\",\"name\":\"Attivit\\u00e0 culturali da fare a Milano: gallerie d\\u2019arte, case-museo e tanto altro |\",\"isPartOf\":{\"@id\":\"https:\/\/thelibratravels.com\/#website\"},\"primaryImageOfPage\":{\"@id\":\"https:\/\/thelibratravels.com\/index.php\/2021\/06\/13\/attivita-culturali-da-fare-a-milano-gallerie-darte-case-museo-e-tanto-altro\/#primaryimage\"},\"datePublished\":\"2021-06-13T21:48:07+00:00\",\"dateModified\":\"2022-05-17T20:11:53+00:00\",\"description\":\"Ecco la seconda parte della nostra guida che si focalizza,questa volta, sulle gallerie d\\u2019arte,case-museo e altri progetti culturali meneghini\",\"breadcrumb\":{\"@id\":\"https:\/\/thelibratravels.com\/index.php\/2021\/06\/13\/attivita-culturali-da-fare-a-milano-gallerie-darte-case-museo-e-tanto-altro\/#breadcrumb\"},\"inLanguage\":\"en-US\",\"potentialAction\":[{\"@type\":\"ReadAction\",\"target\":[\"https:\/\/thelibratravels.com\/index.php\/2021\/06\/13\/attivita-culturali-da-fare-a-milano-gallerie-darte-case-museo-e-tanto-altro\/\"]}]},{\"@type\":\"BreadcrumbList\",\"@id\":\"https:\/\/thelibratravels.com\/index.php\/2021\/06\/13\/attivita-culturali-da-fare-a-milano-gallerie-darte-case-museo-e-tanto-altro\/#breadcrumb\",\"itemListElement\":[{\"@type\":\"ListItem\",\"position\":1,\"name\":\"Home\",\"item\":\"https:\/\/thelibratravels.com\/\"},{\"@type\":\"ListItem\",\"position\":2,\"name\":\"Attivit\\u00e0 culturali da fare a Milano: gallerie d\\u2019arte, case-museo e tanto altro\"}]},{\"@type\":\"Article\",\"@id\":\"https:\/\/thelibratravels.com\/index.php\/2021\/06\/13\/attivita-culturali-da-fare-a-milano-gallerie-darte-case-museo-e-tanto-altro\/#article\",\"isPartOf\":{\"@id\":\"https:\/\/thelibratravels.com\/index.php\/2021\/06\/13\/attivita-culturali-da-fare-a-milano-gallerie-darte-case-museo-e-tanto-altro\/#webpage\"},\"author\":{\"@id\":\"https:\/\/thelibratravels.com\/#\/schema\/person\/3832b25c6494095e34c8a9c2c2557127\"},\"headline\":\"Attivit\\u00e0 culturali da fare a Milano: gallerie d\\u2019arte, case-museo e tanto altro\",\"datePublished\":\"2021-06-13T21:48:07+00:00\",\"dateModified\":\"2022-05-17T20:11:53+00:00\",\"mainEntityOfPage\":{\"@id\":\"https:\/\/thelibratravels.com\/index.php\/2021\/06\/13\/attivita-culturali-da-fare-a-milano-gallerie-darte-case-museo-e-tanto-altro\/#webpage\"},\"wordCount\":1470,\"commentCount\":0,\"publisher\":{\"@id\":\"https:\/\/thelibratravels.com\/#organization\"},\"image\":{\"@id\":\"https:\/\/thelibratravels.com\/index.php\/2021\/06\/13\/attivita-culturali-da-fare-a-milano-gallerie-darte-case-museo-e-tanto-altro\/#primaryimage\"},\"thumbnailUrl\":\"https:\/\/thelibratravels.com\/wp-content\/uploads\/2021\/06\/thelibratravels_galleriadarte.jpg\",\"keywords\":[\"Amici\",\"Secchione\"],\"articleSection\":[\"Italia\",\"Lombardia\"],\"inLanguage\":\"en-US\",\"potentialAction\":[{\"@type\":\"CommentAction\",\"name\":\"Comment\",\"target\":[\"https:\/\/thelibratravels.com\/index.php\/2021\/06\/13\/attivita-culturali-da-fare-a-milano-gallerie-darte-case-museo-e-tanto-altro\/#respond\"]}]},{\"@type\":\"Person\",\"@id\":\"https:\/\/thelibratravels.com\/#\/schema\/person\/3832b25c6494095e34c8a9c2c2557127\",\"name\":\"Francesca\",\"image\":{\"@type\":\"ImageObject\",\"@id\":\"https:\/\/thelibratravels.com\/#personlogo\",\"inLanguage\":\"en-US\",\"url\":\"https:\/\/secure.gravatar.com\/avatar\/d44165d760232ce02dd9cffb5f31b962?s=96&d=wavatar&r=g\",\"contentUrl\":\"https:\/\/secure.gravatar.com\/avatar\/d44165d760232ce02dd9cffb5f31b962?s=96&d=wavatar&r=g\",\"caption\":\"Francesca\"},\"url\":\"https:\/\/thelibratravels.com\/index.php\/author\/francesca\/\"}]}<\/script>\n<!-- \/ Yoast SEO plugin. -->","yoast_head_json":{"title":"Attivit\u00e0 culturali da fare a Milano: gallerie d\u2019arte, case-museo e tanto altro |","description":"Ecco la seconda parte della nostra guida che si focalizza,questa volta, sulle gallerie d\u2019arte,case-museo e altri progetti culturali meneghini","robots":{"index":"index","follow":"follow","max-snippet":"max-snippet:-1","max-image-preview":"max-image-preview:large","max-video-preview":"max-video-preview:-1"},"canonical":"https:\/\/thelibratravels.com\/index.php\/2021\/06\/13\/attivita-culturali-da-fare-a-milano-gallerie-darte-case-museo-e-tanto-altro\/","og_locale":"en_US","og_type":"article","og_title":"Attivit\u00e0 culturali da fare a Milano: gallerie d\u2019arte, case-museo e tanto altro |","og_description":"Ecco la seconda parte della nostra guida che si focalizza,questa volta, sulle gallerie d\u2019arte,case-museo e altri progetti culturali meneghini","og_url":"https:\/\/thelibratravels.com\/index.php\/2021\/06\/13\/attivita-culturali-da-fare-a-milano-gallerie-darte-case-museo-e-tanto-altro\/","og_site_name":"The Libra Travels","article_published_time":"2021-06-13T21:48:07+00:00","article_modified_time":"2022-05-17T20:11:53+00:00","og_image":[{"width":1701,"height":1006,"url":"https:\/\/thelibratravels.com\/wp-content\/uploads\/2021\/06\/thelibratravels_galleriadarte.jpg","type":"image\/jpeg"}],"twitter_card":"summary_large_image","twitter_misc":{"Written by":"Francesca","Est. reading time":"8 minutes"},"schema":{"@context":"https:\/\/schema.org","@graph":[{"@type":"Organization","@id":"https:\/\/thelibratravels.com\/#organization","name":"The Libra Travels","url":"https:\/\/thelibratravels.com\/","sameAs":[],"logo":{"@type":"ImageObject","@id":"https:\/\/thelibratravels.com\/#logo","inLanguage":"en-US","url":"https:\/\/thelibratravels.com\/wp-content\/uploads\/2021\/03\/logo_orizzontale.jpg","contentUrl":"https:\/\/thelibratravels.com\/wp-content\/uploads\/2021\/03\/logo_orizzontale.jpg","width":1260,"height":704,"caption":"The Libra Travels"},"image":{"@id":"https:\/\/thelibratravels.com\/#logo"}},{"@type":"WebSite","@id":"https:\/\/thelibratravels.com\/#website","url":"https:\/\/thelibratravels.com\/","name":"The Libra Travels","description":"Inspiring stories","publisher":{"@id":"https:\/\/thelibratravels.com\/#organization"},"potentialAction":[{"@type":"SearchAction","target":{"@type":"EntryPoint","urlTemplate":"https:\/\/thelibratravels.com\/?s={search_term_string}"},"query-input":"required name=search_term_string"}],"inLanguage":"en-US"},{"@type":"ImageObject","@id":"https:\/\/thelibratravels.com\/index.php\/2021\/06\/13\/attivita-culturali-da-fare-a-milano-gallerie-darte-case-museo-e-tanto-altro\/#primaryimage","inLanguage":"en-US","url":"https:\/\/thelibratravels.com\/wp-content\/uploads\/2021\/06\/thelibratravels_galleriadarte.jpg","contentUrl":"https:\/\/thelibratravels.com\/wp-content\/uploads\/2021\/06\/thelibratravels_galleriadarte.jpg","width":1701,"height":1006,"caption":"galleria arte"},{"@type":"WebPage","@id":"https:\/\/thelibratravels.com\/index.php\/2021\/06\/13\/attivita-culturali-da-fare-a-milano-gallerie-darte-case-museo-e-tanto-altro\/#webpage","url":"https:\/\/thelibratravels.com\/index.php\/2021\/06\/13\/attivita-culturali-da-fare-a-milano-gallerie-darte-case-museo-e-tanto-altro\/","name":"Attivit\u00e0 culturali da fare a Milano: gallerie d\u2019arte, case-museo e tanto altro |","isPartOf":{"@id":"https:\/\/thelibratravels.com\/#website"},"primaryImageOfPage":{"@id":"https:\/\/thelibratravels.com\/index.php\/2021\/06\/13\/attivita-culturali-da-fare-a-milano-gallerie-darte-case-museo-e-tanto-altro\/#primaryimage"},"datePublished":"2021-06-13T21:48:07+00:00","dateModified":"2022-05-17T20:11:53+00:00","description":"Ecco la seconda parte della nostra guida che si focalizza,questa volta, sulle gallerie d\u2019arte,case-museo e altri progetti culturali meneghini","breadcrumb":{"@id":"https:\/\/thelibratravels.com\/index.php\/2021\/06\/13\/attivita-culturali-da-fare-a-milano-gallerie-darte-case-museo-e-tanto-altro\/#breadcrumb"},"inLanguage":"en-US","potentialAction":[{"@type":"ReadAction","target":["https:\/\/thelibratravels.com\/index.php\/2021\/06\/13\/attivita-culturali-da-fare-a-milano-gallerie-darte-case-museo-e-tanto-altro\/"]}]},{"@type":"BreadcrumbList","@id":"https:\/\/thelibratravels.com\/index.php\/2021\/06\/13\/attivita-culturali-da-fare-a-milano-gallerie-darte-case-museo-e-tanto-altro\/#breadcrumb","itemListElement":[{"@type":"ListItem","position":1,"name":"Home","item":"https:\/\/thelibratravels.com\/"},{"@type":"ListItem","position":2,"name":"Attivit\u00e0 culturali da fare a Milano: gallerie d\u2019arte, case-museo e tanto altro"}]},{"@type":"Article","@id":"https:\/\/thelibratravels.com\/index.php\/2021\/06\/13\/attivita-culturali-da-fare-a-milano-gallerie-darte-case-museo-e-tanto-altro\/#article","isPartOf":{"@id":"https:\/\/thelibratravels.com\/index.php\/2021\/06\/13\/attivita-culturali-da-fare-a-milano-gallerie-darte-case-museo-e-tanto-altro\/#webpage"},"author":{"@id":"https:\/\/thelibratravels.com\/#\/schema\/person\/3832b25c6494095e34c8a9c2c2557127"},"headline":"Attivit\u00e0 culturali da fare a Milano: gallerie d\u2019arte, case-museo e tanto altro","datePublished":"2021-06-13T21:48:07+00:00","dateModified":"2022-05-17T20:11:53+00:00","mainEntityOfPage":{"@id":"https:\/\/thelibratravels.com\/index.php\/2021\/06\/13\/attivita-culturali-da-fare-a-milano-gallerie-darte-case-museo-e-tanto-altro\/#webpage"},"wordCount":1470,"commentCount":0,"publisher":{"@id":"https:\/\/thelibratravels.com\/#organization"},"image":{"@id":"https:\/\/thelibratravels.com\/index.php\/2021\/06\/13\/attivita-culturali-da-fare-a-milano-gallerie-darte-case-museo-e-tanto-altro\/#primaryimage"},"thumbnailUrl":"https:\/\/thelibratravels.com\/wp-content\/uploads\/2021\/06\/thelibratravels_galleriadarte.jpg","keywords":["Amici","Secchione"],"articleSection":["Italia","Lombardia"],"inLanguage":"en-US","potentialAction":[{"@type":"CommentAction","name":"Comment","target":["https:\/\/thelibratravels.com\/index.php\/2021\/06\/13\/attivita-culturali-da-fare-a-milano-gallerie-darte-case-museo-e-tanto-altro\/#respond"]}]},{"@type":"Person","@id":"https:\/\/thelibratravels.com\/#\/schema\/person\/3832b25c6494095e34c8a9c2c2557127","name":"Francesca","image":{"@type":"ImageObject","@id":"https:\/\/thelibratravels.com\/#personlogo","inLanguage":"en-US","url":"https:\/\/secure.gravatar.com\/avatar\/d44165d760232ce02dd9cffb5f31b962?s=96&d=wavatar&r=g","contentUrl":"https:\/\/secure.gravatar.com\/avatar\/d44165d760232ce02dd9cffb5f31b962?s=96&d=wavatar&r=g","caption":"Francesca"},"url":"https:\/\/thelibratravels.com\/index.php\/author\/francesca\/"}]}},"_links":{"self":[{"href":"https:\/\/thelibratravels.com\/index.php\/wp-json\/wp\/v2\/posts\/2712"}],"collection":[{"href":"https:\/\/thelibratravels.com\/index.php\/wp-json\/wp\/v2\/posts"}],"about":[{"href":"https:\/\/thelibratravels.com\/index.php\/wp-json\/wp\/v2\/types\/post"}],"author":[{"embeddable":true,"href":"https:\/\/thelibratravels.com\/index.php\/wp-json\/wp\/v2\/users\/2"}],"replies":[{"embeddable":true,"href":"https:\/\/thelibratravels.com\/index.php\/wp-json\/wp\/v2\/comments?post=2712"}],"version-history":[{"count":24,"href":"https:\/\/thelibratravels.com\/index.php\/wp-json\/wp\/v2\/posts\/2712\/revisions"}],"predecessor-version":[{"id":4303,"href":"https:\/\/thelibratravels.com\/index.php\/wp-json\/wp\/v2\/posts\/2712\/revisions\/4303"}],"wp:featuredmedia":[{"embeddable":true,"href":"https:\/\/thelibratravels.com\/index.php\/wp-json\/wp\/v2\/media\/2723"}],"wp:attachment":[{"href":"https:\/\/thelibratravels.com\/index.php\/wp-json\/wp\/v2\/media?parent=2712"}],"wp:term":[{"taxonomy":"category","embeddable":true,"href":"https:\/\/thelibratravels.com\/index.php\/wp-json\/wp\/v2\/categories?post=2712"},{"taxonomy":"post_tag","embeddable":true,"href":"https:\/\/thelibratravels.com\/index.php\/wp-json\/wp\/v2\/tags?post=2712"},{"taxonomy":"table_tags","embeddable":true,"href":"https:\/\/thelibratravels.com\/index.php\/wp-json\/wp\/v2\/table_tags?post=2712"}],"curies":[{"name":"wp","href":"https:\/\/api.w.org\/{rel}","templated":true}]}}