{"id":4445,"date":"2022-12-03T15:51:20","date_gmt":"2022-12-03T14:51:20","guid":{"rendered":"https:\/\/thelibratravels.com\/?p=4445"},"modified":"2022-12-10T15:28:20","modified_gmt":"2022-12-10T14:28:20","slug":"tre-giorni-ad-alicante-in-spagna-cosa-fare-e-dove-mangiare","status":"publish","type":"post","link":"https:\/\/thelibratravels.com\/index.php\/2022\/12\/03\/tre-giorni-ad-alicante-in-spagna-cosa-fare-e-dove-mangiare\/","title":{"rendered":"Tre giorni ad Alicante in Spagna: cosa fare e dove mangiare"},"content":{"rendered":"\n<h2><strong>\u2022 Cosa fare e dove mangiare ad Alicante e dintorni \u2022<\/strong><\/h2>\n\n\n\n<figure class=\"wp-block-image size-large\"><img loading=\"lazy\" width=\"1024\" height=\"683\" src=\"https:\/\/thelibratravels.com\/wp-content\/uploads\/2022\/10\/thelibratravels_alicante1-1024x683.jpg\" alt=\"castello santa barbara vista spiaggia\" class=\"wp-image-4579\" srcset=\"https:\/\/thelibratravels.com\/wp-content\/uploads\/2022\/10\/thelibratravels_alicante1-1024x683.jpg 1024w, https:\/\/thelibratravels.com\/wp-content\/uploads\/2022\/10\/thelibratravels_alicante1-300x200.jpg 300w, https:\/\/thelibratravels.com\/wp-content\/uploads\/2022\/10\/thelibratravels_alicante1-768x512.jpg 768w, https:\/\/thelibratravels.com\/wp-content\/uploads\/2022\/10\/thelibratravels_alicante1-1536x1024.jpg 1536w, https:\/\/thelibratravels.com\/wp-content\/uploads\/2022\/10\/thelibratravels_alicante1.jpg 1920w\" sizes=\"(max-width: 1024px) 100vw, 1024px\" \/><figcaption><em>Monte&nbsp;Benacantil e Castello Santa Barbara visti da Playa del Postiguet<\/em><\/figcaption><\/figure>\n\n\n\n<p>Continua il racconto del nostro <strong>on the road<\/strong> in Spagna. <strong><a href=\"https:\/\/thelibratravels.com\/index.php\/2022\/12\/03\/spagna-on-the-road\/\" target=\"_blank\" rel=\"noreferrer noopener\">QUI<\/a><\/strong> puoi recuperare la prima tappa, Madrid, e alcune <em>tips<\/em> logistiche per organizzare questo viaggio. In questo articolo, invece, ti parliamo di <strong>Alicante<\/strong> e cosa fare nei suoi dintorni in 3 giorni, assolutamente sufficienti per vedere in lungo e in largo questa splendida e tranquilla cittadina spagnola sul mare.<\/p>\n\n\n\n<h3 class=\"has-text-color\" style=\"color:#1d71b8;font-size:17px\"><strong>DOVE ALLOGGIARE AD ALICANTE<\/strong><\/h3>\n\n\n\n<p>Noi abbiamo pernottato ad <strong><a href=\"https:\/\/www.booking.com\/hotel\/es\/atico-boutique-luxury.it.html\" target=\"_blank\" rel=\"noreferrer noopener\">Apartamentos Boutique Villavieja<\/a><\/strong> e ci siamo trovate benissimo. Curato nei minimi dettagli, in stile <em>boho chic<\/em>, ci ha conquistato con i suoi soffitti alti, le travi a vista e le pareti in pietra. L&#8217;appartamento con doppia esposizione \u00e8 dotato di angolo cottura, bagno privato con doccia e asciugacapelli, condizionatore e wifi gratuito. La stanza situata nell&#8217;attico ha anche una bellissima terrazza privata. Tutte le porte si aprono con i codici, una comodissima soluzione <em>keyless<\/em>.<\/p>\n\n\n\n<p>A pochi passi dal Museo di Arte Contemporanea e dalla Basilica di Santa Maria di Alicante, questa location \u00e8 situata in pieno centro e vicinissima alla spiaggia cittadina di Postiguet. <\/p>\n\n\n\n<h3 class=\"has-text-color\" style=\"color:#1d71b8;font-size:17px\"><strong>COME ARRIVARE E SPOSTARSI AD ALICANTE<\/strong><\/h3>\n\n\n\n<figure class=\"wp-block-image size-large\"><img loading=\"lazy\" width=\"1024\" height=\"683\" src=\"https:\/\/thelibratravels.com\/wp-content\/uploads\/2022\/10\/thelibratravels_vista-porto-1024x683.jpg\" alt=\"porto alicante visto dall'alto\" class=\"wp-image-4580\" srcset=\"https:\/\/thelibratravels.com\/wp-content\/uploads\/2022\/10\/thelibratravels_vista-porto-1024x683.jpg 1024w, https:\/\/thelibratravels.com\/wp-content\/uploads\/2022\/10\/thelibratravels_vista-porto-300x200.jpg 300w, https:\/\/thelibratravels.com\/wp-content\/uploads\/2022\/10\/thelibratravels_vista-porto-768x512.jpg 768w, https:\/\/thelibratravels.com\/wp-content\/uploads\/2022\/10\/thelibratravels_vista-porto-1536x1024.jpg 1536w, https:\/\/thelibratravels.com\/wp-content\/uploads\/2022\/10\/thelibratravels_vista-porto.jpg 1920w\" sizes=\"(max-width: 1024px) 100vw, 1024px\" \/><figcaption><em>Porto di Alicante visto dal Castello di Santa Barbara<\/em><\/figcaption><\/figure>\n\n\n\n<p>Alicante \u00e8 una piccola provincia della comunit\u00e0 autonoma Valenciana, nella Spagna orientale. Si gira comodamente <strong>a piedi<\/strong> ed eventualmente, per raggiungere qualche caletta particolare, un po&#8217; pi\u00f9 distante dal centro, si possono utilizzare i <strong>mezzi pubblici<\/strong>. <\/p>\n\n\n\n<p>Noi abbiamo raggiunto Alicante con il treno partendo da Madrid e impiegando appena due ore e mezza. Ci sono anche dei voli low cost diretti dall&#8217;Italia, l&#8217;<strong>aeroporto <\/strong>pi\u00f9 vicino&nbsp;\u00e8 a Elche e dista solo 9 km dal centro di Alicante.&nbsp;<\/p>\n\n\n\n<p>Anche i <strong>taxi<\/strong> sono un&#8217;utile alternativa, anche perch\u00e9 costano davvero poco (per fare un esempio, dalla stazione ferroviaria di Alicante al nostro appartamento abbiamo speso \u20ac7). Se vuoi prenotare dei taxi, in alternativa all&#8217;App Cabify, ti consigliamo anche <strong>PideTaxi<\/strong>.<\/p>\n\n\n\n<p>Se ami gli spostamenti in bici proprio accanto ad Apartamentos Boutique Villavieja c&#8217;\u00e8 <strong>Blue Bike<\/strong>, un noleggio di biciclette.<\/p>\n\n\n\n<h3 class=\"has-text-color\" style=\"color:#f18626;font-size:17px\"><strong>ALICANTE E DINTORNI: 9 COSE DA FARE E VEDERE<\/strong><\/h3>\n\n\n\n<figure class=\"wp-block-image size-large\"><img loading=\"lazy\" width=\"1024\" height=\"768\" src=\"https:\/\/thelibratravels.com\/wp-content\/uploads\/2022\/10\/thelibratravels_explanada-1024x768.jpg\" alt=\"Explanada de Espana\" class=\"wp-image-4581\" srcset=\"https:\/\/thelibratravels.com\/wp-content\/uploads\/2022\/10\/thelibratravels_explanada-1024x768.jpg 1024w, https:\/\/thelibratravels.com\/wp-content\/uploads\/2022\/10\/thelibratravels_explanada-300x225.jpg 300w, https:\/\/thelibratravels.com\/wp-content\/uploads\/2022\/10\/thelibratravels_explanada-768x576.jpg 768w, https:\/\/thelibratravels.com\/wp-content\/uploads\/2022\/10\/thelibratravels_explanada-1536x1152.jpg 1536w, https:\/\/thelibratravels.com\/wp-content\/uploads\/2022\/10\/thelibratravels_explanada-2048x1536.jpg 2048w\" sizes=\"(max-width: 1024px) 100vw, 1024px\" \/><figcaption><em>Explanada de Espana<\/em><\/figcaption><\/figure>\n\n\n\n<ol><li><strong>In centro <\/strong>devi assolutamente vedere l&#8217;<strong>Explanada de Espana<\/strong>, un lungo viale vicino al mare, ombreggiato da decine e decine di palme; il <strong>Castello di Santa Barbara<\/strong>, la pi\u00f9 grande fortezza medievale della Spagna, che regala una vista mozzafiato a 360\u00b0 su Alicante (consiglio di andarci al tramonto; noi lo abbiamo raggiunto con l&#8217;ascensore per un costo di \u20ac2,70 A\/R, in alternativa c&#8217;\u00e8 un sentiero panoramico da fare a piedi in circa un&#8217;ora); il quartiere <strong>Casco Antiguo-Santa Cruz<\/strong> (El Barrio); la <strong>Concattedrale di San Nicola di Bari<\/strong> e il <strong>Monastero de la Santa Faz<\/strong>; il <strong>MOCA<\/strong> &#8211; Museo di Arte Contemporanea; la <strong>Basilica di Santa Maria<\/strong>; <strong>el Carrer dels Bolets<\/strong> (o Carrer de Las Setas o Mushroom street), una simpatica strada disseminata di grandi sculture a forma di fungo, ideale per una passeggiata con dei bambini; <strong>Plaza del Ayuntamiento<\/strong> e, infine, i 36 esemplari di <strong>Ficus Macrophylla<\/strong> (alcuni sono a Plaza Portal de Elche, altri in Placa Gabriel Mir\u00f2).<\/li><\/ol>\n\n\n\n<div class=\"wptb-table-container wptb-table-4526\"><div class=\"wptb-table-container-matrix\" id=\"wptb-table-id-4526\" data-wptb-version=\"1.3.13\" data-wptb-pro-status=\"false\"><table class=\"wptb-preview-table wptb-element-main-table_setting-279\" data-wptb-adaptive-table=\"0\" data-wptb-cells-width-auto-count=\"1\" data-wptb-table-tds-sum-max-width=\"108\" style=\"border: 2px solid rgb(129, 153, 206);\" data-table-columns=\"1\" data-reconstraction=\"1\" role=\"table\" data-wptb-header-background-color=\"#8199ce\" data-wptb-even-row-background-color=\"\" data-wptb-odd-row-background-color=\"\" data-wptb-responsive-directives=\"eyJyZXNwb25zaXZlRW5hYmxlZCI6ZmFsc2UsInJlc3BvbnNpdmVNb2RlIjoiYXV0byIsInByZXNlcnZlUm93Q29sb3IiOmZhbHNlLCJyZWxhdGl2ZVdpZHRoIjoid2luZG93IiwiaGVhZGVyRnVsbHlNZXJnZWQiOmZhbHNlLCJtb2RlT3B0aW9ucyI6eyJhdXRvIjp7InRvcFJvd0FzSGVhZGVyIjp7ImRlc2t0b3AiOmZhbHNlLCJ0YWJsZXQiOnRydWUsIm1vYmlsZSI6dHJ1ZX0sInJlcGVhdE1lcmdlZEhlYWRlciI6eyJkZXNrdG9wIjp0cnVlLCJ0YWJsZXQiOnRydWUsIm1vYmlsZSI6dHJ1ZX0sInN0YXRpY1RvcFJvdyI6eyJkZXNrdG9wIjpmYWxzZSwidGFibGV0IjpmYWxzZSwibW9iaWxlIjpmYWxzZX0sImNlbGxTdGFja0RpcmVjdGlvbiI6eyJkZXNrdG9wIjoicm93IiwidGFibGV0Ijoicm93IiwibW9iaWxlIjoicm93In0sImNlbGxzUGVyUm93Ijp7ImRlc2t0b3AiOjEsInRhYmxldCI6MSwibW9iaWxlIjoxfX19LCJicmVha3BvaW50cyI6eyJkZXNrdG9wIjp7Im5hbWUiOiJkZXNrdG9wIiwid2lkdGgiOjEwMjR9LCJ0YWJsZXQiOnsibmFtZSI6InRhYmxldCIsIndpZHRoIjo3MDB9LCJtb2JpbGUiOnsibmFtZSI6Im1vYmlsZSIsIndpZHRoIjozMDB9fX0=\" data-wptb-extra-styles=\"LyogRW50ZXIgeW91ciBjdXN0b20gQ1NTIHJ1bGVzIGhlcmUgKi8=\"><tbody><tr class=\"wptb-row\" style=\"background-color: rgb(129, 153, 206);\" data-wptb-bg-color=\"#8199ce\"><td class=\"wptb-cell\" data-wptb-css-td-auto-width=\"true\" data-x-index=\"0\" data-y-index=\"0\" style=\"padding: 2px; border: 1px solid rgb(129, 153, 206);\"><div class=\"wptb-text-container wptb-ph-element wptb-element-text-1\" style=\"color: rgb(255, 255, 255); font-size: 15px;\"><div class=\"\" style=\"position: relative;\"><p class=\"\"><strong>TRAVEL TIP<\/strong><\/p><\/div><\/div><\/td><\/tr><tr class=\"wptb-row\" data-wptb-bg-color=\"\"><td class=\"wptb-cell\" data-wptb-css-td-auto-width=\"true\" data-x-index=\"0\" data-y-index=\"1\" style=\"padding: 2px; border: 1px solid rgb(129, 153, 206);\"><div class=\"wptb-text-container wptb-ph-element wptb-element-text-2 edit-active\" style=\"font-size: 15px; color: rgb(74, 85, 104);\"><div class=\"\" style=\"position: relative;\"><p class=\"\">Anche ad Alicante organizzano diversi <strong>Free Walking Tour<\/strong>: clicca <strong><a data-mce-href=\"https:\/\/freewalkingtoursalicante.com\/en\/\" href=\"https:\/\/freewalkingtoursalicante.com\/en\/\">qui<\/a><\/strong> per prenotarli.<\/p><p class=\"\"><\/p><\/div><\/div><\/td><\/tr><\/tbody><\/table><\/div><\/div>\n\n\n\n\n<ol start=\"2\"><li><strong>Mercato centrale di Alicante<\/strong>. Amiamo visitare i mercati e in Spagna ce ne sono davvero tantissimi. Anche Alicante ha il suo ed \u00e8 uno tra i pi\u00f9 belli visti finora. L&#8217;ingresso ovviamente \u00e8 gratuito; \u00e8 aperto tutti i giorni (tranne la domenica) fino alle ore 14:30. <\/li><li>Alicante \u00e8 una citt\u00e0 portuale della <strong>Costa Blanca<\/strong>, caratterizzata da distese larghissime di sabbia fine. La spiaggia di <strong>San Juan <\/strong>senza dubbio \u00e8 quella che ci \u00e8 piaciuta di pi\u00f9 e che abbiamo raggiunto con un bus. <strong>Playa del Postiguet<\/strong>, invece, \u00e8 quella che ci ha convinto di meno sebbene fosse quella pi\u00f9 semplice da raggiungere. Da vedere anche la spiaggia di <strong>Urbanova<\/strong>, <strong>Cala Cantalar<\/strong> e la <strong>Granadella<\/strong>.<\/li><\/ol>\n\n\n\n<figure class=\"wp-block-gallery columns-3 is-cropped\"><ul class=\"blocks-gallery-grid\"><li class=\"blocks-gallery-item\"><figure><img loading=\"lazy\" width=\"360\" height=\"640\" src=\"https:\/\/thelibratravels.com\/wp-content\/uploads\/2022\/10\/thelibratravels_tabarca1.jpg\" alt=\"\" data-id=\"4583\" data-full-url=\"https:\/\/thelibratravels.com\/wp-content\/uploads\/2022\/10\/thelibratravels_tabarca1.jpg\" data-link=\"https:\/\/thelibratravels.com\/?attachment_id=4583\" class=\"wp-image-4583\" srcset=\"https:\/\/thelibratravels.com\/wp-content\/uploads\/2022\/10\/thelibratravels_tabarca1.jpg 360w, https:\/\/thelibratravels.com\/wp-content\/uploads\/2022\/10\/thelibratravels_tabarca1-169x300.jpg 169w\" sizes=\"(max-width: 360px) 100vw, 360px\" \/><\/figure><\/li><li class=\"blocks-gallery-item\"><figure><img loading=\"lazy\" width=\"360\" height=\"640\" src=\"https:\/\/thelibratravels.com\/wp-content\/uploads\/2022\/10\/thelibratravels_tabarca2.jpg\" alt=\"\" data-id=\"4584\" data-full-url=\"https:\/\/thelibratravels.com\/wp-content\/uploads\/2022\/10\/thelibratravels_tabarca2.jpg\" data-link=\"https:\/\/thelibratravels.com\/?attachment_id=4584\" class=\"wp-image-4584\" srcset=\"https:\/\/thelibratravels.com\/wp-content\/uploads\/2022\/10\/thelibratravels_tabarca2.jpg 360w, https:\/\/thelibratravels.com\/wp-content\/uploads\/2022\/10\/thelibratravels_tabarca2-169x300.jpg 169w\" sizes=\"(max-width: 360px) 100vw, 360px\" \/><\/figure><\/li><li class=\"blocks-gallery-item\"><figure><img loading=\"lazy\" width=\"576\" height=\"1024\" src=\"https:\/\/thelibratravels.com\/wp-content\/uploads\/2022\/10\/thelibratravels_tabarca3-576x1024.jpg\" alt=\"\" data-id=\"4585\" data-full-url=\"https:\/\/thelibratravels.com\/wp-content\/uploads\/2022\/10\/thelibratravels_tabarca3-scaled.jpg\" data-link=\"https:\/\/thelibratravels.com\/?attachment_id=4585\" class=\"wp-image-4585\" srcset=\"https:\/\/thelibratravels.com\/wp-content\/uploads\/2022\/10\/thelibratravels_tabarca3-576x1024.jpg 576w, https:\/\/thelibratravels.com\/wp-content\/uploads\/2022\/10\/thelibratravels_tabarca3-169x300.jpg 169w, https:\/\/thelibratravels.com\/wp-content\/uploads\/2022\/10\/thelibratravels_tabarca3-768x1365.jpg 768w, https:\/\/thelibratravels.com\/wp-content\/uploads\/2022\/10\/thelibratravels_tabarca3-864x1536.jpg 864w, https:\/\/thelibratravels.com\/wp-content\/uploads\/2022\/10\/thelibratravels_tabarca3-1152x2048.jpg 1152w, https:\/\/thelibratravels.com\/wp-content\/uploads\/2022\/10\/thelibratravels_tabarca3-scaled.jpg 1440w\" sizes=\"(max-width: 576px) 100vw, 576px\" \/><\/figure><\/li><\/ul><\/figure>\n\n\n\n<ol start=\"4\"><li>L&#8217;<strong>escursione all&#8217;isola di Tabarca<\/strong> \u00e8 una delle cose da fare assolutamente. L&#8217;isola di Tabarca dista meno di un&#8217;ora di navigazione da Alicante e il costo del biglietto del battello \u00e8 di \u20ac21 A\/R (tariffa di agosto). L\u2019isola di Tabarca, Riserva Marina Naturale dal 1986, \u00e8 il posto perfetto per gli amanti dello <strong>snorkeling<\/strong> (in biglietteria, nel Porto di Alicante, si possono anche prenotare delle immersioni). L&#8217;isoletta si gira comodamente a piedi in poche falcate, dal Faro alla chiesetta a picco sul mare. Noi abbiamo trascorso qui circa una mezza giornata ed \u00e8 stata sufficiente per vedere tutto e fare anche una rigenerante siesta in spiaggia. Per rifocillarti ci sono tantissimi ristorantini o bar dove provare il piatto tipico: il <strong>Caldero Tabarquino<\/strong>.<\/li><\/ol>\n\n\n\n<div class=\"wptb-table-container wptb-table-4531\"><div class=\"wptb-table-container-matrix\" id=\"wptb-table-id-4531\" data-wptb-version=\"1.3.13\" data-wptb-pro-status=\"false\"><table class=\"wptb-preview-table wptb-element-main-table_setting-279\" data-wptb-adaptive-table=\"0\" data-wptb-cells-width-auto-count=\"1\" data-wptb-table-tds-sum-max-width=\"108\" style=\"border: 2px solid rgb(241, 134, 38);\" data-table-columns=\"1\" data-reconstraction=\"1\" role=\"table\" data-wptb-header-background-color=\"#f18626\" data-wptb-even-row-background-color=\"\" data-wptb-odd-row-background-color=\"\" data-wptb-extra-styles=\"LyogRW50ZXIgeW91ciBjdXN0b20gQ1NTIHJ1bGVzIGhlcmUgKi8=\"><tbody><tr class=\"wptb-row\" style=\"background-color: rgb(241, 134, 38);\" data-wptb-bg-color=\"#f18626\"><td class=\"wptb-cell\" data-wptb-css-td-auto-width=\"true\" data-x-index=\"0\" data-y-index=\"0\" style=\"padding: 2px; border: 1px solid rgb(241, 134, 38);\"><div class=\"wptb-text-container wptb-ph-element wptb-element-text-1\" style=\"color: rgb(255, 255, 255); font-size: 16px;\"><div class=\"\" style=\"position: relative;\"><p class=\"\"><strong>FUN FACT<\/strong><\/p><\/div><\/div><\/td><\/tr><tr class=\"wptb-row\" data-wptb-bg-color=\"\"><td class=\"wptb-cell\" data-wptb-css-td-auto-width=\"true\" data-x-index=\"0\" data-y-index=\"1\" style=\"padding: 2px; border: 1px solid rgb(241, 134, 38);\"><div class=\"wptb-text-container wptb-ph-element wptb-element-text-2\" style=\"font-size: 15px; color: rgb(87, 87, 86);\"><div class=\"\" style=\"position: relative;\"><p>L&rsquo;isola di Tabarca, 1800m di lunghezza e 400m di larghezza, &egrave; l&rsquo;unica isola abitata della Comunit&agrave; Valenziana e in inverno ci abitano appena 40 persone.<\/p><p><\/p><\/div><\/div><\/td><\/tr><\/tbody><\/table><\/div><\/div>\n\n\n\n\n<figure class=\"wp-block-image size-large\"><img loading=\"lazy\" width=\"1024\" height=\"683\" src=\"https:\/\/thelibratravels.com\/wp-content\/uploads\/2022\/10\/thelibratravels_tabarca4-1024x683.jpg\" alt=\"faro\" class=\"wp-image-4587\" srcset=\"https:\/\/thelibratravels.com\/wp-content\/uploads\/2022\/10\/thelibratravels_tabarca4-1024x683.jpg 1024w, https:\/\/thelibratravels.com\/wp-content\/uploads\/2022\/10\/thelibratravels_tabarca4-300x200.jpg 300w, https:\/\/thelibratravels.com\/wp-content\/uploads\/2022\/10\/thelibratravels_tabarca4-768x512.jpg 768w, https:\/\/thelibratravels.com\/wp-content\/uploads\/2022\/10\/thelibratravels_tabarca4-1536x1024.jpg 1536w, https:\/\/thelibratravels.com\/wp-content\/uploads\/2022\/10\/thelibratravels_tabarca4-2048x1365.jpg 2048w\" sizes=\"(max-width: 1024px) 100vw, 1024px\" \/><figcaption><em>Faro di Tabarca<\/em><\/figcaption><\/figure>\n\n\n\n<div class=\"wptb-table-container wptb-table-4530\"><div class=\"wptb-table-container-matrix\" id=\"wptb-table-id-4530\" data-wptb-version=\"1.3.13\" data-wptb-pro-status=\"false\"><table class=\"wptb-preview-table wptb-element-main-table_setting-279\" data-wptb-adaptive-table=\"0\" data-wptb-cells-width-auto-count=\"1\" data-wptb-table-tds-sum-max-width=\"108\" style=\"border: 2px solid rgb(129, 153, 206);\" data-table-columns=\"1\" data-reconstraction=\"1\" role=\"table\" data-wptb-header-background-color=\"#8199ce\" data-wptb-even-row-background-color=\"\" data-wptb-odd-row-background-color=\"\" data-wptb-responsive-directives=\"eyJyZXNwb25zaXZlRW5hYmxlZCI6ZmFsc2UsInJlc3BvbnNpdmVNb2RlIjoiYXV0byIsInByZXNlcnZlUm93Q29sb3IiOmZhbHNlLCJyZWxhdGl2ZVdpZHRoIjoid2luZG93IiwiaGVhZGVyRnVsbHlNZXJnZWQiOmZhbHNlLCJtb2RlT3B0aW9ucyI6eyJhdXRvIjp7InRvcFJvd0FzSGVhZGVyIjp7ImRlc2t0b3AiOmZhbHNlLCJ0YWJsZXQiOnRydWUsIm1vYmlsZSI6dHJ1ZX0sInJlcGVhdE1lcmdlZEhlYWRlciI6eyJkZXNrdG9wIjp0cnVlLCJ0YWJsZXQiOnRydWUsIm1vYmlsZSI6dHJ1ZX0sInN0YXRpY1RvcFJvdyI6eyJkZXNrdG9wIjpmYWxzZSwidGFibGV0IjpmYWxzZSwibW9iaWxlIjpmYWxzZX0sImNlbGxTdGFja0RpcmVjdGlvbiI6eyJkZXNrdG9wIjoicm93IiwidGFibGV0Ijoicm93IiwibW9iaWxlIjoicm93In0sImNlbGxzUGVyUm93Ijp7ImRlc2t0b3AiOjEsInRhYmxldCI6MSwibW9iaWxlIjoxfX19LCJicmVha3BvaW50cyI6eyJkZXNrdG9wIjp7Im5hbWUiOiJkZXNrdG9wIiwid2lkdGgiOjEwMjR9LCJ0YWJsZXQiOnsibmFtZSI6InRhYmxldCIsIndpZHRoIjo3MDB9LCJtb2JpbGUiOnsibmFtZSI6Im1vYmlsZSIsIndpZHRoIjozMDB9fX0=\" data-wptb-extra-styles=\"LyogRW50ZXIgeW91ciBjdXN0b20gQ1NTIHJ1bGVzIGhlcmUgKi8=\"><tbody><tr class=\"wptb-row\" style=\"background-color: rgb(129, 153, 206);\" data-wptb-bg-color=\"#8199ce\"><td class=\"wptb-cell\" data-wptb-css-td-auto-width=\"true\" data-x-index=\"0\" data-y-index=\"0\" style=\"padding: 2px; border: 1px solid rgb(129, 153, 206);\"><div class=\"wptb-text-container wptb-ph-element wptb-element-text-1\" style=\"color: rgb(255, 255, 255); font-size: 15px;\"><div class=\"\" style=\"position: relative;\"><p class=\"\"><strong>TRAVEL TIP<\/strong><\/p><\/div><\/div><\/td><\/tr><tr class=\"wptb-row\" data-wptb-bg-color=\"\"><td class=\"wptb-cell\" data-wptb-css-td-auto-width=\"true\" data-x-index=\"0\" data-y-index=\"1\" style=\"padding: 2px; border: 1px solid rgb(129, 153, 206);\"><div class=\"wptb-text-container wptb-ph-element wptb-element-text-2 edit-active\" style=\"font-size: 15px; color: rgb(74, 85, 104);\"><div class=\"\" style=\"position: relative;\"><p class=\"\">Se prenoti l'escursione all'isola di Tabarca, per sicurezza ricorda di portare delle pastiglie anti-vomito perch&eacute;, sia all'andata che al ritorno, nonostante il mare non fosse mosso, l'imbarcazione non smetteva di oscillare bruscamente. <\/p><p class=\"\"><\/p><\/div><\/div><\/td><\/tr><\/tbody><\/table><\/div><\/div>\n\n\n\n\n<ol start=\"5\"><li>Una gita veloce a <strong>Elx<\/strong> (o Elche) conosciuta per il suo palmeto che dal 2000 \u00e8 Patrimonio dell&#8217;Umanit\u00e0 UNESCO. La citt\u00e0 con pi\u00f9 palme d&#8217;Europa si raggiunge da Alicante in soli 25 minuti di bus ALSA.<\/li><\/ol>\n\n\n\n<iframe src=\"https:\/\/www.google.com\/maps\/embed?pb=!1m28!1m12!1m3!1d100184.52650916319!2d-0.6716635440157565!3d38.30807848208781!2m3!1f0!2f0!3f0!3m2!1i1024!2i768!4f13.1!4m13!3e3!4m5!1s0xd63b42c4ece57a3%3A0xd9a5de7c6be724dd!2sElx%2C%20Spagna!3m2!1d38.2699329!2d-0.7125608!4m5!1s0xd6235da3b9dab4b%3A0x1d7da872ac0b81e3!2sAlicante%2C%20Spagna!3m2!1d38.345996299999996!2d-0.4906855!5e0!3m2!1sit!2sit!4v1663102996639!5m2!1sit!2sit\" width=\"600\" height=\"450\" style=\"border:0;\" allowfullscreen=\"\" loading=\"lazy\" referrerpolicy=\"no-referrer-when-downgrade\"><\/iframe>\n\n\n\n<ol start=\"6\"><li>Se cerchi un po&#8217; di movida notturna e hai la macchina, <strong>Benidorm<\/strong> \u00e8 certamente la meta ideale. Dista solo 40km da Alicante.<\/li><li>Fan di Squid Game? Non puoi perderti <strong>Calp<\/strong> e la sua <strong>Muralla Roja<\/strong> di Bonfil, il complesso postmoderno che ha ispirato la fortezza della serie tv coreana. <strong>ATTENZIONE<\/strong>: per vedere la Muralla all&#8217;interno devi necessariamente alloggiare in uno dei suoi appartamenti, prenotando da <a href=\"https:\/\/www.booking.com\/hotel\/es\/la-muralla-roja-loft.it.html?aid=318615&amp;label=New_Italian_IT_IT_21439065865-CyCdtFKNvc1g9w4w0cq1YQS99511280785%3Apl%3Ata%3Ap1%3Ap2%3Aac%3Aap%3Aneg%3Afi%3Atiaud-297601666555%3Adsa-64415224945%3Alp1008463%3Ali%3Adec%3Adm&amp;sid=bcf6d48018292bf0224a29be2feb8787&amp;all_sr_blocks=585345101_329668577_2_0_0;checkin=2022-11-25;checkout=2022-11-26;dest_id=-375124;dest_type=city;dist=0;group_adults=2;group_children=0;hapos=1;highlighted_blocks=585345101_329668577_2_0_0;hpos=1;matching_block_id=585345101_329668577_2_0_0;no_rooms=1;req_adults=2;req_children=0;room1=A%2CA;sb_price_type=total;sr_order=popularity;sr_pri_blocks=585345101_329668577_2_0_0__20700;srepoch=1663104375;srpvid=347f96bac77b0022;type=total;ucfs=1&amp;#hotelTmpl\" target=\"_blank\" rel=\"noreferrer noopener\">Booking<\/a>: questa \u00e8 infatti una residenza privata messa a disposizione per affitti brevi. Da vedere anche il <strong>Picco di Ifach<\/strong> (bella la visuale dal <strong>Mirador Monte Toix<\/strong>), <strong>Les Salines<\/strong>, <strong>Cala Calalga<\/strong>, <strong>Banos de la Reina<\/strong> e <strong>Cala el Rac\u00f2<\/strong>.<\/li><\/ol>\n\n\n\n<figure class=\"wp-block-image size-large\"><img loading=\"lazy\" width=\"1024\" height=\"683\" src=\"https:\/\/thelibratravels.com\/wp-content\/uploads\/2022\/10\/thelibratravels_muralla-roja-1-1024x683.jpg\" alt=\"Muralla Roja - Calp\" class=\"wp-image-4589\" srcset=\"https:\/\/thelibratravels.com\/wp-content\/uploads\/2022\/10\/thelibratravels_muralla-roja-1-1024x683.jpg 1024w, https:\/\/thelibratravels.com\/wp-content\/uploads\/2022\/10\/thelibratravels_muralla-roja-1-300x200.jpg 300w, https:\/\/thelibratravels.com\/wp-content\/uploads\/2022\/10\/thelibratravels_muralla-roja-1-768x512.jpg 768w, https:\/\/thelibratravels.com\/wp-content\/uploads\/2022\/10\/thelibratravels_muralla-roja-1-1536x1024.jpg 1536w, https:\/\/thelibratravels.com\/wp-content\/uploads\/2022\/10\/thelibratravels_muralla-roja-1-2048x1365.jpg 2048w\" sizes=\"(max-width: 1024px) 100vw, 1024px\" \/><figcaption><em>Muralla Roja &#8211; Calp<\/em><\/figcaption><\/figure>\n\n\n\n<ol start=\"8\"><li><strong>Santuario de Santa Mar\u00eda Magdalena de Novelda<\/strong> &#8211; Questo santuario \u00e8 una delle tappe del Camino de Santiago ed \u00e8 stato soprannominato \u2018La piccola Sagrada Familia&#8221;. Capirai subito perch\u00e9! L&#8217;ingresso \u00e8 gratuito.<\/li><li><strong>Parco Naturale di Torrevieja<\/strong> &#8211; Il parco ha due lagune principali, <strong>La Mata<\/strong>, con l&#8217;acqua di colore verdastro, e il lago salato di Torrevieja, che ha un colore rosa spettacolare (dovuto ai batteri presenti nell\u2019acqua). Un posto perfetto, come ogni laguna, per chi ama il birdwatching o la fotografia naturalistica.<\/li><\/ol>\n\n\n\n<h3 class=\"has-text-color\" style=\"color:#1d71b8;font-size:17px\"><strong>DOVE MANGIARE AD ALICANTE<\/strong><\/h3>\n\n\n\n<p>Questi sono i posti che abbiamo apprezzato di pi\u00f9:<\/p>\n\n\n\n<ul><li><strong><a href=\"https:\/\/www.tripadvisor.it\/Restaurant_Review-g1064230-d994743-Reviews-Nou_Manolin-Alicante_Costa_Blanca_Province_of_Alicante_Valencian_Country.html\" target=\"_blank\" rel=\"noreferrer noopener\">Nou Manolin<\/a><\/strong> &#8211; dove abbiamo assaggiato una buonissima paella gourmet (inserito anche nella Guida Michelin).<\/li><li><strong><a href=\"https:\/\/www.tripadvisor.it\/Restaurant_Review-g1064230-d23436865-Reviews-Santa_Gloria_Coffee_Bakery-Alicante_Costa_Blanca_Province_of_Alicante_Valencian.html\" target=\"_blank\" rel=\"noreferrer noopener\">Santa Gloria<\/a><\/strong> &#8211; una buonissima Bakery dove fare colazione.<\/li><li><strong><a href=\"https:\/\/www.tripadvisor.it\/Restaurant_Review-g1064230-d1579365-Reviews-El_Canto-Alicante_Costa_Blanca_Province_of_Alicante_Valencian_Country.html\" target=\"_blank\" rel=\"noreferrer noopener\">El Cant\u00f3<\/a><\/strong> &#8211; per mangiare delle tapas davvero sfiziose in un ambiente molto <em>friendly<\/em> e alla mano.<\/li><li><strong><a href=\"https:\/\/www.tripadvisor.it\/Restaurant_Review-g1064230-d3538479-Reviews-La_Taberna_Iberica-Alicante_Costa_Blanca_Province_of_Alicante_Valencian_Country.html\" target=\"_blank\" rel=\"noreferrer noopener\">La Taberna Ib\u00e9rica<\/a><\/strong> &#8211; un posto davvero sincero. Ottima la paella e i calamari &#8220;a la plancha&#8221;. Prenotazioni anche su The Fork.<\/li><\/ul>\n\n\n\n<figure class=\"wp-block-gallery columns-3 is-cropped\"><ul class=\"blocks-gallery-grid\"><li class=\"blocks-gallery-item\"><figure><img loading=\"lazy\" width=\"360\" height=\"640\" src=\"https:\/\/thelibratravels.com\/wp-content\/uploads\/2022\/10\/thelibratravels_alicante1-1.jpg\" alt=\"\" data-id=\"4592\" data-full-url=\"https:\/\/thelibratravels.com\/wp-content\/uploads\/2022\/10\/thelibratravels_alicante1-1.jpg\" data-link=\"https:\/\/thelibratravels.com\/?attachment_id=4592\" class=\"wp-image-4592\" srcset=\"https:\/\/thelibratravels.com\/wp-content\/uploads\/2022\/10\/thelibratravels_alicante1-1.jpg 360w, https:\/\/thelibratravels.com\/wp-content\/uploads\/2022\/10\/thelibratravels_alicante1-1-169x300.jpg 169w\" sizes=\"(max-width: 360px) 100vw, 360px\" \/><\/figure><\/li><li class=\"blocks-gallery-item\"><figure><img loading=\"lazy\" width=\"576\" height=\"1024\" src=\"https:\/\/thelibratravels.com\/wp-content\/uploads\/2022\/10\/thelibratravels_alicante2-576x1024.jpg\" alt=\"\" data-id=\"4593\" data-full-url=\"https:\/\/thelibratravels.com\/wp-content\/uploads\/2022\/10\/thelibratravels_alicante2-scaled.jpg\" data-link=\"https:\/\/thelibratravels.com\/?attachment_id=4593\" class=\"wp-image-4593\" srcset=\"https:\/\/thelibratravels.com\/wp-content\/uploads\/2022\/10\/thelibratravels_alicante2-576x1024.jpg 576w, https:\/\/thelibratravels.com\/wp-content\/uploads\/2022\/10\/thelibratravels_alicante2-169x300.jpg 169w, https:\/\/thelibratravels.com\/wp-content\/uploads\/2022\/10\/thelibratravels_alicante2-768x1365.jpg 768w, https:\/\/thelibratravels.com\/wp-content\/uploads\/2022\/10\/thelibratravels_alicante2-864x1536.jpg 864w, https:\/\/thelibratravels.com\/wp-content\/uploads\/2022\/10\/thelibratravels_alicante2-1152x2048.jpg 1152w, https:\/\/thelibratravels.com\/wp-content\/uploads\/2022\/10\/thelibratravels_alicante2-scaled.jpg 1440w\" sizes=\"(max-width: 576px) 100vw, 576px\" \/><\/figure><\/li><li class=\"blocks-gallery-item\"><figure><img loading=\"lazy\" width=\"576\" height=\"1024\" src=\"https:\/\/thelibratravels.com\/wp-content\/uploads\/2022\/10\/thelibratravels_alicante3-576x1024.jpg\" alt=\"\" data-id=\"4594\" data-full-url=\"https:\/\/thelibratravels.com\/wp-content\/uploads\/2022\/10\/thelibratravels_alicante3-scaled.jpg\" data-link=\"https:\/\/thelibratravels.com\/?attachment_id=4594\" class=\"wp-image-4594\" srcset=\"https:\/\/thelibratravels.com\/wp-content\/uploads\/2022\/10\/thelibratravels_alicante3-576x1024.jpg 576w, https:\/\/thelibratravels.com\/wp-content\/uploads\/2022\/10\/thelibratravels_alicante3-169x300.jpg 169w, https:\/\/thelibratravels.com\/wp-content\/uploads\/2022\/10\/thelibratravels_alicante3-768x1365.jpg 768w, https:\/\/thelibratravels.com\/wp-content\/uploads\/2022\/10\/thelibratravels_alicante3-864x1536.jpg 864w, https:\/\/thelibratravels.com\/wp-content\/uploads\/2022\/10\/thelibratravels_alicante3-1152x2048.jpg 1152w, https:\/\/thelibratravels.com\/wp-content\/uploads\/2022\/10\/thelibratravels_alicante3-scaled.jpg 1440w\" sizes=\"(max-width: 576px) 100vw, 576px\" \/><\/figure><\/li><li class=\"blocks-gallery-item\"><figure><img loading=\"lazy\" width=\"576\" height=\"1024\" src=\"https:\/\/thelibratravels.com\/wp-content\/uploads\/2022\/10\/thelibratravels_alicante4-576x1024.jpg\" alt=\"\" data-id=\"4595\" data-full-url=\"https:\/\/thelibratravels.com\/wp-content\/uploads\/2022\/10\/thelibratravels_alicante4-scaled.jpg\" data-link=\"https:\/\/thelibratravels.com\/?attachment_id=4595\" class=\"wp-image-4595\" srcset=\"https:\/\/thelibratravels.com\/wp-content\/uploads\/2022\/10\/thelibratravels_alicante4-576x1024.jpg 576w, https:\/\/thelibratravels.com\/wp-content\/uploads\/2022\/10\/thelibratravels_alicante4-169x300.jpg 169w, https:\/\/thelibratravels.com\/wp-content\/uploads\/2022\/10\/thelibratravels_alicante4-768x1365.jpg 768w, https:\/\/thelibratravels.com\/wp-content\/uploads\/2022\/10\/thelibratravels_alicante4-864x1536.jpg 864w, https:\/\/thelibratravels.com\/wp-content\/uploads\/2022\/10\/thelibratravels_alicante4-1152x2048.jpg 1152w, https:\/\/thelibratravels.com\/wp-content\/uploads\/2022\/10\/thelibratravels_alicante4-scaled.jpg 1440w\" sizes=\"(max-width: 576px) 100vw, 576px\" \/><\/figure><\/li><li class=\"blocks-gallery-item\"><figure><img loading=\"lazy\" width=\"480\" height=\"640\" src=\"https:\/\/thelibratravels.com\/wp-content\/uploads\/2022\/10\/thelibratravels_alicante5-rotated.jpg\" alt=\"\" data-id=\"4596\" data-full-url=\"https:\/\/thelibratravels.com\/wp-content\/uploads\/2022\/10\/thelibratravels_alicante5-rotated.jpg\" data-link=\"https:\/\/thelibratravels.com\/?attachment_id=4596\" class=\"wp-image-4596\" srcset=\"https:\/\/thelibratravels.com\/wp-content\/uploads\/2022\/10\/thelibratravels_alicante5-rotated.jpg 480w, https:\/\/thelibratravels.com\/wp-content\/uploads\/2022\/10\/thelibratravels_alicante5-225x300.jpg 225w\" sizes=\"(max-width: 480px) 100vw, 480px\" \/><\/figure><\/li><li class=\"blocks-gallery-item\"><figure><img loading=\"lazy\" width=\"360\" height=\"640\" src=\"https:\/\/thelibratravels.com\/wp-content\/uploads\/2022\/10\/thelibratravels_Alicante6.jpg\" alt=\"\" data-id=\"4597\" data-full-url=\"https:\/\/thelibratravels.com\/wp-content\/uploads\/2022\/10\/thelibratravels_Alicante6.jpg\" data-link=\"https:\/\/thelibratravels.com\/?attachment_id=4597\" class=\"wp-image-4597\" srcset=\"https:\/\/thelibratravels.com\/wp-content\/uploads\/2022\/10\/thelibratravels_Alicante6.jpg 360w, https:\/\/thelibratravels.com\/wp-content\/uploads\/2022\/10\/thelibratravels_Alicante6-169x300.jpg 169w\" sizes=\"(max-width: 360px) 100vw, 360px\" \/><\/figure><\/li><\/ul><\/figure>\n\n\n\n<p>Ti \u00e8 piaciuto il racconto di Alicante? Scrivicelo nei commenti e prosegui il viaggio con noi leggendo l<strong>&#8216;<\/strong><a href=\"https:\/\/thelibratravels.com\/index.php\/2022\/12\/10\/valencia-in-4-giorni-cosa-fare-dove-mangiare-e-cosa-visitare\/\" target=\"_blank\" rel=\"noreferrer noopener\"><strong>articolo su<\/strong> <strong>Valencia<\/strong><\/a>, l&#8217;ultima tappa del nostro on the road in Spagna.<\/p>\n","protected":false},"excerpt":{"rendered":"<p>\u2022 Cosa fare e dove mangiare ad Alicante e dintorni \u2022 Continua il racconto del nostro on the road in Spagna. QUI puoi recuperare la prima tappa, Madrid, e alcune tips logistiche per organizzare questo viaggio. In questo articolo, invece, ti parliamo di Alicante e cosa fare nei suoi dintorni in 3 giorni, assolutamente sufficienti [&hellip;]<\/p>\n","protected":false},"author":2,"featured_media":4578,"comment_status":"open","ping_status":"open","sticky":false,"template":"","format":"standard","meta":{"_mi_skip_tracking":false,"_monsterinsights_sitenote_active":false,"_monsterinsights_sitenote_note":"","_monsterinsights_sitenote_category":0},"categories":[66],"tags":[43,46],"table_tags":[],"yoast_head":"<!-- This site is optimized with the Yoast SEO plugin v17.7 - https:\/\/yoast.com\/wordpress\/plugins\/seo\/ -->\n<title>Tre giorni ad Alicante in Spagna: cosa fare e dove mangiare |<\/title>\n<meta name=\"description\" content=\"Alicante \u00e8 una citt\u00e0 del Sud della Spagna che si affaccia sul Mar Mediterraneo. Leggi l&#039;articolo per scoprire cosa fare e dove mangiare.\" \/>\n<meta name=\"robots\" content=\"index, follow, max-snippet:-1, max-image-preview:large, max-video-preview:-1\" \/>\n<link rel=\"canonical\" href=\"https:\/\/thelibratravels.com\/index.php\/2022\/12\/03\/tre-giorni-ad-alicante-in-spagna-cosa-fare-e-dove-mangiare\/\" \/>\n<meta property=\"og:locale\" content=\"en_US\" \/>\n<meta property=\"og:type\" content=\"article\" \/>\n<meta property=\"og:title\" content=\"Tre giorni ad Alicante in Spagna: cosa fare e dove mangiare |\" \/>\n<meta property=\"og:description\" content=\"Alicante \u00e8 una citt\u00e0 del Sud della Spagna che si affaccia sul Mar Mediterraneo. Leggi l&#039;articolo per scoprire cosa fare e dove mangiare.\" \/>\n<meta property=\"og:url\" content=\"https:\/\/thelibratravels.com\/index.php\/2022\/12\/03\/tre-giorni-ad-alicante-in-spagna-cosa-fare-e-dove-mangiare\/\" \/>\n<meta property=\"og:site_name\" content=\"The Libra Travels\" \/>\n<meta property=\"article:published_time\" content=\"2022-12-03T14:51:20+00:00\" \/>\n<meta property=\"article:modified_time\" content=\"2022-12-10T14:28:20+00:00\" \/>\n<meta property=\"og:image\" content=\"https:\/\/thelibratravels.com\/wp-content\/uploads\/2022\/10\/thelibratravels_alicente-1024x592.png\" \/>\n\t<meta property=\"og:image:width\" content=\"1024\" \/>\n\t<meta property=\"og:image:height\" content=\"592\" \/>\n<meta name=\"twitter:card\" content=\"summary_large_image\" \/>\n<meta name=\"twitter:label1\" content=\"Written by\" \/>\n\t<meta name=\"twitter:data1\" content=\"Francesca\" \/>\n\t<meta name=\"twitter:label2\" content=\"Est. reading time\" \/>\n\t<meta name=\"twitter:data2\" content=\"8 minutes\" \/>\n<script type=\"application\/ld+json\" class=\"yoast-schema-graph\">{\"@context\":\"https:\/\/schema.org\",\"@graph\":[{\"@type\":\"Organization\",\"@id\":\"https:\/\/thelibratravels.com\/#organization\",\"name\":\"The Libra Travels\",\"url\":\"https:\/\/thelibratravels.com\/\",\"sameAs\":[],\"logo\":{\"@type\":\"ImageObject\",\"@id\":\"https:\/\/thelibratravels.com\/#logo\",\"inLanguage\":\"en-US\",\"url\":\"https:\/\/thelibratravels.com\/wp-content\/uploads\/2021\/03\/logo_orizzontale.jpg\",\"contentUrl\":\"https:\/\/thelibratravels.com\/wp-content\/uploads\/2021\/03\/logo_orizzontale.jpg\",\"width\":1260,\"height\":704,\"caption\":\"The Libra Travels\"},\"image\":{\"@id\":\"https:\/\/thelibratravels.com\/#logo\"}},{\"@type\":\"WebSite\",\"@id\":\"https:\/\/thelibratravels.com\/#website\",\"url\":\"https:\/\/thelibratravels.com\/\",\"name\":\"The Libra Travels\",\"description\":\"Inspiring stories\",\"publisher\":{\"@id\":\"https:\/\/thelibratravels.com\/#organization\"},\"potentialAction\":[{\"@type\":\"SearchAction\",\"target\":{\"@type\":\"EntryPoint\",\"urlTemplate\":\"https:\/\/thelibratravels.com\/?s={search_term_string}\"},\"query-input\":\"required name=search_term_string\"}],\"inLanguage\":\"en-US\"},{\"@type\":\"ImageObject\",\"@id\":\"https:\/\/thelibratravels.com\/index.php\/2022\/12\/03\/tre-giorni-ad-alicante-in-spagna-cosa-fare-e-dove-mangiare\/#primaryimage\",\"inLanguage\":\"en-US\",\"url\":\"https:\/\/thelibratravels.com\/wp-content\/uploads\/2022\/10\/thelibratravels_alicente.png\",\"contentUrl\":\"https:\/\/thelibratravels.com\/wp-content\/uploads\/2022\/10\/thelibratravels_alicente.png\",\"width\":2014,\"height\":1164,\"caption\":\"alicante montagna castello santa barbara\"},{\"@type\":\"WebPage\",\"@id\":\"https:\/\/thelibratravels.com\/index.php\/2022\/12\/03\/tre-giorni-ad-alicante-in-spagna-cosa-fare-e-dove-mangiare\/#webpage\",\"url\":\"https:\/\/thelibratravels.com\/index.php\/2022\/12\/03\/tre-giorni-ad-alicante-in-spagna-cosa-fare-e-dove-mangiare\/\",\"name\":\"Tre giorni ad Alicante in Spagna: cosa fare e dove mangiare |\",\"isPartOf\":{\"@id\":\"https:\/\/thelibratravels.com\/#website\"},\"primaryImageOfPage\":{\"@id\":\"https:\/\/thelibratravels.com\/index.php\/2022\/12\/03\/tre-giorni-ad-alicante-in-spagna-cosa-fare-e-dove-mangiare\/#primaryimage\"},\"datePublished\":\"2022-12-03T14:51:20+00:00\",\"dateModified\":\"2022-12-10T14:28:20+00:00\",\"description\":\"Alicante \\u00e8 una citt\\u00e0 del Sud della Spagna che si affaccia sul Mar Mediterraneo. Leggi l'articolo per scoprire cosa fare e dove mangiare.\",\"breadcrumb\":{\"@id\":\"https:\/\/thelibratravels.com\/index.php\/2022\/12\/03\/tre-giorni-ad-alicante-in-spagna-cosa-fare-e-dove-mangiare\/#breadcrumb\"},\"inLanguage\":\"en-US\",\"potentialAction\":[{\"@type\":\"ReadAction\",\"target\":[\"https:\/\/thelibratravels.com\/index.php\/2022\/12\/03\/tre-giorni-ad-alicante-in-spagna-cosa-fare-e-dove-mangiare\/\"]}]},{\"@type\":\"BreadcrumbList\",\"@id\":\"https:\/\/thelibratravels.com\/index.php\/2022\/12\/03\/tre-giorni-ad-alicante-in-spagna-cosa-fare-e-dove-mangiare\/#breadcrumb\",\"itemListElement\":[{\"@type\":\"ListItem\",\"position\":1,\"name\":\"Home\",\"item\":\"https:\/\/thelibratravels.com\/\"},{\"@type\":\"ListItem\",\"position\":2,\"name\":\"Tre giorni ad Alicante in Spagna: cosa fare e dove mangiare\"}]},{\"@type\":\"Article\",\"@id\":\"https:\/\/thelibratravels.com\/index.php\/2022\/12\/03\/tre-giorni-ad-alicante-in-spagna-cosa-fare-e-dove-mangiare\/#article\",\"isPartOf\":{\"@id\":\"https:\/\/thelibratravels.com\/index.php\/2022\/12\/03\/tre-giorni-ad-alicante-in-spagna-cosa-fare-e-dove-mangiare\/#webpage\"},\"author\":{\"@id\":\"https:\/\/thelibratravels.com\/#\/schema\/person\/3832b25c6494095e34c8a9c2c2557127\"},\"headline\":\"Tre giorni ad Alicante in Spagna: cosa fare e dove mangiare\",\"datePublished\":\"2022-12-03T14:51:20+00:00\",\"dateModified\":\"2022-12-10T14:28:20+00:00\",\"mainEntityOfPage\":{\"@id\":\"https:\/\/thelibratravels.com\/index.php\/2022\/12\/03\/tre-giorni-ad-alicante-in-spagna-cosa-fare-e-dove-mangiare\/#webpage\"},\"wordCount\":1072,\"commentCount\":0,\"publisher\":{\"@id\":\"https:\/\/thelibratravels.com\/#organization\"},\"image\":{\"@id\":\"https:\/\/thelibratravels.com\/index.php\/2022\/12\/03\/tre-giorni-ad-alicante-in-spagna-cosa-fare-e-dove-mangiare\/#primaryimage\"},\"thumbnailUrl\":\"https:\/\/thelibratravels.com\/wp-content\/uploads\/2022\/10\/thelibratravels_alicente.png\",\"keywords\":[\"Coppia\",\"Instagrammer\"],\"articleSection\":[\"Spagna\"],\"inLanguage\":\"en-US\",\"potentialAction\":[{\"@type\":\"CommentAction\",\"name\":\"Comment\",\"target\":[\"https:\/\/thelibratravels.com\/index.php\/2022\/12\/03\/tre-giorni-ad-alicante-in-spagna-cosa-fare-e-dove-mangiare\/#respond\"]}]},{\"@type\":\"Person\",\"@id\":\"https:\/\/thelibratravels.com\/#\/schema\/person\/3832b25c6494095e34c8a9c2c2557127\",\"name\":\"Francesca\",\"image\":{\"@type\":\"ImageObject\",\"@id\":\"https:\/\/thelibratravels.com\/#personlogo\",\"inLanguage\":\"en-US\",\"url\":\"https:\/\/secure.gravatar.com\/avatar\/d44165d760232ce02dd9cffb5f31b962?s=96&d=wavatar&r=g\",\"contentUrl\":\"https:\/\/secure.gravatar.com\/avatar\/d44165d760232ce02dd9cffb5f31b962?s=96&d=wavatar&r=g\",\"caption\":\"Francesca\"},\"url\":\"https:\/\/thelibratravels.com\/index.php\/author\/francesca\/\"}]}<\/script>\n<!-- \/ Yoast SEO plugin. -->","yoast_head_json":{"title":"Tre giorni ad Alicante in Spagna: cosa fare e dove mangiare |","description":"Alicante \u00e8 una citt\u00e0 del Sud della Spagna che si affaccia sul Mar Mediterraneo. Leggi l'articolo per scoprire cosa fare e dove mangiare.","robots":{"index":"index","follow":"follow","max-snippet":"max-snippet:-1","max-image-preview":"max-image-preview:large","max-video-preview":"max-video-preview:-1"},"canonical":"https:\/\/thelibratravels.com\/index.php\/2022\/12\/03\/tre-giorni-ad-alicante-in-spagna-cosa-fare-e-dove-mangiare\/","og_locale":"en_US","og_type":"article","og_title":"Tre giorni ad Alicante in Spagna: cosa fare e dove mangiare |","og_description":"Alicante \u00e8 una citt\u00e0 del Sud della Spagna che si affaccia sul Mar Mediterraneo. Leggi l'articolo per scoprire cosa fare e dove mangiare.","og_url":"https:\/\/thelibratravels.com\/index.php\/2022\/12\/03\/tre-giorni-ad-alicante-in-spagna-cosa-fare-e-dove-mangiare\/","og_site_name":"The Libra Travels","article_published_time":"2022-12-03T14:51:20+00:00","article_modified_time":"2022-12-10T14:28:20+00:00","og_image":[{"width":1024,"height":592,"url":"https:\/\/thelibratravels.com\/wp-content\/uploads\/2022\/10\/thelibratravels_alicente-1024x592.png","type":"image\/png"}],"twitter_card":"summary_large_image","twitter_misc":{"Written by":"Francesca","Est. reading time":"8 minutes"},"schema":{"@context":"https:\/\/schema.org","@graph":[{"@type":"Organization","@id":"https:\/\/thelibratravels.com\/#organization","name":"The Libra Travels","url":"https:\/\/thelibratravels.com\/","sameAs":[],"logo":{"@type":"ImageObject","@id":"https:\/\/thelibratravels.com\/#logo","inLanguage":"en-US","url":"https:\/\/thelibratravels.com\/wp-content\/uploads\/2021\/03\/logo_orizzontale.jpg","contentUrl":"https:\/\/thelibratravels.com\/wp-content\/uploads\/2021\/03\/logo_orizzontale.jpg","width":1260,"height":704,"caption":"The Libra Travels"},"image":{"@id":"https:\/\/thelibratravels.com\/#logo"}},{"@type":"WebSite","@id":"https:\/\/thelibratravels.com\/#website","url":"https:\/\/thelibratravels.com\/","name":"The Libra Travels","description":"Inspiring stories","publisher":{"@id":"https:\/\/thelibratravels.com\/#organization"},"potentialAction":[{"@type":"SearchAction","target":{"@type":"EntryPoint","urlTemplate":"https:\/\/thelibratravels.com\/?s={search_term_string}"},"query-input":"required name=search_term_string"}],"inLanguage":"en-US"},{"@type":"ImageObject","@id":"https:\/\/thelibratravels.com\/index.php\/2022\/12\/03\/tre-giorni-ad-alicante-in-spagna-cosa-fare-e-dove-mangiare\/#primaryimage","inLanguage":"en-US","url":"https:\/\/thelibratravels.com\/wp-content\/uploads\/2022\/10\/thelibratravels_alicente.png","contentUrl":"https:\/\/thelibratravels.com\/wp-content\/uploads\/2022\/10\/thelibratravels_alicente.png","width":2014,"height":1164,"caption":"alicante montagna castello santa barbara"},{"@type":"WebPage","@id":"https:\/\/thelibratravels.com\/index.php\/2022\/12\/03\/tre-giorni-ad-alicante-in-spagna-cosa-fare-e-dove-mangiare\/#webpage","url":"https:\/\/thelibratravels.com\/index.php\/2022\/12\/03\/tre-giorni-ad-alicante-in-spagna-cosa-fare-e-dove-mangiare\/","name":"Tre giorni ad Alicante in Spagna: cosa fare e dove mangiare |","isPartOf":{"@id":"https:\/\/thelibratravels.com\/#website"},"primaryImageOfPage":{"@id":"https:\/\/thelibratravels.com\/index.php\/2022\/12\/03\/tre-giorni-ad-alicante-in-spagna-cosa-fare-e-dove-mangiare\/#primaryimage"},"datePublished":"2022-12-03T14:51:20+00:00","dateModified":"2022-12-10T14:28:20+00:00","description":"Alicante \u00e8 una citt\u00e0 del Sud della Spagna che si affaccia sul Mar Mediterraneo. Leggi l'articolo per scoprire cosa fare e dove mangiare.","breadcrumb":{"@id":"https:\/\/thelibratravels.com\/index.php\/2022\/12\/03\/tre-giorni-ad-alicante-in-spagna-cosa-fare-e-dove-mangiare\/#breadcrumb"},"inLanguage":"en-US","potentialAction":[{"@type":"ReadAction","target":["https:\/\/thelibratravels.com\/index.php\/2022\/12\/03\/tre-giorni-ad-alicante-in-spagna-cosa-fare-e-dove-mangiare\/"]}]},{"@type":"BreadcrumbList","@id":"https:\/\/thelibratravels.com\/index.php\/2022\/12\/03\/tre-giorni-ad-alicante-in-spagna-cosa-fare-e-dove-mangiare\/#breadcrumb","itemListElement":[{"@type":"ListItem","position":1,"name":"Home","item":"https:\/\/thelibratravels.com\/"},{"@type":"ListItem","position":2,"name":"Tre giorni ad Alicante in Spagna: cosa fare e dove mangiare"}]},{"@type":"Article","@id":"https:\/\/thelibratravels.com\/index.php\/2022\/12\/03\/tre-giorni-ad-alicante-in-spagna-cosa-fare-e-dove-mangiare\/#article","isPartOf":{"@id":"https:\/\/thelibratravels.com\/index.php\/2022\/12\/03\/tre-giorni-ad-alicante-in-spagna-cosa-fare-e-dove-mangiare\/#webpage"},"author":{"@id":"https:\/\/thelibratravels.com\/#\/schema\/person\/3832b25c6494095e34c8a9c2c2557127"},"headline":"Tre giorni ad Alicante in Spagna: cosa fare e dove mangiare","datePublished":"2022-12-03T14:51:20+00:00","dateModified":"2022-12-10T14:28:20+00:00","mainEntityOfPage":{"@id":"https:\/\/thelibratravels.com\/index.php\/2022\/12\/03\/tre-giorni-ad-alicante-in-spagna-cosa-fare-e-dove-mangiare\/#webpage"},"wordCount":1072,"commentCount":0,"publisher":{"@id":"https:\/\/thelibratravels.com\/#organization"},"image":{"@id":"https:\/\/thelibratravels.com\/index.php\/2022\/12\/03\/tre-giorni-ad-alicante-in-spagna-cosa-fare-e-dove-mangiare\/#primaryimage"},"thumbnailUrl":"https:\/\/thelibratravels.com\/wp-content\/uploads\/2022\/10\/thelibratravels_alicente.png","keywords":["Coppia","Instagrammer"],"articleSection":["Spagna"],"inLanguage":"en-US","potentialAction":[{"@type":"CommentAction","name":"Comment","target":["https:\/\/thelibratravels.com\/index.php\/2022\/12\/03\/tre-giorni-ad-alicante-in-spagna-cosa-fare-e-dove-mangiare\/#respond"]}]},{"@type":"Person","@id":"https:\/\/thelibratravels.com\/#\/schema\/person\/3832b25c6494095e34c8a9c2c2557127","name":"Francesca","image":{"@type":"ImageObject","@id":"https:\/\/thelibratravels.com\/#personlogo","inLanguage":"en-US","url":"https:\/\/secure.gravatar.com\/avatar\/d44165d760232ce02dd9cffb5f31b962?s=96&d=wavatar&r=g","contentUrl":"https:\/\/secure.gravatar.com\/avatar\/d44165d760232ce02dd9cffb5f31b962?s=96&d=wavatar&r=g","caption":"Francesca"},"url":"https:\/\/thelibratravels.com\/index.php\/author\/francesca\/"}]}},"_links":{"self":[{"href":"https:\/\/thelibratravels.com\/index.php\/wp-json\/wp\/v2\/posts\/4445"}],"collection":[{"href":"https:\/\/thelibratravels.com\/index.php\/wp-json\/wp\/v2\/posts"}],"about":[{"href":"https:\/\/thelibratravels.com\/index.php\/wp-json\/wp\/v2\/types\/post"}],"author":[{"embeddable":true,"href":"https:\/\/thelibratravels.com\/index.php\/wp-json\/wp\/v2\/users\/2"}],"replies":[{"embeddable":true,"href":"https:\/\/thelibratravels.com\/index.php\/wp-json\/wp\/v2\/comments?post=4445"}],"version-history":[{"count":38,"href":"https:\/\/thelibratravels.com\/index.php\/wp-json\/wp\/v2\/posts\/4445\/revisions"}],"predecessor-version":[{"id":4713,"href":"https:\/\/thelibratravels.com\/index.php\/wp-json\/wp\/v2\/posts\/4445\/revisions\/4713"}],"wp:featuredmedia":[{"embeddable":true,"href":"https:\/\/thelibratravels.com\/index.php\/wp-json\/wp\/v2\/media\/4578"}],"wp:attachment":[{"href":"https:\/\/thelibratravels.com\/index.php\/wp-json\/wp\/v2\/media?parent=4445"}],"wp:term":[{"taxonomy":"category","embeddable":true,"href":"https:\/\/thelibratravels.com\/index.php\/wp-json\/wp\/v2\/categories?post=4445"},{"taxonomy":"post_tag","embeddable":true,"href":"https:\/\/thelibratravels.com\/index.php\/wp-json\/wp\/v2\/tags?post=4445"},{"taxonomy":"table_tags","embeddable":true,"href":"https:\/\/thelibratravels.com\/index.php\/wp-json\/wp\/v2\/table_tags?post=4445"}],"curies":[{"name":"wp","href":"https:\/\/api.w.org\/{rel}","templated":true}]}}