{"id":4448,"date":"2022-12-10T15:27:16","date_gmt":"2022-12-10T14:27:16","guid":{"rendered":"https:\/\/thelibratravels.com\/?p=4448"},"modified":"2022-12-10T15:27:18","modified_gmt":"2022-12-10T14:27:18","slug":"valencia-in-4-giorni-cosa-fare-dove-mangiare-e-cosa-visitare","status":"publish","type":"post","link":"https:\/\/thelibratravels.com\/index.php\/2022\/12\/10\/valencia-in-4-giorni-cosa-fare-dove-mangiare-e-cosa-visitare\/","title":{"rendered":"Valencia in 4 giorni: cosa fare, dove mangiare e cosa visitare"},"content":{"rendered":"\n<h2><strong>\u2022Consigli per visitare Valencia in pochi giorni\u2022<\/strong><\/h2>\n\n\n\n<figure class=\"wp-block-image size-large\"><img loading=\"lazy\" width=\"1024\" height=\"683\" src=\"https:\/\/thelibratravels.com\/wp-content\/uploads\/2022\/12\/thelibratravels_cattedrale-1024x683.jpg\" alt=\"valencia vista dall'alto del campanile \" class=\"wp-image-4692\" srcset=\"https:\/\/thelibratravels.com\/wp-content\/uploads\/2022\/12\/thelibratravels_cattedrale-1024x683.jpg 1024w, https:\/\/thelibratravels.com\/wp-content\/uploads\/2022\/12\/thelibratravels_cattedrale-300x200.jpg 300w, https:\/\/thelibratravels.com\/wp-content\/uploads\/2022\/12\/thelibratravels_cattedrale-768x512.jpg 768w, https:\/\/thelibratravels.com\/wp-content\/uploads\/2022\/12\/thelibratravels_cattedrale-1536x1024.jpg 1536w, https:\/\/thelibratravels.com\/wp-content\/uploads\/2022\/12\/thelibratravels_cattedrale-2048x1365.jpg 2048w\" sizes=\"(max-width: 1024px) 100vw, 1024px\" \/><figcaption><em>Valencia vista dall&#8217;alto del <strong>Miguelete<\/strong><\/em><\/figcaption><\/figure>\n\n\n\n<p>Dopo <em><strong><a href=\"https:\/\/thelibratravels.com\/index.php\/2022\/12\/03\/spagna-on-the-road\/\" target=\"_blank\" rel=\"noreferrer noopener\">Madrid<\/a><\/strong><\/em> e <em><strong><a href=\"https:\/\/thelibratravels.com\/index.php\/2022\/12\/03\/tre-giorni-ad-alicante-in-spagna-cosa-fare-e-dove-mangiare\/\" target=\"_blank\" rel=\"noreferrer noopener\">Alicante<\/a><\/strong><\/em>, l&#8217;ultima citt\u00e0 spagnola che abbiamo visitato durante il nostro<em> on the road estivo<\/em> \u00e8 stata <strong>Valencia<\/strong>. Ci ha conquistato all&#8217;istante: camminando per le sue stradine, nonostante il caldo, abbiamo percepito delle <em>good vibes<\/em> incredibili. Piccola e ben organizzata, dinamica e rilassante allo stesso tempo, Valencia ti ruber\u00e0 il cuore con il suo perfetto equilibrio tra modernit\u00e0 e tradizione antica. Ecco come innamorarvi di Valencia in pochi giorni.<\/p>\n\n\n\n<h3 class=\"has-text-color\" style=\"color:#1d71b8;font-size:17px\"><strong>COME ARRIVARE E SPOSTARSI<\/strong><\/h3>\n\n\n\n<p>Noi siamo arrivati a Valencia in treno (biglietti acquistati dal sito di <a href=\"https:\/\/www.renfe.com\/es\/es\" target=\"_blank\" rel=\"noreferrer noopener\"><strong>Renfe<\/strong><\/a>) da Alicante, impiegando appena due ore. Nel nostro viaggio abbiamo visitato Valencia in giornata, ma consigliamo di trattenersi in citt\u00e0 almeno un paio di giorni per poterla vivere a pieno.<\/p>\n\n\n\n<p>Ci si pu\u00f2 spostare in citt\u00e0 con i mezzi pubblici, acquistando i biglietti direttamente dalle macchinette automatiche della metropolitana, o a piedi. Per gli amanti della bicicletta consigliamo di noleggiarla, per esempio da <strong>Valenbisi<\/strong> o <strong>DoyouBike<\/strong>.<\/p>\n\n\n\n<div class=\"wptb-table-container wptb-table-4672\"><div class=\"wptb-table-container-matrix\" id=\"wptb-table-id-4672\" data-wptb-version=\"1.3.13\" data-wptb-pro-status=\"false\"><table class=\"wptb-preview-table wptb-element-main-table_setting-279\" data-wptb-adaptive-table=\"0\" data-wptb-cells-width-auto-count=\"1\" data-wptb-table-tds-sum-max-width=\"108\" style=\"border: 2px solid rgb(129, 153, 206);\" data-table-columns=\"1\" data-reconstraction=\"1\" role=\"table\" data-wptb-header-background-color=\"#8199ce\" data-wptb-even-row-background-color=\"\" data-wptb-odd-row-background-color=\"\" data-wptb-responsive-directives=\"eyJyZXNwb25zaXZlRW5hYmxlZCI6ZmFsc2UsInJlc3BvbnNpdmVNb2RlIjoiYXV0byIsInByZXNlcnZlUm93Q29sb3IiOmZhbHNlLCJyZWxhdGl2ZVdpZHRoIjoid2luZG93IiwiaGVhZGVyRnVsbHlNZXJnZWQiOmZhbHNlLCJtb2RlT3B0aW9ucyI6eyJhdXRvIjp7InRvcFJvd0FzSGVhZGVyIjp7ImRlc2t0b3AiOmZhbHNlLCJ0YWJsZXQiOnRydWUsIm1vYmlsZSI6dHJ1ZX0sInJlcGVhdE1lcmdlZEhlYWRlciI6eyJkZXNrdG9wIjp0cnVlLCJ0YWJsZXQiOnRydWUsIm1vYmlsZSI6dHJ1ZX0sInN0YXRpY1RvcFJvdyI6eyJkZXNrdG9wIjpmYWxzZSwidGFibGV0IjpmYWxzZSwibW9iaWxlIjpmYWxzZX0sImNlbGxTdGFja0RpcmVjdGlvbiI6eyJkZXNrdG9wIjoicm93IiwidGFibGV0Ijoicm93IiwibW9iaWxlIjoicm93In0sImNlbGxzUGVyUm93Ijp7ImRlc2t0b3AiOjEsInRhYmxldCI6MSwibW9iaWxlIjoxfX19LCJicmVha3BvaW50cyI6eyJkZXNrdG9wIjp7Im5hbWUiOiJkZXNrdG9wIiwid2lkdGgiOjEwMjR9LCJ0YWJsZXQiOnsibmFtZSI6InRhYmxldCIsIndpZHRoIjo3MDB9LCJtb2JpbGUiOnsibmFtZSI6Im1vYmlsZSIsIndpZHRoIjozMDB9fX0=\" data-wptb-extra-styles=\"LyogRW50ZXIgeW91ciBjdXN0b20gQ1NTIHJ1bGVzIGhlcmUgKi8=\"><tbody><tr class=\"wptb-row\" style=\"background-color: rgb(129, 153, 206);\" data-wptb-bg-color=\"#8199ce\"><td class=\"wptb-cell\" data-wptb-css-td-auto-width=\"true\" data-x-index=\"0\" data-y-index=\"0\" style=\"padding: 2px; border: 1px solid rgb(129, 153, 206);\"><div class=\"wptb-text-container wptb-ph-element wptb-element-text-1\" style=\"color: rgb(255, 255, 255); font-size: 15px;\"><div class=\"\" style=\"position: relative;\"><p class=\"\"><strong>TRAVEL TIP<\/strong><\/p><\/div><\/div><\/td><\/tr><tr class=\"wptb-row\" data-wptb-bg-color=\"\"><td class=\"wptb-cell\" data-wptb-css-td-auto-width=\"true\" data-x-index=\"0\" data-y-index=\"1\" style=\"padding: 2px; border: 1px solid rgb(129, 153, 206);\"><div class=\"wptb-text-container wptb-ph-element wptb-element-text-2 edit-active\" style=\"font-size: 15px; color: rgb(74, 85, 104);\"><div class=\"\" style=\"position: relative;\"><p class=\"\">Con la<a data-mce-href=\"https:\/\/www.visitvalencia.com\/it\/shop\/valencia-tourist-card?utm_term=valencia%20card&amp;utm_campaign=DOBLEO+IT+-+TOURIST+CARD&amp;utm_source=adwords&amp;utm_medium=ppc&amp;hsa_acc=4195691072&amp;hsa_cam=176490327&amp;hsa_grp=16000992207&amp;hsa_ad=352360221729&amp;hsa_src=g&amp;hsa_tgt=kwd-11626645086&amp;hsa_kw=valencia%20card&amp;hsa_mt=e&amp;hsa_net=adwords&amp;hsa_ver=3&amp;gclid=CjwKCAiAhKycBhAQEiwAgf19er9AwLNOdPQoJ2EhE1oMiNtCr7Xq1dONwIJ_TAmnZ4NPCzY4iaaVgxoCnHwQAvD_BwE\" href=\"https:\/\/www.visitvalencia.com\/it\/shop\/valencia-tourist-card?utm_term=valencia%20card&amp;utm_campaign=DOBLEO+IT+-+TOURIST+CARD&amp;utm_source=adwords&amp;utm_medium=ppc&amp;hsa_acc=4195691072&amp;hsa_cam=176490327&amp;hsa_grp=16000992207&amp;hsa_ad=352360221729&amp;hsa_src=g&amp;hsa_tgt=kwd-11626645086&amp;hsa_kw=valencia%20card&amp;hsa_mt=e&amp;hsa_net=adwords&amp;hsa_ver=3&amp;gclid=CjwKCAiAhKycBhAQEiwAgf19er9AwLNOdPQoJ2EhE1oMiNtCr7Xq1dONwIJ_TAmnZ4NPCzY4iaaVgxoCnHwQAvD_BwE\"><strong> Valencia Turist Card<\/strong><\/a> ci sono anche degli sconti interessanti. Puoi viaggiare&nbsp;<strong>GRATUITAMENTE<\/strong> in autobus, metropolitana, tram e treni suburbani. Puoi entrare <strong>GRATUITAMENTE<\/strong> nei&nbsp;musei&nbsp;e nei&nbsp;monumenti&nbsp;principali&nbsp;della citt&agrave; e puoi usufruire di&nbsp;sconti speciali&nbsp;presso le principali attrazioni turistiche pi&ugrave; importanti di Valencia.&nbsp;<\/p><p class=\"\"><\/p><\/div><\/div><\/td><\/tr><\/tbody><\/table><\/div><\/div>\n\n\n\n\n<h4 class=\"has-text-color\" style=\"color:#f18626;font-size:17px\"><strong>PRIMO GIORNO A VALENCIA<\/strong><\/h4>\n\n\n\n<iframe src=\"https:\/\/www.google.com\/maps\/embed?pb=!1m76!1m12!1m3!1d12319.43692143745!2d-0.3806874710746466!3d39.4725087717745!2m3!1f0!2f0!3f0!3m2!1i1024!2i768!4f13.1!4m61!3e2!4m5!1s0xd604f4d59d6a49d%3A0xd390f51c980d0a7e!2sCattedrale%20di%20Valencia!3m2!1d39.4755957!2d-0.3752124!4m5!1s0xd604f4d0bf52163%3A0x92b05838e28b5a58!2sPla%C3%A7a%20de%20Lope%20de%20Vega!3m2!1d39.4739278!2d-0.37696759999999996!4m5!1s0xd604f4dc26bfef3%3A0xb712b1ca639ccbc4!2sLonja%20de%20la%20Seda!3m2!1d39.4743713!2d-0.37832479999999996!4m5!1s0xd604f4ea7d4e61b%3A0x1243035689245d8d!2sMercado%20Central!3m2!1d39.4734632!2d-0.3790343!4m5!1s0xd604f4c9bbb5a99%3A0x109dc179638fbb28!2sPla%C3%A7a%20de%20l'Ajuntament!3m2!1d39.470720299999996!2d-0.3763582!4m5!1s0xd604f4ac5424e19%3A0xd2d3f388785bab96!2sPlaza%20de%20Toros%20de%20Valencia!3m2!1d39.4666255!2d-0.3761198!4m5!1s0xd6048b6e8127b13%3A0xf055bc736a9cc21f!2sMercato%20di%20Col%C3%B3n!3m2!1d39.468968499999995!2d-0.3683553!4m5!1s0xd6048b1771fe52b%3A0xb4f372ac717ee625!2sJardins%20de%20la%20Glorieta!3m2!1d39.4725816!2d-0.3694994!4m5!1s0xd6048add1b54ad1%3A0xa8d9250676dc891c!2sJard%C3%AD%20del%20T%C3%BAria%20-%20Tram%20VIII!3m2!1d39.4747896!2d-0.3673553!4m5!1s0xd6048af8a3fc271%3A0x94fd4ea775d25131!2sGiardini%20di%20Monforte!3m2!1d39.477176299999996!2d-0.365309!5e0!3m2!1sit!2sit!4v1669849977729!5m2!1sit!2sit\" width=\"600\" height=\"450\" style=\"border:0;\" allowfullscreen=\"\" loading=\"lazy\" referrerpolicy=\"no-referrer-when-downgrade\"><\/iframe>\n\n\n\n<p>Anche se noi in sole 12 ore abbiamo visto sia la <strong>Ciudad de las Artes y de las Ciencias<\/strong> sia il centro storico (\u00e8 fattibile), consigliamo di prendersi pi\u00f9 tempo e dedicare il primo giorno a Valencia interamente alla visita della <strong>Ciudad Vieja<\/strong>:<\/p>\n\n\n\n<ul><li>La&nbsp;<strong>Catedral Santa Maria de Valencia<\/strong>, in tutto il suo splendore gotico e gli affreschi rinascimentali dell&#8217;Altare Maggiore, \u00e8 famosa per custodire il <strong>Santo Graal<\/strong>. L&#8217;ingresso costa \u20ac8. Se ami le viste panoramiche, ti consigliamo di salire sul <strong>Miguelete<\/strong> al costo di \u20ac2. Per raggiungere la cima del campanile dovrai percorrere 207 gradini (la salita \u00e8 abbastanza sfidante e sconsigliamo l&#8217;impresa a chi soffre di claustrofobia, ma il panorama dall&#8217;alto ricompensa lo sforzo). Il momento ideale della giornata per la visita \u00e8 nel tardo pomeriggio intorno alle 18.30 (chiude alle 19.00\/19.30 in base al giorno della settimana) per godersi la vista al tramonto. La Cattedrale si trova vicino a<strong> Plaza de la Reina<\/strong>, uno dei luoghi pi\u00f9 iconici della citt\u00e0. <\/li><li>La barocca<strong>&nbsp;Puerta del Los Hierros<\/strong>, la romanica&nbsp;<strong>Puerta del Palau&nbsp;<\/strong>e la gotica&nbsp;<strong>Puerta de los Apostoles&nbsp;<\/strong>sono i tre portali di accesso alla <strong>Cattedrale di Valencia<\/strong>.<\/li><\/ul>\n\n\n\n<div class=\"wptb-table-container wptb-table-4664\"><div class=\"wptb-table-container-matrix\" id=\"wptb-table-id-4664\" data-wptb-version=\"1.3.13\" data-wptb-pro-status=\"false\"><table class=\"wptb-preview-table wptb-element-main-table_setting-279\" data-wptb-adaptive-table=\"0\" data-wptb-cells-width-auto-count=\"1\" data-wptb-table-tds-sum-max-width=\"108\" style=\"border: 2px solid rgb(241, 134, 38);\" data-table-columns=\"1\" data-reconstraction=\"1\" role=\"table\" data-wptb-header-background-color=\"#f18626\" data-wptb-even-row-background-color=\"\" data-wptb-odd-row-background-color=\"\" data-wptb-extra-styles=\"LyogRW50ZXIgeW91ciBjdXN0b20gQ1NTIHJ1bGVzIGhlcmUgKi8=\"><tbody><tr class=\"wptb-row\" style=\"background-color: rgb(241, 134, 38);\" data-wptb-bg-color=\"#f18626\"><td class=\"wptb-cell\" data-wptb-css-td-auto-width=\"true\" data-x-index=\"0\" data-y-index=\"0\" style=\"padding: 2px; border: 1px solid rgb(241, 134, 38);\"><div class=\"wptb-text-container wptb-ph-element wptb-element-text-1\" style=\"color: rgb(255, 255, 255); font-size: 16px;\"><div class=\"\" style=\"position: relative;\"><p class=\"\"><strong>FUN FACT<\/strong><\/p><\/div><\/div><\/td><\/tr><tr class=\"wptb-row\" data-wptb-bg-color=\"\"><td class=\"wptb-cell\" data-wptb-css-td-auto-width=\"true\" data-x-index=\"0\" data-y-index=\"1\" style=\"padding: 2px; border: 1px solid rgb(241, 134, 38);\"><div class=\"wptb-text-container wptb-ph-element wptb-element-text-2 edit-active\" style=\"font-size: 15px; color: rgb(87, 87, 86);\"><div class=\"\" style=\"position: relative;\"><p>Il <strong>Santo Graal<\/strong> &egrave; una delle reliquie pi&ugrave; celebri e ammirate dalla Chiesa cattolica. Oggetto di studi e leggende, il Santo Graal &egrave; la&nbsp;<strong>famosa coppa&nbsp;con la quale&nbsp;Ges&ugrave;&nbsp;celebr&ograve; l'Ultima Cena<\/strong>&nbsp;e nella quale il suo sangue fu raccolto dopo la&nbsp;crocifissione. Il calice fu&nbsp;portato da Gerusalemme a Roma da San Pietro e utilizzato per le celebrazioni eucaristiche. Portato in Spagna per proteggerlo dalle persecuzioni dell'imperatore Valeriano, il calice fin&igrave; nelle mani del Re&nbsp;Alfonso il Magnanimo che, nel&nbsp;1437, lo consegn&ograve; alla chiesa per saldare il suo debito con la comunit&agrave; ecclesiastica che aveva finanziato la conquista del regno di Napoli.<\/p><p><\/p><\/div><\/div><\/td><\/tr><\/tbody><\/table><\/div><\/div>\n\n\n\n\n<ul><li><strong>Lonja de la Seda&nbsp;<\/strong>&#8211; <em>lett<\/em>. Loggia della seta &#8211; \u00e8 uno dei palazzi storici&nbsp;di Valencia e racconta&nbsp;una storia centenaria, bellissimo sia all&#8217;esterno che all&#8217;interno. Il biglietto costa 2\u20ac<strong> <\/strong>durante la settimana mentre \u00e8 gratuito la domenica e i giorni festivi.<\/li><li>Il <strong>Mercado Central<\/strong> \u00e8 una tappa obbligata a Valencia per assaporare la vera gastronomia della citt\u00e0. Con i suoi 8000 mq e oltre 1200 bancarelle, \u00e8 il pi\u00f9 grande mercato di prodotti freschi d&#8217;Europa. \u00c9&nbsp;chiuso la domenica.<\/li><li>L&#8217;<strong>Estaci\u00f3n del Norte<\/strong> \u00e8 uno dei monumenti pi\u00f9 rappresentativi dell\u2019architettura modernista civile di Valencia. L&#8217;ingresso \u00e8 ovviamente libero essendo una stazione ferroviaria. Si trova nei pressi di <strong>Plaza de Toros<\/strong> e a pochi metri da <strong>Plaza del Ayuntamento<\/strong>, altre due attrazioni da non perdere a Valencia. Oltre&nbsp;alle corride, la&nbsp;<strong>Plaza de Toros&nbsp;<\/strong>ospita concerti e spettacoli del circo.<strong> <\/strong>L&#8217;ingresso costa \u20ac2 nei giorni feriali ed \u00e8 gratuito il sabato e i festivi.<\/li><li>Il <strong>Mercado de Colon<\/strong>, uno degli edifici pi\u00f9 belli di Valencia, un tempo era un vero e proprio mercato, oggi invece \u00e8 popolato da numerosi&nbsp;bar, ristoranti, gelaterie e chioschi di fiori. \u00c9&nbsp;aperto tutti i giorni.<\/li><li><strong>Parchi e giardini<\/strong> &#8211; A Valencia sicuramente non mancano i polmoni verdi. Di giardini e parchi ce ne sono tanti ma sicuramente da non perdere il <em><strong>Parco de La Glorieta<\/strong>&nbsp;<\/em>con i suoi meravigliosi ficus centenari, accanto a Porta de la Mar, i <strong>Giardini del T\u00f9ria<\/strong>, con i suoi 9km di estensione, e il <strong>Giardino di Monforte<\/strong>. Come puoi vedere dalla mappa in alto, sono tutti molto vicini.<\/li><\/ul>\n\n\n\n<div class=\"wptb-table-container wptb-table-4670\"><div class=\"wptb-table-container-matrix\" id=\"wptb-table-id-4670\" data-wptb-version=\"1.3.13\" data-wptb-pro-status=\"false\"><table class=\"wptb-preview-table wptb-element-main-table_setting-279\" data-wptb-adaptive-table=\"0\" data-wptb-cells-width-auto-count=\"1\" data-wptb-table-tds-sum-max-width=\"108\" style=\"border: 2px solid rgb(129, 153, 206);\" data-table-columns=\"1\" data-reconstraction=\"1\" role=\"table\" data-wptb-header-background-color=\"#8199ce\" data-wptb-even-row-background-color=\"\" data-wptb-odd-row-background-color=\"\" data-wptb-responsive-directives=\"eyJyZXNwb25zaXZlRW5hYmxlZCI6ZmFsc2UsInJlc3BvbnNpdmVNb2RlIjoiYXV0byIsInByZXNlcnZlUm93Q29sb3IiOmZhbHNlLCJyZWxhdGl2ZVdpZHRoIjoid2luZG93IiwiaGVhZGVyRnVsbHlNZXJnZWQiOmZhbHNlLCJtb2RlT3B0aW9ucyI6eyJhdXRvIjp7InRvcFJvd0FzSGVhZGVyIjp7ImRlc2t0b3AiOmZhbHNlLCJ0YWJsZXQiOnRydWUsIm1vYmlsZSI6dHJ1ZX0sInJlcGVhdE1lcmdlZEhlYWRlciI6eyJkZXNrdG9wIjp0cnVlLCJ0YWJsZXQiOnRydWUsIm1vYmlsZSI6dHJ1ZX0sInN0YXRpY1RvcFJvdyI6eyJkZXNrdG9wIjpmYWxzZSwidGFibGV0IjpmYWxzZSwibW9iaWxlIjpmYWxzZX0sImNlbGxTdGFja0RpcmVjdGlvbiI6eyJkZXNrdG9wIjoicm93IiwidGFibGV0Ijoicm93IiwibW9iaWxlIjoicm93In0sImNlbGxzUGVyUm93Ijp7ImRlc2t0b3AiOjEsInRhYmxldCI6MSwibW9iaWxlIjoxfX19LCJicmVha3BvaW50cyI6eyJkZXNrdG9wIjp7Im5hbWUiOiJkZXNrdG9wIiwid2lkdGgiOjEwMjR9LCJ0YWJsZXQiOnsibmFtZSI6InRhYmxldCIsIndpZHRoIjo3MDB9LCJtb2JpbGUiOnsibmFtZSI6Im1vYmlsZSIsIndpZHRoIjozMDB9fX0=\" data-wptb-extra-styles=\"LyogRW50ZXIgeW91ciBjdXN0b20gQ1NTIHJ1bGVzIGhlcmUgKi8=\"><tbody><tr class=\"wptb-row\" style=\"background-color: rgb(129, 153, 206);\" data-wptb-bg-color=\"#8199ce\"><td class=\"wptb-cell\" data-wptb-css-td-auto-width=\"true\" data-x-index=\"0\" data-y-index=\"0\" style=\"padding: 2px; border: 1px solid rgb(129, 153, 206);\"><div class=\"wptb-text-container wptb-ph-element wptb-element-text-1\" style=\"color: rgb(255, 255, 255); font-size: 15px;\"><div class=\"\" style=\"position: relative;\"><p class=\"\"><strong>TRAVEL TIP<\/strong><\/p><\/div><\/div><\/td><\/tr><tr class=\"wptb-row\" data-wptb-bg-color=\"\"><td class=\"wptb-cell\" data-wptb-css-td-auto-width=\"true\" data-x-index=\"0\" data-y-index=\"1\" style=\"padding: 2px; border: 1px solid rgb(129, 153, 206);\"><div class=\"wptb-text-container wptb-ph-element wptb-element-text-2 edit-active\" style=\"font-size: 15px; color: rgb(74, 85, 104);\"><div class=\"\" style=\"position: relative;\"><p class=\"\"><strong><em>CASA DA RECORD:<\/em><\/strong> Proprio vicino al Mercato Centrale, potrai vedere l<strong>a casa&nbsp;pi&ugrave; stretta d&rsquo;Europa<\/strong>, <strong>La Estrecha<\/strong>, con una facciata color mattone di appena 107 cm! Si trova esattamente in <strong>Plaza Lope de Vega, 6<\/strong>.<\/p><p class=\"\"><\/p><\/div><\/div><\/td><\/tr><\/tbody><\/table><\/div><\/div>\n\n\n\n\n<h4 class=\"has-text-color\" style=\"color:#f18626;font-size:17px\"><strong>SECONDO GIORNO<\/strong><\/h4>\n\n\n\n<p>Anche il secondo giorno consigliamo di trascorrerlo in centro, dedicandolo alla visita di qualche Museo.<\/p>\n\n\n\n<iframe src=\"https:\/\/www.google.com\/maps\/embed?pb=!1m46!1m12!1m3!1d6159.338654518992!2d-0.3843504456861716!3d39.47679844498884!2m3!1f0!2f0!3f0!3m2!1i1024!2i768!4f13.1!4m31!3e2!4m5!1s0xd604f5b3babe9ef%3A0x67a7eddeff1d8665!2sOrto%20Botanico%20di%20Valencia%2C%20Carrer%20de%20Quart%2C%20Valencia%2C%20Spagna!3m2!1d39.4755138!2d-0.3863511!4m5!1s0xd604f5161d752e5%3A0x3898f5b32af5094!2sBarrio%20del%20Carmen%2C%20Valencia%2C%20Spagna!3m2!1d39.4793514!2d-0.380721!4m5!1s0xd604f5408f35631%3A0xb4c24495cee3697e!2sCasa%20Museo%20Jos%C3%A9%20Benlliure%2C%20Carrer%20de%20la%20Blanqueria%2C%20Valencia%2C%20Spagna!3m2!1d39.4807998!2d-0.3789527!4m5!1s0xd604f5315fd9427%3A0x2ea5d20801e3ab45!2sTorres%20de%20Serranos%2C%20Pla%C3%A7a%20dels%20Furs%2C%20Valencia%2C%20Spagna!3m2!1d39.4791922!2d-0.3759983!4m5!1s0xd604f52169319d3%3A0x8ca2a2c17963d842!2sChiesa%20di%20San%20Nicola%20di%20Bari%20e%20San%20Pietro%20martire%2C%20Carrer%20dels%20Cavallers%2C%20Valencia%2C%20Spagna!3m2!1d39.4763599!2d-0.37887099999999996!5e0!3m2!1sit!2sit!4v1669850257366!5m2!1sit!2sit\" width=\"600\" height=\"450\" style=\"border:0;\" allowfullscreen=\"\" loading=\"lazy\" referrerpolicy=\"no-referrer-when-downgrade\"><\/iframe>\n\n\n\n<p>Ecco alcune tappe da non perdere:<\/p>\n\n\n\n<ul id=\"block-ac982813-fcc5-41f9-bd23-5e846325b018\"><li><strong>Orto botanico<\/strong> dell\u2019Universit\u00e0 di Valencia. Ingresso \u20ac2 per gli adulti. Sconto del 10% con la Turist Card.<\/li><li><strong>Barrio del Carmen<\/strong>, uno dei quartieri storici del centro storico di&nbsp;<strong>Valencia<\/strong>. Consigliamo di fare anche il <a href=\"https:\/\/www.civitatis.com\/it\/valencia\/free-tour-street-art\/?aid=7906\" target=\"_blank\" rel=\"noreferrer noopener\"><strong>&nbsp;Free tour della street art<\/strong><\/a>, della durata di 2 ore.<\/li><li><strong>Casa Museo del pittore Jos\u00e9 Benlliure<\/strong>. Domenica e festivi l&#8217;ingresso \u00e8 gratuito, altrimenti \u20ac2.<\/li><li><strong>Chiesa di San Nicola di Bari <\/strong>conosciuta come Cappella Sistina di Valencia.<\/li><li><strong>Torres de Serranos<\/strong> \u00e8 una delle dodici porte che si aprivano nelle antiche mura della citt\u00e0 di&nbsp;Valencia. Una delle meglio conservate, dove \u00e8 possibile salire per vedere la citt\u00e0 dall&#8217;alto.<\/li><\/ul>\n\n\n\n<div class=\"wptb-table-container wptb-table-4675\"><div class=\"wptb-table-container-matrix\" id=\"wptb-table-id-4675\" data-wptb-version=\"1.3.13\" data-wptb-pro-status=\"false\"><table class=\"wptb-preview-table wptb-element-main-table_setting-279\" data-wptb-adaptive-table=\"0\" data-wptb-cells-width-auto-count=\"1\" data-wptb-table-tds-sum-max-width=\"108\" style=\"border: 2px solid rgb(129, 153, 206);\" data-table-columns=\"1\" data-reconstraction=\"1\" role=\"table\" data-wptb-header-background-color=\"#8199ce\" data-wptb-even-row-background-color=\"\" data-wptb-odd-row-background-color=\"\" data-wptb-responsive-directives=\"eyJyZXNwb25zaXZlRW5hYmxlZCI6ZmFsc2UsInJlc3BvbnNpdmVNb2RlIjoiYXV0byIsInByZXNlcnZlUm93Q29sb3IiOmZhbHNlLCJyZWxhdGl2ZVdpZHRoIjoid2luZG93IiwiaGVhZGVyRnVsbHlNZXJnZWQiOmZhbHNlLCJtb2RlT3B0aW9ucyI6eyJhdXRvIjp7InRvcFJvd0FzSGVhZGVyIjp7ImRlc2t0b3AiOmZhbHNlLCJ0YWJsZXQiOnRydWUsIm1vYmlsZSI6dHJ1ZX0sInJlcGVhdE1lcmdlZEhlYWRlciI6eyJkZXNrdG9wIjp0cnVlLCJ0YWJsZXQiOnRydWUsIm1vYmlsZSI6dHJ1ZX0sInN0YXRpY1RvcFJvdyI6eyJkZXNrdG9wIjpmYWxzZSwidGFibGV0IjpmYWxzZSwibW9iaWxlIjpmYWxzZX0sImNlbGxTdGFja0RpcmVjdGlvbiI6eyJkZXNrdG9wIjoicm93IiwidGFibGV0Ijoicm93IiwibW9iaWxlIjoicm93In0sImNlbGxzUGVyUm93Ijp7ImRlc2t0b3AiOjEsInRhYmxldCI6MSwibW9iaWxlIjoxfX19LCJicmVha3BvaW50cyI6eyJkZXNrdG9wIjp7Im5hbWUiOiJkZXNrdG9wIiwid2lkdGgiOjEwMjR9LCJ0YWJsZXQiOnsibmFtZSI6InRhYmxldCIsIndpZHRoIjo3MDB9LCJtb2JpbGUiOnsibmFtZSI6Im1vYmlsZSIsIndpZHRoIjozMDB9fX0=\" data-wptb-extra-styles=\"LyogRW50ZXIgeW91ciBjdXN0b20gQ1NTIHJ1bGVzIGhlcmUgKi8=\"><tbody><tr class=\"wptb-row\" style=\"background-color: rgb(129, 153, 206);\" data-wptb-bg-color=\"#8199ce\"><td class=\"wptb-cell\" data-wptb-css-td-auto-width=\"true\" data-x-index=\"0\" data-y-index=\"0\" style=\"padding: 2px; border: 1px solid rgb(129, 153, 206);\"><div class=\"wptb-text-container wptb-ph-element wptb-element-text-1\" style=\"color: rgb(255, 255, 255); font-size: 15px;\"><div class=\"\" style=\"position: relative;\"><p class=\"\"><strong>TRAVEL TIP<\/strong><\/p><\/div><\/div><\/td><\/tr><tr class=\"wptb-row\" data-wptb-bg-color=\"\"><td class=\"wptb-cell\" data-wptb-css-td-auto-width=\"true\" data-x-index=\"0\" data-y-index=\"1\" style=\"padding: 2px; border: 1px solid rgb(129, 153, 206);\"><div class=\"wptb-text-container wptb-ph-element wptb-element-text-2 edit-active\" style=\"font-size: 15px; color: rgb(74, 85, 104);\"><div class=\"\" style=\"position: relative;\"><p class=\"\">Se ami i gatti, allora non puoi non vedere la <strong>Casa de los Gatos<\/strong> al civico 11&nbsp;della <strong>Carrer del Museu.<\/strong><\/p><p class=\"\"><\/p><\/div><\/div><\/td><\/tr><\/tbody><\/table><\/div><\/div>\n\n\n\n\n<p>Ti consigliamo anche una tappa al <strong>Mercato Tapineria<\/strong> (C\/ de la Tapineria, 15), uno spazio creativo aperto a qualsiasi tipo di attivit\u00e0 &#8211; grafica, gastronomia, artisti emergenti, esposizioni, moda, musica live &#8211; e con dei posticini perfetti per fare degli spuntini (es. <strong><a href=\"https:\/\/www.tripadvisor.it\/Restaurant_Review-g187529-d5567389-Reviews-Bar_Kitchen-Valencia_Province_of_Valencia_Valencian_Country.html\" target=\"_blank\" rel=\"noreferrer noopener\">Bar &amp; Kitchen<\/a><\/strong>). \u00c8&nbsp;aperto tutti i giorni.<\/p>\n\n\n\n<p>Per acquistare dei <strong>souvenir particolari<\/strong>, invece, consigliamo <a href=\"https:\/\/www.lapostalera.es\/\" target=\"_blank\" rel=\"noreferrer noopener\"><strong>La Postalera<\/strong><\/a>.<\/p>\n\n\n\n<h4 class=\"has-text-color\" style=\"color:#f18626;font-size:17px\"><strong>TERZO GIORNO<\/strong><\/h4>\n\n\n\n<figure class=\"wp-block-image size-large\"><img loading=\"lazy\" width=\"1024\" height=\"683\" src=\"https:\/\/thelibratravels.com\/wp-content\/uploads\/2022\/12\/thelibratravels_museo-scienza-1024x683.jpg\" alt=\"museo della scienza, struttura futuristica\" class=\"wp-image-4691\" srcset=\"https:\/\/thelibratravels.com\/wp-content\/uploads\/2022\/12\/thelibratravels_museo-scienza-1024x683.jpg 1024w, https:\/\/thelibratravels.com\/wp-content\/uploads\/2022\/12\/thelibratravels_museo-scienza-300x200.jpg 300w, https:\/\/thelibratravels.com\/wp-content\/uploads\/2022\/12\/thelibratravels_museo-scienza-768x512.jpg 768w, https:\/\/thelibratravels.com\/wp-content\/uploads\/2022\/12\/thelibratravels_museo-scienza-1536x1024.jpg 1536w, https:\/\/thelibratravels.com\/wp-content\/uploads\/2022\/12\/thelibratravels_museo-scienza-2048x1365.jpg 2048w\" sizes=\"(max-width: 1024px) 100vw, 1024px\" \/><figcaption><em><strong>Ciudad de las Artes y de las Ciencias<\/strong> by night<\/em><\/figcaption><\/figure>\n\n\n\n<p>Terzo giorno a Valencia: \u00e8 tempo di perdersi nella gigantesca <strong>Ciudad de las Artes y de las Ciencias<\/strong>, un centro di svago e cultura progettato da Santiago Calatrava, dall&#8217;aspetto futuristico. La citt\u00e0 dell&#8217;Arte e della Scienza \u00e8 composta da:<\/p>\n\n\n\n<ul><li>L\u2019<strong>Hemisf\u00e8ric<\/strong>, il primo edificio della Ciutat de les Arts le Ci\u00e8ncies che ha aperto le sue porte al pubblico. Offre la possibilit\u00e0 di vedere il cinema Imax di ultima generazione e delle stupende proiezioni digitali, ovvero rappresentazioni astronomiche e spettacoli di intrattenimento.<\/li><li>L&#8217;<strong>Oceanografico<\/strong>, il pi\u00f9 grande acquario d&#8217;Europa con i suoi 45.000 esseri viventi appartenenti a 500 specie diverse. Qui puoi attraversare il tunnel sottomarino pi\u00f9 lungo d\u2019Europa e vedere gli unici beluga europei. <\/li><li><strong>Il Museo delle Scienze<\/strong> ospita percorsi ed esposizioni scientifiche interattive, dove sbizzarrirsi in diverse attivit\u00e0 pratiche e diventare protagonisti di curiosi esperimenti.<\/li><li><strong>Palazzo delle Arti<\/strong> dove si possono ammirare le migliori rappresentazioni di opera, concerti e spettacoli.<\/li><\/ul>\n\n\n\n<figure class=\"wp-block-image size-large\"><img loading=\"lazy\" width=\"1024\" height=\"683\" src=\"https:\/\/thelibratravels.com\/wp-content\/uploads\/2022\/12\/thelibratravels_medusa-1024x683.jpg\" alt=\"medusa oceanografico valencia\" class=\"wp-image-4693\" srcset=\"https:\/\/thelibratravels.com\/wp-content\/uploads\/2022\/12\/thelibratravels_medusa-1024x683.jpg 1024w, https:\/\/thelibratravels.com\/wp-content\/uploads\/2022\/12\/thelibratravels_medusa-300x200.jpg 300w, https:\/\/thelibratravels.com\/wp-content\/uploads\/2022\/12\/thelibratravels_medusa-768x512.jpg 768w, https:\/\/thelibratravels.com\/wp-content\/uploads\/2022\/12\/thelibratravels_medusa-1536x1024.jpg 1536w, https:\/\/thelibratravels.com\/wp-content\/uploads\/2022\/12\/thelibratravels_medusa-2048x1365.jpg 2048w\" sizes=\"(max-width: 1024px) 100vw, 1024px\" \/><\/figure>\n\n\n\n<p>Per accedere alla citt\u00e0 dell&#8217;Arte e della Scienza puoi acquistare dei biglietti combinati, che ti permettono di risparmiare ed eventualmente spezzettare in pi\u00f9 giorni le visite. L&#8217;accesso a Oceanografico+Museo delle Scienze oppure Oceanografico+Hemisf\u00e8ric costa \u20ac35. L&#8217;ingresso a Oceanografico+Museo delle Scienze+Hemisf\u00e8ric costa \u20ac41. <\/p>\n\n\n\n<p>Puoi anche scegliere di visitare solo una delle attrazioni: in questo caso il biglietto per l&#8217;Oceanografico coster\u00e0 \u20ac33, quello per l&#8217;Hemisf\u00e8ric o quello singolo per il Museo delle Scienze verr\u00e0 a costare \u20ac8,70.<\/p>\n\n\n\n<p>Accanto alla citt\u00e0 dell&#8217;Arte e della Scienza c&#8217;\u00e8 l&#8217;<strong>Umbracle<\/strong>, un enorme giardino di oltre 17.000 mq&nbsp;dove puoi fare passeggiate ammirando piante tipiche mediterranee o sculture contemporanee. Questo \u00e8 un edificio con entrata libera dove l&#8217;estate apre le sue porte la discoteca Mya Club.<\/p>\n\n\n\n<figure class=\"wp-block-image size-large\"><img loading=\"lazy\" width=\"1024\" height=\"768\" src=\"https:\/\/thelibratravels.com\/wp-content\/uploads\/2022\/12\/thelibratravels_fallas-1024x768.jpg\" alt=\"carro personaggi carnevaleschi tipici valenziani\" class=\"wp-image-4694\" srcset=\"https:\/\/thelibratravels.com\/wp-content\/uploads\/2022\/12\/thelibratravels_fallas-1024x768.jpg 1024w, https:\/\/thelibratravels.com\/wp-content\/uploads\/2022\/12\/thelibratravels_fallas-300x225.jpg 300w, https:\/\/thelibratravels.com\/wp-content\/uploads\/2022\/12\/thelibratravels_fallas-768x576.jpg 768w, https:\/\/thelibratravels.com\/wp-content\/uploads\/2022\/12\/thelibratravels_fallas-1536x1152.jpg 1536w, https:\/\/thelibratravels.com\/wp-content\/uploads\/2022\/12\/thelibratravels_fallas-2048x1536.jpg 2048w\" sizes=\"(max-width: 1024px) 100vw, 1024px\" \/><figcaption><em>Le&nbsp;Fallas &#8211; Carro con personaggi satirici in legno o cartapesta<\/em><\/figcaption><\/figure>\n\n\n\n<p>Poco distante dalla citt\u00e0 dell&#8217;Arte e della Scienza, si trova il <strong>Museo Fallero<\/strong>, l&#8217;occasione perfetta per conoscere <em>Le<\/em>&nbsp;<em>Fallas<\/em> &#8211; la festa popolare valenziana dichiarata<em> Patrimonio Immateriale dell\u2019Umanit\u00e0 per l&#8217;Unesco<\/em> &#8211;&nbsp;in qualsiasi periodo dell&#8217;anno, soprattutto quando non \u00e8 possibile visitare la citt\u00e0 durante la loro celebrazione, che \u00e8 a met\u00e0 marzo. L&#8217;ingresso costa 2\u20ac tranne la domenica, quando \u00e8 gratuito.&nbsp;<\/p>\n\n\n\n<div class=\"wptb-table-container wptb-table-4684\"><div class=\"wptb-table-container-matrix\" id=\"wptb-table-id-4684\" data-wptb-version=\"1.3.13\" data-wptb-pro-status=\"false\"><table class=\"wptb-preview-table wptb-element-main-table_setting-279\" data-wptb-adaptive-table=\"0\" data-wptb-cells-width-auto-count=\"1\" data-wptb-table-tds-sum-max-width=\"108\" style=\"border: 2px solid rgb(241, 134, 38);\" data-table-columns=\"1\" data-reconstraction=\"1\" role=\"table\" data-wptb-header-background-color=\"#f18626\" data-wptb-even-row-background-color=\"\" data-wptb-odd-row-background-color=\"\" data-wptb-extra-styles=\"LyogRW50ZXIgeW91ciBjdXN0b20gQ1NTIHJ1bGVzIGhlcmUgKi8=\"><tbody><tr class=\"wptb-row\" style=\"background-color: rgb(241, 134, 38);\" data-wptb-bg-color=\"#f18626\"><td class=\"wptb-cell\" data-wptb-css-td-auto-width=\"true\" data-x-index=\"0\" data-y-index=\"0\" style=\"padding: 2px; border: 1px solid rgb(241, 134, 38);\"><div class=\"wptb-text-container wptb-ph-element wptb-element-text-1\" style=\"color: rgb(255, 255, 255); font-size: 16px;\"><div class=\"\" style=\"position: relative;\"><p class=\"\"><strong>FUN FACT<\/strong><\/p><\/div><\/div><\/td><\/tr><tr class=\"wptb-row\" data-wptb-bg-color=\"\"><td class=\"wptb-cell\" data-wptb-css-td-auto-width=\"true\" data-x-index=\"0\" data-y-index=\"1\" style=\"padding: 2px; border: 1px solid rgb(241, 134, 38);\"><div class=\"wptb-text-container wptb-ph-element wptb-element-text-2 edit-active\" style=\"font-size: 15px; color: rgb(87, 87, 86);\"><div class=\"\" style=\"position: relative;\"><p>La Festa de \"<strong>Las<\/strong>&nbsp;<strong>Fallas<\/strong>&rdquo; &egrave; un particolare carnevale valenziano. A met&agrave; marzo la citt&agrave; viene invasa da carri e costruzioni, in cartapesta e legno, che traggono ispirazione dai temi di attualit&agrave; o soggetti fantasiosi. La tradizionale Festa affonda le sue radici nella celebrazione di&nbsp;San Giuseppe e nasce come rituale di purificazione per liberare i cittadini dalle proprie vergogne e sbagli.&nbsp;<\/p><p>Nelle due settimane precedenti al 19 marzo si svolge la cosiddetta <strong>Masclet&aacute;,<\/strong>&nbsp;lo sparo di un potente petardo ogni giorno alle ore 14.00 nella&nbsp;Plaza dell&rsquo;Ayuntamiento. La notte del 19 marzo con la&nbsp;<strong>Crem&agrave;<\/strong>&nbsp;si da fuoco&nbsp; a tutti i carri in uno spettacolare incendio diffuso per tutta la citt&agrave;.&nbsp;<\/p><p>Al Museo Fallero sono esposte tutte le figure satiriche risparmiate al fal&ograve; della Crem&agrave;.<\/p><p><\/p><p><\/p><\/div><\/div><\/td><\/tr><\/tbody><\/table><\/div><\/div>\n\n\n\n\n<p>Ad un paio di kilometri dal complesso architettonico citt\u00e0 dell&#8217;Arte e della Scienza c&#8217;\u00e8 il <strong>Mercato di Russafa<\/strong>, in uno dei quartiere pi\u00f9 cool di Valencia. Un modo diverso per visitare il mercato e le sue prelibatezze gastronomiche a km zero, \u00e8 andare alla scuola di cucina&nbsp;<strong><a href=\"https:\/\/myfirstpaella.es\/\" target=\"_blank\" rel=\"noreferrer noopener\">My First Paella<\/a><\/strong>.&nbsp;Aperto tutti i giorni fino alle ore 15:00, eccetto la domenica.<\/p>\n\n\n\n<div class=\"wptb-table-container wptb-table-4685\"><div class=\"wptb-table-container-matrix\" id=\"wptb-table-id-4685\" data-wptb-version=\"1.3.13\" data-wptb-pro-status=\"false\"><table class=\"wptb-preview-table wptb-element-main-table_setting-279\" data-wptb-adaptive-table=\"0\" data-wptb-cells-width-auto-count=\"1\" data-wptb-table-tds-sum-max-width=\"108\" style=\"border: 2px solid rgb(129, 153, 206);\" data-table-columns=\"1\" data-reconstraction=\"1\" role=\"table\" data-wptb-header-background-color=\"#8199ce\" data-wptb-even-row-background-color=\"\" data-wptb-odd-row-background-color=\"\" data-wptb-responsive-directives=\"eyJyZXNwb25zaXZlRW5hYmxlZCI6ZmFsc2UsInJlc3BvbnNpdmVNb2RlIjoiYXV0byIsInByZXNlcnZlUm93Q29sb3IiOmZhbHNlLCJyZWxhdGl2ZVdpZHRoIjoid2luZG93IiwiaGVhZGVyRnVsbHlNZXJnZWQiOmZhbHNlLCJtb2RlT3B0aW9ucyI6eyJhdXRvIjp7InRvcFJvd0FzSGVhZGVyIjp7ImRlc2t0b3AiOmZhbHNlLCJ0YWJsZXQiOnRydWUsIm1vYmlsZSI6dHJ1ZX0sInJlcGVhdE1lcmdlZEhlYWRlciI6eyJkZXNrdG9wIjp0cnVlLCJ0YWJsZXQiOnRydWUsIm1vYmlsZSI6dHJ1ZX0sInN0YXRpY1RvcFJvdyI6eyJkZXNrdG9wIjpmYWxzZSwidGFibGV0IjpmYWxzZSwibW9iaWxlIjpmYWxzZX0sImNlbGxTdGFja0RpcmVjdGlvbiI6eyJkZXNrdG9wIjoicm93IiwidGFibGV0Ijoicm93IiwibW9iaWxlIjoicm93In0sImNlbGxzUGVyUm93Ijp7ImRlc2t0b3AiOjEsInRhYmxldCI6MSwibW9iaWxlIjoxfX19LCJicmVha3BvaW50cyI6eyJkZXNrdG9wIjp7Im5hbWUiOiJkZXNrdG9wIiwid2lkdGgiOjEwMjR9LCJ0YWJsZXQiOnsibmFtZSI6InRhYmxldCIsIndpZHRoIjo3MDB9LCJtb2JpbGUiOnsibmFtZSI6Im1vYmlsZSIsIndpZHRoIjozMDB9fX0=\" data-wptb-extra-styles=\"LyogRW50ZXIgeW91ciBjdXN0b20gQ1NTIHJ1bGVzIGhlcmUgKi8=\"><tbody><tr class=\"wptb-row\" style=\"background-color: rgb(129, 153, 206);\" data-wptb-bg-color=\"#8199ce\"><td class=\"wptb-cell\" data-wptb-css-td-auto-width=\"true\" data-x-index=\"0\" data-y-index=\"0\" style=\"padding: 2px; border: 1px solid rgb(129, 153, 206);\"><div class=\"wptb-text-container wptb-ph-element wptb-element-text-1\" style=\"color: rgb(255, 255, 255); font-size: 15px;\"><div class=\"\" style=\"position: relative;\"><p class=\"\"><strong>TRAVEL TIP<\/strong><\/p><\/div><\/div><\/td><\/tr><tr class=\"wptb-row\" data-wptb-bg-color=\"\"><td class=\"wptb-cell\" data-wptb-css-td-auto-width=\"true\" data-x-index=\"0\" data-y-index=\"1\" style=\"padding: 2px; border: 1px solid rgb(129, 153, 206);\"><div class=\"wptb-text-container wptb-ph-element wptb-element-text-2 edit-active\" style=\"font-size: 15px; color: rgb(74, 85, 104);\"><div class=\"\" style=\"position: relative;\"><p class=\"\"><strong>ALTERNATIVE CULTURALI: <\/strong>se hai gi&agrave; visitato la citt&agrave; dell'Arte e della Scienza, potresti voler visitare il <strong><a style=\"color: #4a5568;\" href=\"https:\/\/www.bioparcvalencia.es\/\" data-mce-href=\"https:\/\/www.bioparcvalencia.es\/\">Bioparco,<\/a><\/strong>&nbsp;situato all'estremit&agrave; Nord del Jardi del Turia. Molto bello anche l'<strong>IVAM<\/strong>, il pi&ugrave; importante museo di arte moderna e contemporanea nella citt&agrave; di Valencia; il <strong>Museo delle Belle Arti, <\/strong>una grande collezione di opere di artisti come&nbsp;Sorolla,&nbsp;Ribalta&nbsp;e los&nbsp;Pinazos,<span style=\"color: inherit; font-size: inherit; font-family: inherit; font-weight: inherit; text-align: initial;\">&nbsp;Van Dyck, Vel&aacute;zque e&nbsp;Goya.<\/span><\/p><p class=\"\"><\/p><\/div><\/div><\/td><\/tr><\/tbody><\/table><\/div><\/div>\n\n\n\n\n<h4 class=\"has-text-color\" style=\"color:#f18626;font-size:17px\"><strong>QUARTO GIORNO<\/strong><\/h4>\n\n\n\n<p>Valencia non \u00e8 solo paella, arte, cultura e intrattenimento, ma anche mare e relax: un intero giorno in spiaggia, quindi, \u00e8 obbligatorio. Le spiagge pi\u00f9 belle qui sono <strong>Playa Malvarrosa<\/strong> o <strong>Playa de la Patacona<\/strong>. Non ci sono dei veri e propri lidi attrezzati come in Italia, ma si possono affittare sdraio e ombrelloni a prezzi davvero bassi direttamente in spiaggia. Il punto forte del litorale spagnolo \u00e8 sempre il lungomare, anche quello di Valencia \u00e8 molto carino: una passeggiata anche se \u00e8 inverno si pu\u00f2 assolutamente fare!<\/p>\n\n\n\n<p>A circa 30km da Valencia c&#8217;\u00e8 <strong>Canet d\u2019En Berenguer<\/strong>, una spiaggia sabbiosa con l&#8217;acqua molto limpida.<\/p>\n\n\n\n<h4 class=\"has-text-color\" style=\"color:#f18626;font-size:17px\"><strong>NEI DINTORNI DI VALENCIA<\/strong><\/h4>\n\n\n\n<figure class=\"wp-block-image size-large\"><img loading=\"lazy\" width=\"1024\" height=\"991\" src=\"https:\/\/thelibratravels.com\/wp-content\/uploads\/2022\/12\/thelibratravels_albufera-1-1024x991.jpg\" alt=\"albufera\" class=\"wp-image-4696\" srcset=\"https:\/\/thelibratravels.com\/wp-content\/uploads\/2022\/12\/thelibratravels_albufera-1-1024x991.jpg 1024w, https:\/\/thelibratravels.com\/wp-content\/uploads\/2022\/12\/thelibratravels_albufera-1-300x290.jpg 300w, https:\/\/thelibratravels.com\/wp-content\/uploads\/2022\/12\/thelibratravels_albufera-1-768x744.jpg 768w, https:\/\/thelibratravels.com\/wp-content\/uploads\/2022\/12\/thelibratravels_albufera-1-1536x1487.jpg 1536w, https:\/\/thelibratravels.com\/wp-content\/uploads\/2022\/12\/thelibratravels_albufera-1-2048x1983.jpg 2048w\" sizes=\"(max-width: 1024px) 100vw, 1024px\" \/><figcaption><strong><em>Parco Naturale de l&#8217;Albufera<\/em><\/strong><\/figcaption><\/figure>\n\n\n\n<p>I dintorni di Valencia nascondono delle vere e proprie perle. Se puoi affittare un&#8217;auto e trascorrere pi\u00f9 tempo a Valencia, ti consigliamo di vedere:<\/p>\n\n\n\n<ul><li><strong>Parco Naturale de l&#8217;Albufera<\/strong> &#8211; A 11 km da Valencia, \u00e8 un\u2019oasi urbana circondata da risaie e boschi. Non perderti il tramonto dal <strong>Mirador d&#8217;El Pujol<\/strong>. Si pu\u00f2 visitare il parco anche i bicicletta e fare un giro in barca nella laguna. Per chi vuole, si pu\u00f2 raggiungere anche in bus.<\/li><li> Se sei un fan de Il Trono di Spade, non puoi non fare un giro nel comune di <strong>Pe\u00f1\u00edscola<\/strong> (che dista circa 130km da Valencia) e nella serie diventa <strong>Meereen<\/strong>, la citt\u00e0 liberata dalla schiavit\u00f9 da Daenerys Targaryen. Il <strong>Parco dell&#8217;Artiglieria<\/strong> \u00e8 un parco botanico e appare nell&#8217;episodio #4 della sesta Stagione. <strong>Rampa de Felipe II<\/strong> e <strong>Plaza de Santa Mar\u00eda<\/strong>, ivece, appaiono nell&#8217;episodio #1 della sesta stagione.<\/li><li><strong>Castello di Sagunto<\/strong> a 30km da Valencia.<\/li><li><strong>Fuente de los Ba\u00f1os<\/strong> a 90km Valencia, sono le piscine naturali del fiume Mijares.<\/li><\/ul>\n\n\n\n<h5 class=\"has-text-color\" style=\"color:#1d71b8;font-size:17px\"><strong>DOVE MANGIARE A VALENCIA<\/strong><\/h5>\n\n\n\n<figure class=\"wp-block-gallery columns-2 is-cropped\"><ul class=\"blocks-gallery-grid\"><li class=\"blocks-gallery-item\"><figure><img loading=\"lazy\" width=\"678\" height=\"1024\" src=\"https:\/\/thelibratravels.com\/wp-content\/uploads\/2022\/12\/thelibratravels_mercato-1-678x1024.jpg\" alt=\"\" data-id=\"4706\" data-full-url=\"https:\/\/thelibratravels.com\/wp-content\/uploads\/2022\/12\/thelibratravels_mercato-1-scaled.jpg\" data-link=\"https:\/\/thelibratravels.com\/?attachment_id=4706\" class=\"wp-image-4706\" srcset=\"https:\/\/thelibratravels.com\/wp-content\/uploads\/2022\/12\/thelibratravels_mercato-1-678x1024.jpg 678w, https:\/\/thelibratravels.com\/wp-content\/uploads\/2022\/12\/thelibratravels_mercato-1-199x300.jpg 199w, https:\/\/thelibratravels.com\/wp-content\/uploads\/2022\/12\/thelibratravels_mercato-1-768x1160.jpg 768w, https:\/\/thelibratravels.com\/wp-content\/uploads\/2022\/12\/thelibratravels_mercato-1-1017x1536.jpg 1017w, https:\/\/thelibratravels.com\/wp-content\/uploads\/2022\/12\/thelibratravels_mercato-1-1356x2048.jpg 1356w, https:\/\/thelibratravels.com\/wp-content\/uploads\/2022\/12\/thelibratravels_mercato-1-scaled.jpg 1695w\" sizes=\"(max-width: 678px) 100vw, 678px\" \/><figcaption class=\"blocks-gallery-item__caption\"><em>Mercato Centrale Valencia &#8211; interno<\/em><\/figcaption><\/figure><\/li><li class=\"blocks-gallery-item\"><figure><img loading=\"lazy\" width=\"576\" height=\"1024\" src=\"https:\/\/thelibratravels.com\/wp-content\/uploads\/2022\/12\/thelibratravels_mercatocentral-576x1024.jpg\" alt=\"\" data-id=\"4707\" data-full-url=\"https:\/\/thelibratravels.com\/wp-content\/uploads\/2022\/12\/thelibratravels_mercatocentral-scaled.jpg\" data-link=\"https:\/\/thelibratravels.com\/?attachment_id=4707\" class=\"wp-image-4707\" srcset=\"https:\/\/thelibratravels.com\/wp-content\/uploads\/2022\/12\/thelibratravels_mercatocentral-576x1024.jpg 576w, https:\/\/thelibratravels.com\/wp-content\/uploads\/2022\/12\/thelibratravels_mercatocentral-169x300.jpg 169w, https:\/\/thelibratravels.com\/wp-content\/uploads\/2022\/12\/thelibratravels_mercatocentral-768x1365.jpg 768w, https:\/\/thelibratravels.com\/wp-content\/uploads\/2022\/12\/thelibratravels_mercatocentral-864x1536.jpg 864w, https:\/\/thelibratravels.com\/wp-content\/uploads\/2022\/12\/thelibratravels_mercatocentral-1152x2048.jpg 1152w, https:\/\/thelibratravels.com\/wp-content\/uploads\/2022\/12\/thelibratravels_mercatocentral-scaled.jpg 1440w\" sizes=\"(max-width: 576px) 100vw, 576px\" \/><figcaption class=\"blocks-gallery-item__caption\"><em>Mercato Centrale Valencia &#8211; esterno<\/em><\/figcaption><\/figure><\/li><\/ul><\/figure>\n\n\n\n<p>Paella valenciana e non solo! Ecco dei posti da provare a Valencia:<\/p>\n\n\n\n<p><a href=\"https:\/\/www.tripadvisor.it\/Restaurant_Review-g187529-d2061896-Reviews-Horchateria_Santa_Catalina-Valencia_Province_of_Valencia_Valencian_Country.html\" target=\"_blank\" rel=\"noreferrer noopener\"><strong>Horchateria de Santa Catalina<\/strong><\/a> &#8211; il posto ideale dove poter assaggiare bevande e dolci tipici della comunit\u00e0 valenziana. L\u2019<strong>horchata<\/strong> \u00e8 la bevanda pi\u00f9 celebre del locale, dalla quale prende il nome. Il gusto assomiglia a quello del latte di mandorla, ma non contiene assolutamente lattosio! Da assaggiare anche i <strong>fart\u00f3n<\/strong> e i <strong>churros<\/strong>.<\/p>\n\n\n\n<p><a href=\"https:\/\/www.tripadvisor.it\/Restaurant_Review-g187529-d3171934-Reviews-Cafe_de_Las_Horas-Valencia_Province_of_Valencia_Valencian_Country.html\" target=\"_blank\" rel=\"noreferrer noopener\"><strong>Caf\u00e9 de las Horas<\/strong><\/a> &#8211; un locale storico che si trova in una strada alle spalle della Cattedrale. \u00c8 arredato in stile rococ\u00f2 ed \u00e8 perfetto per fare un aperitivo con l\u2019<strong>agua de Valencia<\/strong>, il cocktail pi\u00f9 famoso della citt\u00e0 a base di succo d\u2019arancia, gin, vodka e cava (lo spumante spagnolo).&nbsp;&nbsp;<\/p>\n\n\n\n<p>Super consigliato per provare a pranzo la vera Paella valenciana \u00e8 <strong><a href=\"https:\/\/www.tripadvisor.it\/Restaurant_Review-g187529-d993266-Reviews-Restaurante_Navarro-Valencia_Province_of_Valencia_Valencian_Country.html\" target=\"_blank\" rel=\"noreferrer noopener\">Navarro<\/a><\/strong> (prenotare qualche settimana prima di arrivare a Valencia). Su TheFork, invece, potete prenotare da <strong><a href=\"https:\/\/www.tripadvisor.it\/Restaurant_Review-g187529-d16920296-Reviews-Xanglot-Valencia_Province_of_Valencia_Valencian_Country.html\" target=\"_blank\" rel=\"noreferrer noopener\">Xanglot<\/a><\/strong> (consigliamo anche dalla guida Michelin) o da <strong><a href=\"https:\/\/www.tripadvisor.it\/Restaurant_Review-g187529-d9605950-Reviews-Rincon_33-Valencia_Province_of_Valencia_Valencian_Country.html\" target=\"_blank\" rel=\"noreferrer noopener\">Rinc\u00f2n 33<\/a><\/strong>.<\/p>\n\n\n\n<p class=\"has-luminous-vivid-orange-color has-text-color\">Se ti \u00e8 piaciuto questo articolo condividilo con i tuoi amici e seguici anche su <a href=\"https:\/\/www.instagram.com\/thelibratravels_\/\" target=\"_blank\" rel=\"noreferrer noopener\"><strong>Instagram<\/strong><\/a> e <a href=\"https:\/\/www.tiktok.com\/@thelibratravels_\" target=\"_blank\" rel=\"noreferrer noopener\"><strong>TikTok<\/strong><\/a>.<\/p>\n\n\n\n<figure class=\"wp-block-gallery columns-3 is-cropped\"><ul class=\"blocks-gallery-grid\"><li class=\"blocks-gallery-item\"><figure><img loading=\"lazy\" width=\"576\" height=\"1024\" src=\"https:\/\/thelibratravels.com\/wp-content\/uploads\/2022\/12\/thelibratravels_miguelete2-576x1024.jpg\" alt=\"\" data-id=\"4699\" data-full-url=\"https:\/\/thelibratravels.com\/wp-content\/uploads\/2022\/12\/thelibratravels_miguelete2-scaled.jpg\" data-link=\"https:\/\/thelibratravels.com\/?attachment_id=4699\" class=\"wp-image-4699\" srcset=\"https:\/\/thelibratravels.com\/wp-content\/uploads\/2022\/12\/thelibratravels_miguelete2-576x1024.jpg 576w, https:\/\/thelibratravels.com\/wp-content\/uploads\/2022\/12\/thelibratravels_miguelete2-169x300.jpg 169w, https:\/\/thelibratravels.com\/wp-content\/uploads\/2022\/12\/thelibratravels_miguelete2-768x1365.jpg 768w, https:\/\/thelibratravels.com\/wp-content\/uploads\/2022\/12\/thelibratravels_miguelete2-864x1536.jpg 864w, https:\/\/thelibratravels.com\/wp-content\/uploads\/2022\/12\/thelibratravels_miguelete2-1152x2048.jpg 1152w, https:\/\/thelibratravels.com\/wp-content\/uploads\/2022\/12\/thelibratravels_miguelete2-scaled.jpg 1440w\" sizes=\"(max-width: 576px) 100vw, 576px\" \/><figcaption class=\"blocks-gallery-item__caption\"><em>Campanile &#8211; Miguelete<\/em><\/figcaption><\/figure><\/li><li class=\"blocks-gallery-item\"><figure><img loading=\"lazy\" width=\"819\" height=\"1024\" src=\"https:\/\/thelibratravels.com\/wp-content\/uploads\/2022\/12\/thelibratravels_oceanografico-819x1024.jpg\" alt=\"\" data-id=\"4700\" data-full-url=\"https:\/\/thelibratravels.com\/wp-content\/uploads\/2022\/12\/thelibratravels_oceanografico-scaled.jpg\" data-link=\"https:\/\/thelibratravels.com\/?attachment_id=4700\" class=\"wp-image-4700\" srcset=\"https:\/\/thelibratravels.com\/wp-content\/uploads\/2022\/12\/thelibratravels_oceanografico-819x1024.jpg 819w, https:\/\/thelibratravels.com\/wp-content\/uploads\/2022\/12\/thelibratravels_oceanografico-240x300.jpg 240w, https:\/\/thelibratravels.com\/wp-content\/uploads\/2022\/12\/thelibratravels_oceanografico-768x960.jpg 768w, https:\/\/thelibratravels.com\/wp-content\/uploads\/2022\/12\/thelibratravels_oceanografico-1229x1536.jpg 1229w, https:\/\/thelibratravels.com\/wp-content\/uploads\/2022\/12\/thelibratravels_oceanografico-1638x2048.jpg 1638w, https:\/\/thelibratravels.com\/wp-content\/uploads\/2022\/12\/thelibratravels_oceanografico-scaled.jpg 2048w\" sizes=\"(max-width: 819px) 100vw, 819px\" \/><figcaption class=\"blocks-gallery-item__caption\"><em>Oceanografico<\/em><\/figcaption><\/figure><\/li><li class=\"blocks-gallery-item\"><figure><img loading=\"lazy\" width=\"1024\" height=\"683\" src=\"https:\/\/thelibratravels.com\/wp-content\/uploads\/2022\/12\/thelibratravels_Seta-1024x683.jpg\" alt=\"\" data-id=\"4701\" data-full-url=\"https:\/\/thelibratravels.com\/wp-content\/uploads\/2022\/12\/thelibratravels_Seta-scaled.jpg\" data-link=\"https:\/\/thelibratravels.com\/?attachment_id=4701\" class=\"wp-image-4701\" srcset=\"https:\/\/thelibratravels.com\/wp-content\/uploads\/2022\/12\/thelibratravels_Seta-1024x683.jpg 1024w, https:\/\/thelibratravels.com\/wp-content\/uploads\/2022\/12\/thelibratravels_Seta-300x200.jpg 300w, https:\/\/thelibratravels.com\/wp-content\/uploads\/2022\/12\/thelibratravels_Seta-768x512.jpg 768w, https:\/\/thelibratravels.com\/wp-content\/uploads\/2022\/12\/thelibratravels_Seta-1536x1024.jpg 1536w, https:\/\/thelibratravels.com\/wp-content\/uploads\/2022\/12\/thelibratravels_Seta-2048x1365.jpg 2048w\" sizes=\"(max-width: 1024px) 100vw, 1024px\" \/><figcaption class=\"blocks-gallery-item__caption\"><em>Lonja de la Seda<\/em><\/figcaption><\/figure><\/li><li class=\"blocks-gallery-item\"><figure><img loading=\"lazy\" width=\"576\" height=\"1024\" src=\"https:\/\/thelibratravels.com\/wp-content\/uploads\/2022\/12\/thelibratravels_stazione-nord-576x1024.jpg\" alt=\"\" data-id=\"4702\" data-full-url=\"https:\/\/thelibratravels.com\/wp-content\/uploads\/2022\/12\/thelibratravels_stazione-nord-scaled.jpg\" data-link=\"https:\/\/thelibratravels.com\/?attachment_id=4702\" class=\"wp-image-4702\" srcset=\"https:\/\/thelibratravels.com\/wp-content\/uploads\/2022\/12\/thelibratravels_stazione-nord-576x1024.jpg 576w, https:\/\/thelibratravels.com\/wp-content\/uploads\/2022\/12\/thelibratravels_stazione-nord-169x300.jpg 169w, https:\/\/thelibratravels.com\/wp-content\/uploads\/2022\/12\/thelibratravels_stazione-nord-768x1365.jpg 768w, https:\/\/thelibratravels.com\/wp-content\/uploads\/2022\/12\/thelibratravels_stazione-nord-864x1536.jpg 864w, https:\/\/thelibratravels.com\/wp-content\/uploads\/2022\/12\/thelibratravels_stazione-nord-1152x2048.jpg 1152w, https:\/\/thelibratravels.com\/wp-content\/uploads\/2022\/12\/thelibratravels_stazione-nord-scaled.jpg 1440w\" sizes=\"(max-width: 576px) 100vw, 576px\" \/><figcaption class=\"blocks-gallery-item__caption\"><em>Estaci\u00f3n del Norte<\/em><\/figcaption><\/figure><\/li><li class=\"blocks-gallery-item\"><figure><img loading=\"lazy\" width=\"576\" height=\"1024\" src=\"https:\/\/thelibratravels.com\/wp-content\/uploads\/2022\/12\/thelibratravels_valencia2-576x1024.jpg\" alt=\"\" data-id=\"4703\" data-full-url=\"https:\/\/thelibratravels.com\/wp-content\/uploads\/2022\/12\/thelibratravels_valencia2-scaled.jpg\" data-link=\"https:\/\/thelibratravels.com\/?attachment_id=4703\" class=\"wp-image-4703\" srcset=\"https:\/\/thelibratravels.com\/wp-content\/uploads\/2022\/12\/thelibratravels_valencia2-576x1024.jpg 576w, https:\/\/thelibratravels.com\/wp-content\/uploads\/2022\/12\/thelibratravels_valencia2-169x300.jpg 169w, https:\/\/thelibratravels.com\/wp-content\/uploads\/2022\/12\/thelibratravels_valencia2-768x1365.jpg 768w, https:\/\/thelibratravels.com\/wp-content\/uploads\/2022\/12\/thelibratravels_valencia2-864x1536.jpg 864w, https:\/\/thelibratravels.com\/wp-content\/uploads\/2022\/12\/thelibratravels_valencia2-1152x2048.jpg 1152w, https:\/\/thelibratravels.com\/wp-content\/uploads\/2022\/12\/thelibratravels_valencia2-scaled.jpg 1440w\" sizes=\"(max-width: 576px) 100vw, 576px\" \/><figcaption class=\"blocks-gallery-item__caption\"><em>Barrio del Carmen<\/em><\/figcaption><\/figure><\/li><\/ul><\/figure>\n","protected":false},"excerpt":{"rendered":"<p>\u2022Consigli per visitare Valencia in pochi giorni\u2022 Dopo Madrid e Alicante, l&#8217;ultima citt\u00e0 spagnola che abbiamo visitato durante il nostro on the road estivo \u00e8 stata Valencia. Ci ha conquistato all&#8217;istante: camminando per le sue stradine, nonostante il caldo, abbiamo percepito delle good vibes incredibili. Piccola e ben organizzata, dinamica e rilassante allo stesso tempo, [&hellip;]<\/p>\n","protected":false},"author":2,"featured_media":4704,"comment_status":"open","ping_status":"open","sticky":false,"template":"","format":"standard","meta":{"_mi_skip_tracking":false,"_monsterinsights_sitenote_active":false,"_monsterinsights_sitenote_note":"","_monsterinsights_sitenote_category":0},"categories":[66],"tags":[12,44],"table_tags":[],"yoast_head":"<!-- This site is optimized with the Yoast SEO plugin v17.7 - https:\/\/yoast.com\/wordpress\/plugins\/seo\/ -->\n<title>Valencia in 4 giorni: cosa fare, dove mangiare e cosa visitare |<\/title>\n<meta name=\"description\" content=\"Cosa vedere a Valencia: Barrio del Carmen, Miguelete, Lonja della Seta, Ciudad de las Artes y de las Ciencias e tanto altro...\" \/>\n<meta name=\"robots\" content=\"index, follow, max-snippet:-1, max-image-preview:large, max-video-preview:-1\" \/>\n<link rel=\"canonical\" href=\"https:\/\/thelibratravels.com\/index.php\/2022\/12\/10\/valencia-in-4-giorni-cosa-fare-dove-mangiare-e-cosa-visitare\/\" \/>\n<meta property=\"og:locale\" content=\"en_US\" \/>\n<meta property=\"og:type\" content=\"article\" \/>\n<meta property=\"og:title\" content=\"Valencia in 4 giorni: cosa fare, dove mangiare e cosa visitare |\" \/>\n<meta property=\"og:description\" content=\"Cosa vedere a Valencia: Barrio del Carmen, Miguelete, Lonja della Seta, Ciudad de las Artes y de las Ciencias e tanto altro...\" \/>\n<meta property=\"og:url\" content=\"https:\/\/thelibratravels.com\/index.php\/2022\/12\/10\/valencia-in-4-giorni-cosa-fare-dove-mangiare-e-cosa-visitare\/\" \/>\n<meta property=\"og:site_name\" content=\"The Libra Travels\" \/>\n<meta property=\"article:published_time\" content=\"2022-12-10T14:27:16+00:00\" \/>\n<meta property=\"article:modified_time\" content=\"2022-12-10T14:27:18+00:00\" \/>\n<meta property=\"og:image\" content=\"https:\/\/thelibratravels.com\/wp-content\/uploads\/2022\/12\/thelibratravels_valencia_copertina-1024x585.png\" \/>\n\t<meta property=\"og:image:width\" content=\"1024\" \/>\n\t<meta property=\"og:image:height\" content=\"585\" \/>\n<meta name=\"twitter:card\" content=\"summary_large_image\" \/>\n<meta name=\"twitter:label1\" content=\"Written by\" \/>\n\t<meta name=\"twitter:data1\" content=\"Francesca\" \/>\n\t<meta name=\"twitter:label2\" content=\"Est. reading time\" \/>\n\t<meta name=\"twitter:data2\" content=\"10 minutes\" \/>\n<script type=\"application\/ld+json\" class=\"yoast-schema-graph\">{\"@context\":\"https:\/\/schema.org\",\"@graph\":[{\"@type\":\"Organization\",\"@id\":\"https:\/\/thelibratravels.com\/#organization\",\"name\":\"The Libra Travels\",\"url\":\"https:\/\/thelibratravels.com\/\",\"sameAs\":[],\"logo\":{\"@type\":\"ImageObject\",\"@id\":\"https:\/\/thelibratravels.com\/#logo\",\"inLanguage\":\"en-US\",\"url\":\"https:\/\/thelibratravels.com\/wp-content\/uploads\/2021\/03\/logo_orizzontale.jpg\",\"contentUrl\":\"https:\/\/thelibratravels.com\/wp-content\/uploads\/2021\/03\/logo_orizzontale.jpg\",\"width\":1260,\"height\":704,\"caption\":\"The Libra Travels\"},\"image\":{\"@id\":\"https:\/\/thelibratravels.com\/#logo\"}},{\"@type\":\"WebSite\",\"@id\":\"https:\/\/thelibratravels.com\/#website\",\"url\":\"https:\/\/thelibratravels.com\/\",\"name\":\"The Libra Travels\",\"description\":\"Inspiring stories\",\"publisher\":{\"@id\":\"https:\/\/thelibratravels.com\/#organization\"},\"potentialAction\":[{\"@type\":\"SearchAction\",\"target\":{\"@type\":\"EntryPoint\",\"urlTemplate\":\"https:\/\/thelibratravels.com\/?s={search_term_string}\"},\"query-input\":\"required name=search_term_string\"}],\"inLanguage\":\"en-US\"},{\"@type\":\"ImageObject\",\"@id\":\"https:\/\/thelibratravels.com\/index.php\/2022\/12\/10\/valencia-in-4-giorni-cosa-fare-dove-mangiare-e-cosa-visitare\/#primaryimage\",\"inLanguage\":\"en-US\",\"url\":\"https:\/\/thelibratravels.com\/wp-content\/uploads\/2022\/12\/thelibratravels_valencia_copertina.png\",\"contentUrl\":\"https:\/\/thelibratravels.com\/wp-content\/uploads\/2022\/12\/thelibratravels_valencia_copertina.png\",\"width\":1702,\"height\":972,\"caption\":\"Valencia vista dall'alto\"},{\"@type\":\"WebPage\",\"@id\":\"https:\/\/thelibratravels.com\/index.php\/2022\/12\/10\/valencia-in-4-giorni-cosa-fare-dove-mangiare-e-cosa-visitare\/#webpage\",\"url\":\"https:\/\/thelibratravels.com\/index.php\/2022\/12\/10\/valencia-in-4-giorni-cosa-fare-dove-mangiare-e-cosa-visitare\/\",\"name\":\"Valencia in 4 giorni: cosa fare, dove mangiare e cosa visitare |\",\"isPartOf\":{\"@id\":\"https:\/\/thelibratravels.com\/#website\"},\"primaryImageOfPage\":{\"@id\":\"https:\/\/thelibratravels.com\/index.php\/2022\/12\/10\/valencia-in-4-giorni-cosa-fare-dove-mangiare-e-cosa-visitare\/#primaryimage\"},\"datePublished\":\"2022-12-10T14:27:16+00:00\",\"dateModified\":\"2022-12-10T14:27:18+00:00\",\"description\":\"Cosa vedere a Valencia: Barrio del Carmen, Miguelete, Lonja della Seta, Ciudad de las Artes y de las Ciencias e tanto altro...\",\"breadcrumb\":{\"@id\":\"https:\/\/thelibratravels.com\/index.php\/2022\/12\/10\/valencia-in-4-giorni-cosa-fare-dove-mangiare-e-cosa-visitare\/#breadcrumb\"},\"inLanguage\":\"en-US\",\"potentialAction\":[{\"@type\":\"ReadAction\",\"target\":[\"https:\/\/thelibratravels.com\/index.php\/2022\/12\/10\/valencia-in-4-giorni-cosa-fare-dove-mangiare-e-cosa-visitare\/\"]}]},{\"@type\":\"BreadcrumbList\",\"@id\":\"https:\/\/thelibratravels.com\/index.php\/2022\/12\/10\/valencia-in-4-giorni-cosa-fare-dove-mangiare-e-cosa-visitare\/#breadcrumb\",\"itemListElement\":[{\"@type\":\"ListItem\",\"position\":1,\"name\":\"Home\",\"item\":\"https:\/\/thelibratravels.com\/\"},{\"@type\":\"ListItem\",\"position\":2,\"name\":\"Valencia in 4 giorni: cosa fare, dove mangiare e cosa visitare\"}]},{\"@type\":\"Article\",\"@id\":\"https:\/\/thelibratravels.com\/index.php\/2022\/12\/10\/valencia-in-4-giorni-cosa-fare-dove-mangiare-e-cosa-visitare\/#article\",\"isPartOf\":{\"@id\":\"https:\/\/thelibratravels.com\/index.php\/2022\/12\/10\/valencia-in-4-giorni-cosa-fare-dove-mangiare-e-cosa-visitare\/#webpage\"},\"author\":{\"@id\":\"https:\/\/thelibratravels.com\/#\/schema\/person\/3832b25c6494095e34c8a9c2c2557127\"},\"headline\":\"Valencia in 4 giorni: cosa fare, dove mangiare e cosa visitare\",\"datePublished\":\"2022-12-10T14:27:16+00:00\",\"dateModified\":\"2022-12-10T14:27:18+00:00\",\"mainEntityOfPage\":{\"@id\":\"https:\/\/thelibratravels.com\/index.php\/2022\/12\/10\/valencia-in-4-giorni-cosa-fare-dove-mangiare-e-cosa-visitare\/#webpage\"},\"wordCount\":1701,\"commentCount\":0,\"publisher\":{\"@id\":\"https:\/\/thelibratravels.com\/#organization\"},\"image\":{\"@id\":\"https:\/\/thelibratravels.com\/index.php\/2022\/12\/10\/valencia-in-4-giorni-cosa-fare-dove-mangiare-e-cosa-visitare\/#primaryimage\"},\"thumbnailUrl\":\"https:\/\/thelibratravels.com\/wp-content\/uploads\/2022\/12\/thelibratravels_valencia_copertina.png\",\"keywords\":[\"Amici\",\"Buongustaio\"],\"articleSection\":[\"Spagna\"],\"inLanguage\":\"en-US\",\"potentialAction\":[{\"@type\":\"CommentAction\",\"name\":\"Comment\",\"target\":[\"https:\/\/thelibratravels.com\/index.php\/2022\/12\/10\/valencia-in-4-giorni-cosa-fare-dove-mangiare-e-cosa-visitare\/#respond\"]}]},{\"@type\":\"Person\",\"@id\":\"https:\/\/thelibratravels.com\/#\/schema\/person\/3832b25c6494095e34c8a9c2c2557127\",\"name\":\"Francesca\",\"image\":{\"@type\":\"ImageObject\",\"@id\":\"https:\/\/thelibratravels.com\/#personlogo\",\"inLanguage\":\"en-US\",\"url\":\"https:\/\/secure.gravatar.com\/avatar\/d44165d760232ce02dd9cffb5f31b962?s=96&d=wavatar&r=g\",\"contentUrl\":\"https:\/\/secure.gravatar.com\/avatar\/d44165d760232ce02dd9cffb5f31b962?s=96&d=wavatar&r=g\",\"caption\":\"Francesca\"},\"url\":\"https:\/\/thelibratravels.com\/index.php\/author\/francesca\/\"}]}<\/script>\n<!-- \/ Yoast SEO plugin. -->","yoast_head_json":{"title":"Valencia in 4 giorni: cosa fare, dove mangiare e cosa visitare |","description":"Cosa vedere a Valencia: Barrio del Carmen, Miguelete, Lonja della Seta, Ciudad de las Artes y de las Ciencias e tanto altro...","robots":{"index":"index","follow":"follow","max-snippet":"max-snippet:-1","max-image-preview":"max-image-preview:large","max-video-preview":"max-video-preview:-1"},"canonical":"https:\/\/thelibratravels.com\/index.php\/2022\/12\/10\/valencia-in-4-giorni-cosa-fare-dove-mangiare-e-cosa-visitare\/","og_locale":"en_US","og_type":"article","og_title":"Valencia in 4 giorni: cosa fare, dove mangiare e cosa visitare |","og_description":"Cosa vedere a Valencia: Barrio del Carmen, Miguelete, Lonja della Seta, Ciudad de las Artes y de las Ciencias e tanto altro...","og_url":"https:\/\/thelibratravels.com\/index.php\/2022\/12\/10\/valencia-in-4-giorni-cosa-fare-dove-mangiare-e-cosa-visitare\/","og_site_name":"The Libra Travels","article_published_time":"2022-12-10T14:27:16+00:00","article_modified_time":"2022-12-10T14:27:18+00:00","og_image":[{"width":1024,"height":585,"url":"https:\/\/thelibratravels.com\/wp-content\/uploads\/2022\/12\/thelibratravels_valencia_copertina-1024x585.png","type":"image\/png"}],"twitter_card":"summary_large_image","twitter_misc":{"Written by":"Francesca","Est. reading time":"10 minutes"},"schema":{"@context":"https:\/\/schema.org","@graph":[{"@type":"Organization","@id":"https:\/\/thelibratravels.com\/#organization","name":"The Libra Travels","url":"https:\/\/thelibratravels.com\/","sameAs":[],"logo":{"@type":"ImageObject","@id":"https:\/\/thelibratravels.com\/#logo","inLanguage":"en-US","url":"https:\/\/thelibratravels.com\/wp-content\/uploads\/2021\/03\/logo_orizzontale.jpg","contentUrl":"https:\/\/thelibratravels.com\/wp-content\/uploads\/2021\/03\/logo_orizzontale.jpg","width":1260,"height":704,"caption":"The Libra Travels"},"image":{"@id":"https:\/\/thelibratravels.com\/#logo"}},{"@type":"WebSite","@id":"https:\/\/thelibratravels.com\/#website","url":"https:\/\/thelibratravels.com\/","name":"The Libra Travels","description":"Inspiring stories","publisher":{"@id":"https:\/\/thelibratravels.com\/#organization"},"potentialAction":[{"@type":"SearchAction","target":{"@type":"EntryPoint","urlTemplate":"https:\/\/thelibratravels.com\/?s={search_term_string}"},"query-input":"required name=search_term_string"}],"inLanguage":"en-US"},{"@type":"ImageObject","@id":"https:\/\/thelibratravels.com\/index.php\/2022\/12\/10\/valencia-in-4-giorni-cosa-fare-dove-mangiare-e-cosa-visitare\/#primaryimage","inLanguage":"en-US","url":"https:\/\/thelibratravels.com\/wp-content\/uploads\/2022\/12\/thelibratravels_valencia_copertina.png","contentUrl":"https:\/\/thelibratravels.com\/wp-content\/uploads\/2022\/12\/thelibratravels_valencia_copertina.png","width":1702,"height":972,"caption":"Valencia vista dall'alto"},{"@type":"WebPage","@id":"https:\/\/thelibratravels.com\/index.php\/2022\/12\/10\/valencia-in-4-giorni-cosa-fare-dove-mangiare-e-cosa-visitare\/#webpage","url":"https:\/\/thelibratravels.com\/index.php\/2022\/12\/10\/valencia-in-4-giorni-cosa-fare-dove-mangiare-e-cosa-visitare\/","name":"Valencia in 4 giorni: cosa fare, dove mangiare e cosa visitare |","isPartOf":{"@id":"https:\/\/thelibratravels.com\/#website"},"primaryImageOfPage":{"@id":"https:\/\/thelibratravels.com\/index.php\/2022\/12\/10\/valencia-in-4-giorni-cosa-fare-dove-mangiare-e-cosa-visitare\/#primaryimage"},"datePublished":"2022-12-10T14:27:16+00:00","dateModified":"2022-12-10T14:27:18+00:00","description":"Cosa vedere a Valencia: Barrio del Carmen, Miguelete, Lonja della Seta, Ciudad de las Artes y de las Ciencias e tanto altro...","breadcrumb":{"@id":"https:\/\/thelibratravels.com\/index.php\/2022\/12\/10\/valencia-in-4-giorni-cosa-fare-dove-mangiare-e-cosa-visitare\/#breadcrumb"},"inLanguage":"en-US","potentialAction":[{"@type":"ReadAction","target":["https:\/\/thelibratravels.com\/index.php\/2022\/12\/10\/valencia-in-4-giorni-cosa-fare-dove-mangiare-e-cosa-visitare\/"]}]},{"@type":"BreadcrumbList","@id":"https:\/\/thelibratravels.com\/index.php\/2022\/12\/10\/valencia-in-4-giorni-cosa-fare-dove-mangiare-e-cosa-visitare\/#breadcrumb","itemListElement":[{"@type":"ListItem","position":1,"name":"Home","item":"https:\/\/thelibratravels.com\/"},{"@type":"ListItem","position":2,"name":"Valencia in 4 giorni: cosa fare, dove mangiare e cosa visitare"}]},{"@type":"Article","@id":"https:\/\/thelibratravels.com\/index.php\/2022\/12\/10\/valencia-in-4-giorni-cosa-fare-dove-mangiare-e-cosa-visitare\/#article","isPartOf":{"@id":"https:\/\/thelibratravels.com\/index.php\/2022\/12\/10\/valencia-in-4-giorni-cosa-fare-dove-mangiare-e-cosa-visitare\/#webpage"},"author":{"@id":"https:\/\/thelibratravels.com\/#\/schema\/person\/3832b25c6494095e34c8a9c2c2557127"},"headline":"Valencia in 4 giorni: cosa fare, dove mangiare e cosa visitare","datePublished":"2022-12-10T14:27:16+00:00","dateModified":"2022-12-10T14:27:18+00:00","mainEntityOfPage":{"@id":"https:\/\/thelibratravels.com\/index.php\/2022\/12\/10\/valencia-in-4-giorni-cosa-fare-dove-mangiare-e-cosa-visitare\/#webpage"},"wordCount":1701,"commentCount":0,"publisher":{"@id":"https:\/\/thelibratravels.com\/#organization"},"image":{"@id":"https:\/\/thelibratravels.com\/index.php\/2022\/12\/10\/valencia-in-4-giorni-cosa-fare-dove-mangiare-e-cosa-visitare\/#primaryimage"},"thumbnailUrl":"https:\/\/thelibratravels.com\/wp-content\/uploads\/2022\/12\/thelibratravels_valencia_copertina.png","keywords":["Amici","Buongustaio"],"articleSection":["Spagna"],"inLanguage":"en-US","potentialAction":[{"@type":"CommentAction","name":"Comment","target":["https:\/\/thelibratravels.com\/index.php\/2022\/12\/10\/valencia-in-4-giorni-cosa-fare-dove-mangiare-e-cosa-visitare\/#respond"]}]},{"@type":"Person","@id":"https:\/\/thelibratravels.com\/#\/schema\/person\/3832b25c6494095e34c8a9c2c2557127","name":"Francesca","image":{"@type":"ImageObject","@id":"https:\/\/thelibratravels.com\/#personlogo","inLanguage":"en-US","url":"https:\/\/secure.gravatar.com\/avatar\/d44165d760232ce02dd9cffb5f31b962?s=96&d=wavatar&r=g","contentUrl":"https:\/\/secure.gravatar.com\/avatar\/d44165d760232ce02dd9cffb5f31b962?s=96&d=wavatar&r=g","caption":"Francesca"},"url":"https:\/\/thelibratravels.com\/index.php\/author\/francesca\/"}]}},"_links":{"self":[{"href":"https:\/\/thelibratravels.com\/index.php\/wp-json\/wp\/v2\/posts\/4448"}],"collection":[{"href":"https:\/\/thelibratravels.com\/index.php\/wp-json\/wp\/v2\/posts"}],"about":[{"href":"https:\/\/thelibratravels.com\/index.php\/wp-json\/wp\/v2\/types\/post"}],"author":[{"embeddable":true,"href":"https:\/\/thelibratravels.com\/index.php\/wp-json\/wp\/v2\/users\/2"}],"replies":[{"embeddable":true,"href":"https:\/\/thelibratravels.com\/index.php\/wp-json\/wp\/v2\/comments?post=4448"}],"version-history":[{"count":32,"href":"https:\/\/thelibratravels.com\/index.php\/wp-json\/wp\/v2\/posts\/4448\/revisions"}],"predecessor-version":[{"id":4712,"href":"https:\/\/thelibratravels.com\/index.php\/wp-json\/wp\/v2\/posts\/4448\/revisions\/4712"}],"wp:featuredmedia":[{"embeddable":true,"href":"https:\/\/thelibratravels.com\/index.php\/wp-json\/wp\/v2\/media\/4704"}],"wp:attachment":[{"href":"https:\/\/thelibratravels.com\/index.php\/wp-json\/wp\/v2\/media?parent=4448"}],"wp:term":[{"taxonomy":"category","embeddable":true,"href":"https:\/\/thelibratravels.com\/index.php\/wp-json\/wp\/v2\/categories?post=4448"},{"taxonomy":"post_tag","embeddable":true,"href":"https:\/\/thelibratravels.com\/index.php\/wp-json\/wp\/v2\/tags?post=4448"},{"taxonomy":"table_tags","embeddable":true,"href":"https:\/\/thelibratravels.com\/index.php\/wp-json\/wp\/v2\/table_tags?post=4448"}],"curies":[{"name":"wp","href":"https:\/\/api.w.org\/{rel}","templated":true}]}}