{"id":4604,"date":"2022-11-06T16:11:28","date_gmt":"2022-11-06T15:11:28","guid":{"rendered":"https:\/\/thelibratravels.com\/?p=4604"},"modified":"2022-11-06T16:12:21","modified_gmt":"2022-11-06T15:12:21","slug":"dormire-in-uno-chalet-trentino-alto-adige","status":"publish","type":"post","link":"https:\/\/thelibratravels.com\/index.php\/2022\/11\/06\/dormire-in-uno-chalet-trentino-alto-adige\/","title":{"rendered":"Bergchalet Heidi und Peter: dormire in uno chalet in Trentino-Alto Adige"},"content":{"rendered":"\n<h2><strong>\u2022Soggiorno relax, con vista panoramica, in uno chalet del Trentino-Alto Adige\u2022<\/strong><\/h2>\n\n\n\n<figure class=\"wp-block-image size-large\"><img loading=\"lazy\" width=\"1024\" height=\"682\" src=\"https:\/\/thelibratravels.com\/wp-content\/uploads\/2022\/11\/thelibratravels_chalet-1024x682.jpeg\" alt=\"\" class=\"wp-image-4610\" srcset=\"https:\/\/thelibratravels.com\/wp-content\/uploads\/2022\/11\/thelibratravels_chalet-1024x682.jpeg 1024w, https:\/\/thelibratravels.com\/wp-content\/uploads\/2022\/11\/thelibratravels_chalet-300x200.jpeg 300w, https:\/\/thelibratravels.com\/wp-content\/uploads\/2022\/11\/thelibratravels_chalet-768x512.jpeg 768w, https:\/\/thelibratravels.com\/wp-content\/uploads\/2022\/11\/thelibratravels_chalet-700x465.jpeg 700w, https:\/\/thelibratravels.com\/wp-content\/uploads\/2022\/11\/thelibratravels_chalet.jpeg 1280w\" sizes=\"(max-width: 1024px) 100vw, 1024px\" \/><figcaption><em>Bergchalet Heidi und Peter (source: website)<\/em><\/figcaption><\/figure>\n\n\n\n<p>Chi lo dice che i soggiorni &#8220;insoliti&#8221; e all&#8217;insegna del relax si possano fare solo in coppia? Lo <strong><a href=\"https:\/\/bergchalet-heidipeter.com\/it\/\" target=\"_blank\" rel=\"noreferrer noopener\">Chalet Heidi und Peter<\/a><\/strong>, a <strong>San Leonardo in Passiria<\/strong> in <strong>Trentino Alto Adige<\/strong>, risponde proprio all&#8217;esigenza di piccole comitive o famiglie allargate che vogliono concedersi un weekend in tranquillit\u00e0 e piena libert\u00e0!<\/p>\n\n\n\n<p>Con 8 posti letto, una cucina super accessoriata, una vasca idromassaggio all&#8217;esterno, una sauna posta in una confortevole zona wellness, un grande giardino con area giochi, doppio posto auto e una vista mozzafiato, questo chalet in Trentino-Alto Adige ti regaler\u00e0 una vacanza unica nel suo genere e un&#8217;esperienza indimenticabile.<\/p>\n\n\n\n<figure class=\"wp-block-gallery columns-3 is-cropped\"><ul class=\"blocks-gallery-grid\"><li class=\"blocks-gallery-item\"><figure><img loading=\"lazy\" width=\"814\" height=\"1024\" src=\"https:\/\/thelibratravels.com\/wp-content\/uploads\/2022\/11\/thelibratravels_relax1-814x1024.jpg\" alt=\"\" data-id=\"4613\" data-full-url=\"https:\/\/thelibratravels.com\/wp-content\/uploads\/2022\/11\/thelibratravels_relax1-scaled.jpg\" data-link=\"https:\/\/thelibratravels.com\/?attachment_id=4613\" class=\"wp-image-4613\" srcset=\"https:\/\/thelibratravels.com\/wp-content\/uploads\/2022\/11\/thelibratravels_relax1-814x1024.jpg 814w, https:\/\/thelibratravels.com\/wp-content\/uploads\/2022\/11\/thelibratravels_relax1-239x300.jpg 239w, https:\/\/thelibratravels.com\/wp-content\/uploads\/2022\/11\/thelibratravels_relax1-768x966.jpg 768w, https:\/\/thelibratravels.com\/wp-content\/uploads\/2022\/11\/thelibratravels_relax1-1221x1536.jpg 1221w, https:\/\/thelibratravels.com\/wp-content\/uploads\/2022\/11\/thelibratravels_relax1-1628x2048.jpg 1628w, https:\/\/thelibratravels.com\/wp-content\/uploads\/2022\/11\/thelibratravels_relax1-scaled.jpg 2035w\" sizes=\"(max-width: 814px) 100vw, 814px\" \/><\/figure><\/li><li class=\"blocks-gallery-item\"><figure><img loading=\"lazy\" width=\"827\" height=\"1024\" src=\"https:\/\/thelibratravels.com\/wp-content\/uploads\/2022\/11\/thelibratravels_altoadige-827x1024.jpg\" alt=\"\" data-id=\"4611\" data-full-url=\"https:\/\/thelibratravels.com\/wp-content\/uploads\/2022\/11\/thelibratravels_altoadige-scaled.jpg\" data-link=\"https:\/\/thelibratravels.com\/?attachment_id=4611\" class=\"wp-image-4611\" srcset=\"https:\/\/thelibratravels.com\/wp-content\/uploads\/2022\/11\/thelibratravels_altoadige-827x1024.jpg 827w, https:\/\/thelibratravels.com\/wp-content\/uploads\/2022\/11\/thelibratravels_altoadige-242x300.jpg 242w, https:\/\/thelibratravels.com\/wp-content\/uploads\/2022\/11\/thelibratravels_altoadige-768x951.jpg 768w, https:\/\/thelibratravels.com\/wp-content\/uploads\/2022\/11\/thelibratravels_altoadige-1241x1536.jpg 1241w, https:\/\/thelibratravels.com\/wp-content\/uploads\/2022\/11\/thelibratravels_altoadige-1654x2048.jpg 1654w\" sizes=\"(max-width: 827px) 100vw, 827px\" \/><\/figure><\/li><li class=\"blocks-gallery-item\"><figure><img loading=\"lazy\" width=\"576\" height=\"1024\" src=\"https:\/\/thelibratravels.com\/wp-content\/uploads\/2022\/11\/thelibratravels_chalet2-576x1024.jpg\" alt=\"\" data-id=\"4612\" data-full-url=\"https:\/\/thelibratravels.com\/wp-content\/uploads\/2022\/11\/thelibratravels_chalet2-scaled.jpg\" data-link=\"https:\/\/thelibratravels.com\/?attachment_id=4612\" class=\"wp-image-4612\" srcset=\"https:\/\/thelibratravels.com\/wp-content\/uploads\/2022\/11\/thelibratravels_chalet2-576x1024.jpg 576w, https:\/\/thelibratravels.com\/wp-content\/uploads\/2022\/11\/thelibratravels_chalet2-169x300.jpg 169w, https:\/\/thelibratravels.com\/wp-content\/uploads\/2022\/11\/thelibratravels_chalet2-768x1365.jpg 768w, https:\/\/thelibratravels.com\/wp-content\/uploads\/2022\/11\/thelibratravels_chalet2-864x1536.jpg 864w, https:\/\/thelibratravels.com\/wp-content\/uploads\/2022\/11\/thelibratravels_chalet2-1152x2048.jpg 1152w, https:\/\/thelibratravels.com\/wp-content\/uploads\/2022\/11\/thelibratravels_chalet2-scaled.jpg 1440w\" sizes=\"(max-width: 576px) 100vw, 576px\" \/><\/figure><\/li><\/ul><\/figure>\n\n\n\n<h3 class=\"has-text-color\" style=\"color:#f18626;font-size:17px\"><strong>LO CHALET E LA SUA STORIA<\/strong><\/h3>\n\n\n\n<p>La famiglia Hofer ha inaugurato questo meraviglioso chalet a maggio 2022. \u00c9 situato a 900 metri d&#8217;altezza all\u2019interno della loro fattoria, nel cuore della Val Passiria, e la prima cosa che sicuramente ti colpir\u00e0 sar\u00e0 la profonda quiete e il silenzio assoluto che regna in questo luogo.<\/p>\n\n\n\n<p>\u00c8 un posto perfetto, in tutte le stagioni, anche per chi viaggia con bambini: oltre all&#8217;area giochi, infatti, \u00e8 anche possibile vedere cavalli, coniglietti, galli e provare a mungere le mucche!<\/p>\n\n\n\n<figure class=\"wp-block-gallery columns-3 is-cropped\"><ul class=\"blocks-gallery-grid\"><li class=\"blocks-gallery-item\"><figure><img loading=\"lazy\" width=\"1024\" height=\"682\" src=\"https:\/\/thelibratravels.com\/wp-content\/uploads\/2022\/11\/thelibratravels_chalet3-1024x682.jpeg\" alt=\"\" data-id=\"4614\" data-full-url=\"https:\/\/thelibratravels.com\/wp-content\/uploads\/2022\/11\/thelibratravels_chalet3.jpeg\" data-link=\"https:\/\/thelibratravels.com\/?attachment_id=4614\" class=\"wp-image-4614\" srcset=\"https:\/\/thelibratravels.com\/wp-content\/uploads\/2022\/11\/thelibratravels_chalet3-1024x682.jpeg 1024w, https:\/\/thelibratravels.com\/wp-content\/uploads\/2022\/11\/thelibratravels_chalet3-300x200.jpeg 300w, https:\/\/thelibratravels.com\/wp-content\/uploads\/2022\/11\/thelibratravels_chalet3-768x512.jpeg 768w, https:\/\/thelibratravels.com\/wp-content\/uploads\/2022\/11\/thelibratravels_chalet3-700x465.jpeg 700w, https:\/\/thelibratravels.com\/wp-content\/uploads\/2022\/11\/thelibratravels_chalet3.jpeg 1280w\" sizes=\"(max-width: 1024px) 100vw, 1024px\" \/><figcaption class=\"blocks-gallery-item__caption\">Sauna<\/figcaption><\/figure><\/li><li class=\"blocks-gallery-item\"><figure><img loading=\"lazy\" width=\"1024\" height=\"682\" src=\"https:\/\/thelibratravels.com\/wp-content\/uploads\/2022\/11\/thelibratravels_chalet4-1024x682.jpeg\" alt=\"\" data-id=\"4615\" data-full-url=\"https:\/\/thelibratravels.com\/wp-content\/uploads\/2022\/11\/thelibratravels_chalet4.jpeg\" data-link=\"https:\/\/thelibratravels.com\/?attachment_id=4615\" class=\"wp-image-4615\" srcset=\"https:\/\/thelibratravels.com\/wp-content\/uploads\/2022\/11\/thelibratravels_chalet4-1024x682.jpeg 1024w, https:\/\/thelibratravels.com\/wp-content\/uploads\/2022\/11\/thelibratravels_chalet4-300x200.jpeg 300w, https:\/\/thelibratravels.com\/wp-content\/uploads\/2022\/11\/thelibratravels_chalet4-768x512.jpeg 768w, https:\/\/thelibratravels.com\/wp-content\/uploads\/2022\/11\/thelibratravels_chalet4-700x465.jpeg 700w, https:\/\/thelibratravels.com\/wp-content\/uploads\/2022\/11\/thelibratravels_chalet4.jpeg 1280w\" sizes=\"(max-width: 1024px) 100vw, 1024px\" \/><figcaption class=\"blocks-gallery-item__caption\">Una delle 3 camere<\/figcaption><\/figure><\/li><li class=\"blocks-gallery-item\"><figure><img loading=\"lazy\" width=\"1024\" height=\"682\" src=\"https:\/\/thelibratravels.com\/wp-content\/uploads\/2022\/11\/thelibratravels_chalet5-1024x682.jpeg\" alt=\"\" data-id=\"4616\" data-full-url=\"https:\/\/thelibratravels.com\/wp-content\/uploads\/2022\/11\/thelibratravels_chalet5.jpeg\" data-link=\"https:\/\/thelibratravels.com\/?attachment_id=4616\" class=\"wp-image-4616\" srcset=\"https:\/\/thelibratravels.com\/wp-content\/uploads\/2022\/11\/thelibratravels_chalet5-1024x682.jpeg 1024w, https:\/\/thelibratravels.com\/wp-content\/uploads\/2022\/11\/thelibratravels_chalet5-300x200.jpeg 300w, https:\/\/thelibratravels.com\/wp-content\/uploads\/2022\/11\/thelibratravels_chalet5-768x512.jpeg 768w, https:\/\/thelibratravels.com\/wp-content\/uploads\/2022\/11\/thelibratravels_chalet5-700x465.jpeg 700w, https:\/\/thelibratravels.com\/wp-content\/uploads\/2022\/11\/thelibratravels_chalet5.jpeg 1280w\" sizes=\"(max-width: 1024px) 100vw, 1024px\" \/><figcaption class=\"blocks-gallery-item__caption\">Cucina<\/figcaption><\/figure><\/li><\/ul><figcaption class=\"blocks-gallery-caption\"><em>Foto interno Bergchalet (source: website)<\/em><\/figcaption><\/figure>\n\n\n\n<div class=\"wptb-table-container wptb-table-4630\"><div class=\"wptb-table-container-matrix\" id=\"wptb-table-id-4630\" data-wptb-version=\"1.3.13\" data-wptb-pro-status=\"false\"><table class=\"wptb-preview-table wptb-element-main-table_setting-279 edit-active\" data-wptb-adaptive-table=\"0\" data-wptb-cells-width-auto-count=\"1\" data-wptb-table-tds-sum-max-width=\"108\" style=\"border: 2px solid rgb(129, 153, 206);\" data-table-columns=\"1\" data-reconstraction=\"1\" role=\"table\" data-wptb-header-background-color=\"#8199ce\" data-wptb-even-row-background-color=\"\" data-wptb-odd-row-background-color=\"\" data-wptb-responsive-directives=\"eyJyZXNwb25zaXZlRW5hYmxlZCI6ZmFsc2UsInJlc3BvbnNpdmVNb2RlIjoiYXV0byIsInByZXNlcnZlUm93Q29sb3IiOmZhbHNlLCJyZWxhdGl2ZVdpZHRoIjoid2luZG93IiwiaGVhZGVyRnVsbHlNZXJnZWQiOmZhbHNlLCJtb2RlT3B0aW9ucyI6eyJhdXRvIjp7InRvcFJvd0FzSGVhZGVyIjp7ImRlc2t0b3AiOmZhbHNlLCJ0YWJsZXQiOnRydWUsIm1vYmlsZSI6dHJ1ZX0sInJlcGVhdE1lcmdlZEhlYWRlciI6eyJkZXNrdG9wIjp0cnVlLCJ0YWJsZXQiOnRydWUsIm1vYmlsZSI6dHJ1ZX0sInN0YXRpY1RvcFJvdyI6eyJkZXNrdG9wIjpmYWxzZSwidGFibGV0IjpmYWxzZSwibW9iaWxlIjpmYWxzZX0sImNlbGxTdGFja0RpcmVjdGlvbiI6eyJkZXNrdG9wIjoicm93IiwidGFibGV0Ijoicm93IiwibW9iaWxlIjoicm93In0sImNlbGxzUGVyUm93Ijp7ImRlc2t0b3AiOjEsInRhYmxldCI6MSwibW9iaWxlIjoxfX19LCJicmVha3BvaW50cyI6eyJkZXNrdG9wIjp7Im5hbWUiOiJkZXNrdG9wIiwid2lkdGgiOjEwMjR9LCJ0YWJsZXQiOnsibmFtZSI6InRhYmxldCIsIndpZHRoIjo3MDB9LCJtb2JpbGUiOnsibmFtZSI6Im1vYmlsZSIsIndpZHRoIjozMDB9fX0=\" data-wptb-extra-styles=\"LyogRW50ZXIgeW91ciBjdXN0b20gQ1NTIHJ1bGVzIGhlcmUgKi8=\"><tbody><tr class=\"wptb-row\" style=\"background-color: rgb(129, 153, 206);\" data-wptb-bg-color=\"#8199ce\"><td class=\"wptb-cell\" data-wptb-css-td-auto-width=\"true\" data-x-index=\"0\" data-y-index=\"0\" style=\"padding: 2px; border: 1px solid rgb(129, 153, 206);\"><div class=\"wptb-text-container wptb-ph-element wptb-element-text-1\" style=\"color: rgb(255, 255, 255); font-size: 15px;\"><div class=\"\" style=\"position: relative;\"><p class=\"\"><strong>TRAVEL TIP<\/strong><\/p><\/div><\/div><\/td><\/tr><tr class=\"wptb-row\" data-wptb-bg-color=\"\"><td class=\"wptb-cell\" data-wptb-css-td-auto-width=\"true\" data-x-index=\"0\" data-y-index=\"1\" style=\"padding: 2px; border: 1px solid rgb(129, 153, 206);\"><div class=\"wptb-text-container wptb-ph-element wptb-element-text-2\" style=\"font-size: 15px; color: rgb(74, 85, 104);\"><div class=\"\" style=\"position: relative;\"><p class=\"\">Lo Chalet &egrave; raggiungibile solo con la macchina! Attenzione a percorrere di notte la stradina che da San Leonardo in Passiria porta allo chalet: &egrave; molto stretta, ripida e priva di illuminazione. Il navigatore comunque riconosce il tragitto quindi perdersi sar&agrave; impossibile.<\/p><p class=\"\"><\/p><\/div><\/div><\/td><\/tr><\/tbody><\/table><\/div><\/div>\n\n\n\n\n<h3 class=\"has-text-color\" style=\"color:#f18626;font-size:17px\"><strong>IL COSTO DELLO CHALET IN TRENTINO-ALTO ADIGE<\/strong><\/h3>\n\n\n\n<p>Considerando l&#8217;esperienza straordinaria il costo \u00e8 davvero conveniente: noi abbiamo alloggiato qui in 6 persone pagando meno di 70\u20ac a persona a notte, per un totale di tre notti <em>(tariffa aggiornata a novembre 2022).<\/em><\/p>\n\n\n\n<h3 class=\"has-text-color\" style=\"color:#f18626;font-size:17px\"><strong>ATTIVITA&#8217; DA FARE IN VAL PASSIRIA<\/strong><\/h3>\n\n\n\n<figure class=\"wp-block-gallery columns-3 is-cropped\"><ul class=\"blocks-gallery-grid\"><li class=\"blocks-gallery-item\"><figure><img loading=\"lazy\" width=\"576\" height=\"1024\" src=\"https:\/\/thelibratravels.com\/wp-content\/uploads\/2022\/11\/thelibratravels_trekking2-1-576x1024.jpg\" alt=\"\" data-id=\"4622\" data-link=\"https:\/\/thelibratravels.com\/?attachment_id=4622\" class=\"wp-image-4622\" srcset=\"https:\/\/thelibratravels.com\/wp-content\/uploads\/2022\/11\/thelibratravels_trekking2-1-576x1024.jpg 576w, https:\/\/thelibratravels.com\/wp-content\/uploads\/2022\/11\/thelibratravels_trekking2-1-169x300.jpg 169w, https:\/\/thelibratravels.com\/wp-content\/uploads\/2022\/11\/thelibratravels_trekking2-1-768x1365.jpg 768w, https:\/\/thelibratravels.com\/wp-content\/uploads\/2022\/11\/thelibratravels_trekking2-1-864x1536.jpg 864w, https:\/\/thelibratravels.com\/wp-content\/uploads\/2022\/11\/thelibratravels_trekking2-1-1152x2048.jpg 1152w, https:\/\/thelibratravels.com\/wp-content\/uploads\/2022\/11\/thelibratravels_trekking2-1-scaled.jpg 1440w\" sizes=\"(max-width: 576px) 100vw, 576px\" \/><\/figure><\/li><li class=\"blocks-gallery-item\"><figure><img loading=\"lazy\" width=\"576\" height=\"1024\" src=\"https:\/\/thelibratravels.com\/wp-content\/uploads\/2022\/11\/thelibratravels_fiume-576x1024.jpg\" alt=\"\" data-id=\"4620\" data-link=\"https:\/\/thelibratravels.com\/?attachment_id=4620\" class=\"wp-image-4620\" srcset=\"https:\/\/thelibratravels.com\/wp-content\/uploads\/2022\/11\/thelibratravels_fiume-576x1024.jpg 576w, https:\/\/thelibratravels.com\/wp-content\/uploads\/2022\/11\/thelibratravels_fiume-169x300.jpg 169w, https:\/\/thelibratravels.com\/wp-content\/uploads\/2022\/11\/thelibratravels_fiume-768x1365.jpg 768w, https:\/\/thelibratravels.com\/wp-content\/uploads\/2022\/11\/thelibratravels_fiume-864x1536.jpg 864w, https:\/\/thelibratravels.com\/wp-content\/uploads\/2022\/11\/thelibratravels_fiume-1152x2048.jpg 1152w, https:\/\/thelibratravels.com\/wp-content\/uploads\/2022\/11\/thelibratravels_fiume-scaled.jpg 1440w\" sizes=\"(max-width: 576px) 100vw, 576px\" \/><\/figure><\/li><li class=\"blocks-gallery-item\"><figure><img loading=\"lazy\" width=\"768\" height=\"1024\" src=\"https:\/\/thelibratravels.com\/wp-content\/uploads\/2022\/11\/thelibratravels_3-scaled-e1667430026312-768x1024.jpg\" alt=\"\" data-id=\"4623\" data-full-url=\"https:\/\/thelibratravels.com\/wp-content\/uploads\/2022\/11\/thelibratravels_3-scaled-e1667430026312.jpg\" data-link=\"https:\/\/thelibratravels.com\/?attachment_id=4623\" class=\"wp-image-4623\" srcset=\"https:\/\/thelibratravels.com\/wp-content\/uploads\/2022\/11\/thelibratravels_3-scaled-e1667430026312-768x1024.jpg 768w, https:\/\/thelibratravels.com\/wp-content\/uploads\/2022\/11\/thelibratravels_3-scaled-e1667430026312-225x300.jpg 225w, https:\/\/thelibratravels.com\/wp-content\/uploads\/2022\/11\/thelibratravels_3-scaled-e1667430026312-1152x1536.jpg 1152w, https:\/\/thelibratravels.com\/wp-content\/uploads\/2022\/11\/thelibratravels_3-scaled-e1667430026312-1536x2048.jpg 1536w, https:\/\/thelibratravels.com\/wp-content\/uploads\/2022\/11\/thelibratravels_3-scaled-e1667430026312.jpg 1920w\" sizes=\"(max-width: 768px) 100vw, 768px\" \/><\/figure><\/li><\/ul><figcaption class=\"blocks-gallery-caption\"><em>Passeggiata dei Masi dello Scudo &#8211; Saltusio<\/em><\/figcaption><\/figure>\n\n\n\n<p><\/p>\n\n\n\n<p>Lo chalet \u00e8 situato a 20km a nord di Merano e dista 50 km da Bolzano. Nei dintorni si possono fare tantissime attivit\u00e0, trekking ed escursioni tra cui:<\/p>\n\n\n\n<ul><li>Visitare il <strong>birrificio artigianale <a href=\"https:\/\/www.martinerhof.it\/it\/martinerhof-s-birreria-cantina\/birrificio-martinsbraeu.html\" target=\"_blank\" rel=\"noreferrer noopener\">Martinerhof&#8217;s Brauerei <\/a><\/strong>a San Martino. Le visite guidate con degustazione sono il marted\u00ec e il venerd\u00ec alle ore 18 ed \u00e8 necessaria la prenotazione.<\/li><li>Vedere la <strong>Cascata Passiria<\/strong> situata all&#8217;entrata della Valclava e ha una altezza di 48 m. La cascata si raggiunge da S. Leonardo, S. Martino o Rifiano, sul sentiero lungo il fiume. Il percorso \u00e8 adatto anche a chi viaggia con bambini.<\/li><li>Percorrere il<strong> Labirinto delle Pietre a Plan<\/strong> (solo in estate), che dista 10 minuti a piedi dalla stazione a monte della funivia Gr\u00fcnboden. Il breve sentiero circolare \u00e8 realizzato interamente con materiali naturali e, oltre a uno stagno, l&#8217;area offre una fontana con acqua di sorgente e diversi punti panoramici.<\/li><li>Provare la <strong>passeggiata dei Masi dello Scudo a Saltusio<\/strong> (2 ore e mezza) oppure percorrere il <strong>sentiero Andreas Hofer<\/strong> (1 ora e mezza)<\/li><li>Vedere il <strong>lago Obisell a Vernurio<\/strong> percorrendo il sentiero n\u00b021 in direzione Hahnenkamm, partendo dal parcheggio dei Masi Obersthofe.<\/li><li>Fare trekking lungo il <strong>sentiero Passerschlucht<\/strong> partendo dal centro di San Leonardo e percorrendo il sentiero n\u00b01 che porta nella gola del Passirio. Oppure, provare il percorso di trekking lungo il <strong>sentiero dei larici secolari a Plata.<\/strong><\/li><li>Se ti piace l&#8217;equitazione puoi andare a cavallo nel <strong>maneggio Andreus<\/strong> a San Leonardo in Passiria.<\/li><li>Se vuoi cimentarti con una &#8220;<strong>ferrata<\/strong>&#8221; puoi provare quella di <strong>Stuller<\/strong> <strong>Wasserfall<\/strong> (grado difficolt\u00e0 B\/C\/D)<\/li><li>Se ti piacciono le esperienze adrenaliniche puoi fare <strong>Parapendio<\/strong> a Saltusio con <a href=\"https:\/\/tandemclub.it\/\" target=\"_blank\" rel=\"noreferrer noopener\">Tandemclub<\/a> oppure <strong>Canyoning<\/strong> con <a href=\"https:\/\/www.acquaterra.it\/\" target=\"_blank\" rel=\"noreferrer noopener\">Acquaterra<\/a>.<\/li><li>Se ami il golf puoi andare al <strong>Golf Club Passiria.Merano<\/strong> con un campo a 18 buche.<\/li><\/ul>\n\n\n\n<p>Per altri spunti e idee puoi leggere il <a href=\"https:\/\/thelibratravels.com\/index.php\/2021\/08\/08\/alto-adige-nel-cuore-delle-dolomiti-tra-sport-relax-e-buon-cibo\/\" target=\"_blank\" rel=\"noreferrer noopener\">nostro articolo<\/a> sul Trentino-Alto Adige.<\/p>\n\n\n\n<p>Commenta e seguici su Instagram se questa guida ti \u00e8 stata utile!<\/p>\n","protected":false},"excerpt":{"rendered":"<p>\u2022Soggiorno relax, con vista panoramica, in uno chalet del Trentino-Alto Adige\u2022 Chi lo dice che i soggiorni &#8220;insoliti&#8221; e all&#8217;insegna del relax si possano fare solo in coppia? Lo Chalet Heidi und Peter, a San Leonardo in Passiria in Trentino Alto Adige, risponde proprio all&#8217;esigenza di piccole comitive o famiglie allargate che vogliono concedersi un [&hellip;]<\/p>\n","protected":false},"author":2,"featured_media":4609,"comment_status":"open","ping_status":"open","sticky":false,"template":"","format":"standard","meta":{"_mi_skip_tracking":false,"_monsterinsights_sitenote_active":false,"_monsterinsights_sitenote_note":"","_monsterinsights_sitenote_category":0},"categories":[1,90],"tags":[12,107,108,36],"table_tags":[],"yoast_head":"<!-- This site is optimized with the Yoast SEO plugin v17.7 - https:\/\/yoast.com\/wordpress\/plugins\/seo\/ -->\n<title>Bergchalet Heidi und Peter: dormire in uno chalet in Trentino-Alto Adige<\/title>\n<meta name=\"description\" content=\"Lo Chalet Heidi und Peter, a San Leonardo in Passiria in Trentino Alto Adige, \u00e8 il posto ideale per un soggiorno da sogno!\" \/>\n<meta name=\"robots\" content=\"index, follow, max-snippet:-1, max-image-preview:large, max-video-preview:-1\" \/>\n<link rel=\"canonical\" href=\"https:\/\/thelibratravels.com\/index.php\/2022\/11\/06\/dormire-in-uno-chalet-trentino-alto-adige\/\" \/>\n<meta property=\"og:locale\" content=\"en_US\" \/>\n<meta property=\"og:type\" content=\"article\" \/>\n<meta property=\"og:title\" content=\"Bergchalet Heidi und Peter: dormire in uno chalet in Trentino-Alto Adige\" \/>\n<meta property=\"og:description\" content=\"Lo Chalet Heidi und Peter, a San Leonardo in Passiria in Trentino Alto Adige, \u00e8 il posto ideale per un soggiorno da sogno!\" \/>\n<meta property=\"og:url\" content=\"https:\/\/thelibratravels.com\/index.php\/2022\/11\/06\/dormire-in-uno-chalet-trentino-alto-adige\/\" \/>\n<meta property=\"og:site_name\" content=\"The Libra Travels\" \/>\n<meta property=\"article:published_time\" content=\"2022-11-06T15:11:28+00:00\" \/>\n<meta property=\"article:modified_time\" content=\"2022-11-06T15:12:21+00:00\" \/>\n<meta property=\"og:image\" content=\"https:\/\/thelibratravels.com\/wp-content\/uploads\/2022\/11\/thelibratravels_chalet-copertina-1024x562.png\" \/>\n\t<meta property=\"og:image:width\" content=\"1024\" \/>\n\t<meta property=\"og:image:height\" content=\"562\" \/>\n<meta name=\"twitter:card\" content=\"summary_large_image\" \/>\n<meta name=\"twitter:label1\" content=\"Written by\" \/>\n\t<meta name=\"twitter:data1\" content=\"Francesca\" \/>\n\t<meta name=\"twitter:label2\" content=\"Est. reading time\" \/>\n\t<meta name=\"twitter:data2\" content=\"5 minutes\" \/>\n<script type=\"application\/ld+json\" class=\"yoast-schema-graph\">{\"@context\":\"https:\/\/schema.org\",\"@graph\":[{\"@type\":\"Organization\",\"@id\":\"https:\/\/thelibratravels.com\/#organization\",\"name\":\"The Libra Travels\",\"url\":\"https:\/\/thelibratravels.com\/\",\"sameAs\":[],\"logo\":{\"@type\":\"ImageObject\",\"@id\":\"https:\/\/thelibratravels.com\/#logo\",\"inLanguage\":\"en-US\",\"url\":\"https:\/\/thelibratravels.com\/wp-content\/uploads\/2021\/03\/logo_orizzontale.jpg\",\"contentUrl\":\"https:\/\/thelibratravels.com\/wp-content\/uploads\/2021\/03\/logo_orizzontale.jpg\",\"width\":1260,\"height\":704,\"caption\":\"The Libra Travels\"},\"image\":{\"@id\":\"https:\/\/thelibratravels.com\/#logo\"}},{\"@type\":\"WebSite\",\"@id\":\"https:\/\/thelibratravels.com\/#website\",\"url\":\"https:\/\/thelibratravels.com\/\",\"name\":\"The Libra Travels\",\"description\":\"Inspiring stories\",\"publisher\":{\"@id\":\"https:\/\/thelibratravels.com\/#organization\"},\"potentialAction\":[{\"@type\":\"SearchAction\",\"target\":{\"@type\":\"EntryPoint\",\"urlTemplate\":\"https:\/\/thelibratravels.com\/?s={search_term_string}\"},\"query-input\":\"required name=search_term_string\"}],\"inLanguage\":\"en-US\"},{\"@type\":\"ImageObject\",\"@id\":\"https:\/\/thelibratravels.com\/index.php\/2022\/11\/06\/dormire-in-uno-chalet-trentino-alto-adige\/#primaryimage\",\"inLanguage\":\"en-US\",\"url\":\"https:\/\/thelibratravels.com\/wp-content\/uploads\/2022\/11\/thelibratravels_chalet-copertina.png\",\"contentUrl\":\"https:\/\/thelibratravels.com\/wp-content\/uploads\/2022\/11\/thelibratravels_chalet-copertina.png\",\"width\":2028,\"height\":1114,\"caption\":\"chalet montagna esterno\"},{\"@type\":\"WebPage\",\"@id\":\"https:\/\/thelibratravels.com\/index.php\/2022\/11\/06\/dormire-in-uno-chalet-trentino-alto-adige\/#webpage\",\"url\":\"https:\/\/thelibratravels.com\/index.php\/2022\/11\/06\/dormire-in-uno-chalet-trentino-alto-adige\/\",\"name\":\"Bergchalet Heidi und Peter: dormire in uno chalet in Trentino-Alto Adige\",\"isPartOf\":{\"@id\":\"https:\/\/thelibratravels.com\/#website\"},\"primaryImageOfPage\":{\"@id\":\"https:\/\/thelibratravels.com\/index.php\/2022\/11\/06\/dormire-in-uno-chalet-trentino-alto-adige\/#primaryimage\"},\"datePublished\":\"2022-11-06T15:11:28+00:00\",\"dateModified\":\"2022-11-06T15:12:21+00:00\",\"description\":\"Lo Chalet Heidi und Peter, a San Leonardo in Passiria in Trentino Alto Adige, \\u00e8 il posto ideale per un soggiorno da sogno!\",\"breadcrumb\":{\"@id\":\"https:\/\/thelibratravels.com\/index.php\/2022\/11\/06\/dormire-in-uno-chalet-trentino-alto-adige\/#breadcrumb\"},\"inLanguage\":\"en-US\",\"potentialAction\":[{\"@type\":\"ReadAction\",\"target\":[\"https:\/\/thelibratravels.com\/index.php\/2022\/11\/06\/dormire-in-uno-chalet-trentino-alto-adige\/\"]}]},{\"@type\":\"BreadcrumbList\",\"@id\":\"https:\/\/thelibratravels.com\/index.php\/2022\/11\/06\/dormire-in-uno-chalet-trentino-alto-adige\/#breadcrumb\",\"itemListElement\":[{\"@type\":\"ListItem\",\"position\":1,\"name\":\"Home\",\"item\":\"https:\/\/thelibratravels.com\/\"},{\"@type\":\"ListItem\",\"position\":2,\"name\":\"Bergchalet Heidi und Peter: dormire in uno chalet in Trentino-Alto Adige\"}]},{\"@type\":\"Article\",\"@id\":\"https:\/\/thelibratravels.com\/index.php\/2022\/11\/06\/dormire-in-uno-chalet-trentino-alto-adige\/#article\",\"isPartOf\":{\"@id\":\"https:\/\/thelibratravels.com\/index.php\/2022\/11\/06\/dormire-in-uno-chalet-trentino-alto-adige\/#webpage\"},\"author\":{\"@id\":\"https:\/\/thelibratravels.com\/#\/schema\/person\/3832b25c6494095e34c8a9c2c2557127\"},\"headline\":\"Bergchalet Heidi und Peter: dormire in uno chalet in Trentino-Alto Adige\",\"datePublished\":\"2022-11-06T15:11:28+00:00\",\"dateModified\":\"2022-11-06T15:12:21+00:00\",\"mainEntityOfPage\":{\"@id\":\"https:\/\/thelibratravels.com\/index.php\/2022\/11\/06\/dormire-in-uno-chalet-trentino-alto-adige\/#webpage\"},\"wordCount\":572,\"commentCount\":0,\"publisher\":{\"@id\":\"https:\/\/thelibratravels.com\/#organization\"},\"image\":{\"@id\":\"https:\/\/thelibratravels.com\/index.php\/2022\/11\/06\/dormire-in-uno-chalet-trentino-alto-adige\/#primaryimage\"},\"thumbnailUrl\":\"https:\/\/thelibratravels.com\/wp-content\/uploads\/2022\/11\/thelibratravels_chalet-copertina.png\",\"keywords\":[\"Amici\",\"Chalet\",\"Glamping\",\"Romantico\"],\"articleSection\":[\"Italia\",\"Trentino Alto Adige\"],\"inLanguage\":\"en-US\",\"potentialAction\":[{\"@type\":\"CommentAction\",\"name\":\"Comment\",\"target\":[\"https:\/\/thelibratravels.com\/index.php\/2022\/11\/06\/dormire-in-uno-chalet-trentino-alto-adige\/#respond\"]}]},{\"@type\":\"Person\",\"@id\":\"https:\/\/thelibratravels.com\/#\/schema\/person\/3832b25c6494095e34c8a9c2c2557127\",\"name\":\"Francesca\",\"image\":{\"@type\":\"ImageObject\",\"@id\":\"https:\/\/thelibratravels.com\/#personlogo\",\"inLanguage\":\"en-US\",\"url\":\"https:\/\/secure.gravatar.com\/avatar\/d44165d760232ce02dd9cffb5f31b962?s=96&d=wavatar&r=g\",\"contentUrl\":\"https:\/\/secure.gravatar.com\/avatar\/d44165d760232ce02dd9cffb5f31b962?s=96&d=wavatar&r=g\",\"caption\":\"Francesca\"},\"url\":\"https:\/\/thelibratravels.com\/index.php\/author\/francesca\/\"}]}<\/script>\n<!-- \/ Yoast SEO plugin. -->","yoast_head_json":{"title":"Bergchalet Heidi und Peter: dormire in uno chalet in Trentino-Alto Adige","description":"Lo Chalet Heidi und Peter, a San Leonardo in Passiria in Trentino Alto Adige, \u00e8 il posto ideale per un soggiorno da sogno!","robots":{"index":"index","follow":"follow","max-snippet":"max-snippet:-1","max-image-preview":"max-image-preview:large","max-video-preview":"max-video-preview:-1"},"canonical":"https:\/\/thelibratravels.com\/index.php\/2022\/11\/06\/dormire-in-uno-chalet-trentino-alto-adige\/","og_locale":"en_US","og_type":"article","og_title":"Bergchalet Heidi und Peter: dormire in uno chalet in Trentino-Alto Adige","og_description":"Lo Chalet Heidi und Peter, a San Leonardo in Passiria in Trentino Alto Adige, \u00e8 il posto ideale per un soggiorno da sogno!","og_url":"https:\/\/thelibratravels.com\/index.php\/2022\/11\/06\/dormire-in-uno-chalet-trentino-alto-adige\/","og_site_name":"The Libra Travels","article_published_time":"2022-11-06T15:11:28+00:00","article_modified_time":"2022-11-06T15:12:21+00:00","og_image":[{"width":1024,"height":562,"url":"https:\/\/thelibratravels.com\/wp-content\/uploads\/2022\/11\/thelibratravels_chalet-copertina-1024x562.png","type":"image\/png"}],"twitter_card":"summary_large_image","twitter_misc":{"Written by":"Francesca","Est. reading time":"5 minutes"},"schema":{"@context":"https:\/\/schema.org","@graph":[{"@type":"Organization","@id":"https:\/\/thelibratravels.com\/#organization","name":"The Libra Travels","url":"https:\/\/thelibratravels.com\/","sameAs":[],"logo":{"@type":"ImageObject","@id":"https:\/\/thelibratravels.com\/#logo","inLanguage":"en-US","url":"https:\/\/thelibratravels.com\/wp-content\/uploads\/2021\/03\/logo_orizzontale.jpg","contentUrl":"https:\/\/thelibratravels.com\/wp-content\/uploads\/2021\/03\/logo_orizzontale.jpg","width":1260,"height":704,"caption":"The Libra Travels"},"image":{"@id":"https:\/\/thelibratravels.com\/#logo"}},{"@type":"WebSite","@id":"https:\/\/thelibratravels.com\/#website","url":"https:\/\/thelibratravels.com\/","name":"The Libra Travels","description":"Inspiring stories","publisher":{"@id":"https:\/\/thelibratravels.com\/#organization"},"potentialAction":[{"@type":"SearchAction","target":{"@type":"EntryPoint","urlTemplate":"https:\/\/thelibratravels.com\/?s={search_term_string}"},"query-input":"required name=search_term_string"}],"inLanguage":"en-US"},{"@type":"ImageObject","@id":"https:\/\/thelibratravels.com\/index.php\/2022\/11\/06\/dormire-in-uno-chalet-trentino-alto-adige\/#primaryimage","inLanguage":"en-US","url":"https:\/\/thelibratravels.com\/wp-content\/uploads\/2022\/11\/thelibratravels_chalet-copertina.png","contentUrl":"https:\/\/thelibratravels.com\/wp-content\/uploads\/2022\/11\/thelibratravels_chalet-copertina.png","width":2028,"height":1114,"caption":"chalet montagna esterno"},{"@type":"WebPage","@id":"https:\/\/thelibratravels.com\/index.php\/2022\/11\/06\/dormire-in-uno-chalet-trentino-alto-adige\/#webpage","url":"https:\/\/thelibratravels.com\/index.php\/2022\/11\/06\/dormire-in-uno-chalet-trentino-alto-adige\/","name":"Bergchalet Heidi und Peter: dormire in uno chalet in Trentino-Alto Adige","isPartOf":{"@id":"https:\/\/thelibratravels.com\/#website"},"primaryImageOfPage":{"@id":"https:\/\/thelibratravels.com\/index.php\/2022\/11\/06\/dormire-in-uno-chalet-trentino-alto-adige\/#primaryimage"},"datePublished":"2022-11-06T15:11:28+00:00","dateModified":"2022-11-06T15:12:21+00:00","description":"Lo Chalet Heidi und Peter, a San Leonardo in Passiria in Trentino Alto Adige, \u00e8 il posto ideale per un soggiorno da sogno!","breadcrumb":{"@id":"https:\/\/thelibratravels.com\/index.php\/2022\/11\/06\/dormire-in-uno-chalet-trentino-alto-adige\/#breadcrumb"},"inLanguage":"en-US","potentialAction":[{"@type":"ReadAction","target":["https:\/\/thelibratravels.com\/index.php\/2022\/11\/06\/dormire-in-uno-chalet-trentino-alto-adige\/"]}]},{"@type":"BreadcrumbList","@id":"https:\/\/thelibratravels.com\/index.php\/2022\/11\/06\/dormire-in-uno-chalet-trentino-alto-adige\/#breadcrumb","itemListElement":[{"@type":"ListItem","position":1,"name":"Home","item":"https:\/\/thelibratravels.com\/"},{"@type":"ListItem","position":2,"name":"Bergchalet Heidi und Peter: dormire in uno chalet in Trentino-Alto Adige"}]},{"@type":"Article","@id":"https:\/\/thelibratravels.com\/index.php\/2022\/11\/06\/dormire-in-uno-chalet-trentino-alto-adige\/#article","isPartOf":{"@id":"https:\/\/thelibratravels.com\/index.php\/2022\/11\/06\/dormire-in-uno-chalet-trentino-alto-adige\/#webpage"},"author":{"@id":"https:\/\/thelibratravels.com\/#\/schema\/person\/3832b25c6494095e34c8a9c2c2557127"},"headline":"Bergchalet Heidi und Peter: dormire in uno chalet in Trentino-Alto Adige","datePublished":"2022-11-06T15:11:28+00:00","dateModified":"2022-11-06T15:12:21+00:00","mainEntityOfPage":{"@id":"https:\/\/thelibratravels.com\/index.php\/2022\/11\/06\/dormire-in-uno-chalet-trentino-alto-adige\/#webpage"},"wordCount":572,"commentCount":0,"publisher":{"@id":"https:\/\/thelibratravels.com\/#organization"},"image":{"@id":"https:\/\/thelibratravels.com\/index.php\/2022\/11\/06\/dormire-in-uno-chalet-trentino-alto-adige\/#primaryimage"},"thumbnailUrl":"https:\/\/thelibratravels.com\/wp-content\/uploads\/2022\/11\/thelibratravels_chalet-copertina.png","keywords":["Amici","Chalet","Glamping","Romantico"],"articleSection":["Italia","Trentino Alto Adige"],"inLanguage":"en-US","potentialAction":[{"@type":"CommentAction","name":"Comment","target":["https:\/\/thelibratravels.com\/index.php\/2022\/11\/06\/dormire-in-uno-chalet-trentino-alto-adige\/#respond"]}]},{"@type":"Person","@id":"https:\/\/thelibratravels.com\/#\/schema\/person\/3832b25c6494095e34c8a9c2c2557127","name":"Francesca","image":{"@type":"ImageObject","@id":"https:\/\/thelibratravels.com\/#personlogo","inLanguage":"en-US","url":"https:\/\/secure.gravatar.com\/avatar\/d44165d760232ce02dd9cffb5f31b962?s=96&d=wavatar&r=g","contentUrl":"https:\/\/secure.gravatar.com\/avatar\/d44165d760232ce02dd9cffb5f31b962?s=96&d=wavatar&r=g","caption":"Francesca"},"url":"https:\/\/thelibratravels.com\/index.php\/author\/francesca\/"}]}},"_links":{"self":[{"href":"https:\/\/thelibratravels.com\/index.php\/wp-json\/wp\/v2\/posts\/4604"}],"collection":[{"href":"https:\/\/thelibratravels.com\/index.php\/wp-json\/wp\/v2\/posts"}],"about":[{"href":"https:\/\/thelibratravels.com\/index.php\/wp-json\/wp\/v2\/types\/post"}],"author":[{"embeddable":true,"href":"https:\/\/thelibratravels.com\/index.php\/wp-json\/wp\/v2\/users\/2"}],"replies":[{"embeddable":true,"href":"https:\/\/thelibratravels.com\/index.php\/wp-json\/wp\/v2\/comments?post=4604"}],"version-history":[{"count":14,"href":"https:\/\/thelibratravels.com\/index.php\/wp-json\/wp\/v2\/posts\/4604\/revisions"}],"predecessor-version":[{"id":4637,"href":"https:\/\/thelibratravels.com\/index.php\/wp-json\/wp\/v2\/posts\/4604\/revisions\/4637"}],"wp:featuredmedia":[{"embeddable":true,"href":"https:\/\/thelibratravels.com\/index.php\/wp-json\/wp\/v2\/media\/4609"}],"wp:attachment":[{"href":"https:\/\/thelibratravels.com\/index.php\/wp-json\/wp\/v2\/media?parent=4604"}],"wp:term":[{"taxonomy":"category","embeddable":true,"href":"https:\/\/thelibratravels.com\/index.php\/wp-json\/wp\/v2\/categories?post=4604"},{"taxonomy":"post_tag","embeddable":true,"href":"https:\/\/thelibratravels.com\/index.php\/wp-json\/wp\/v2\/tags?post=4604"},{"taxonomy":"table_tags","embeddable":true,"href":"https:\/\/thelibratravels.com\/index.php\/wp-json\/wp\/v2\/table_tags?post=4604"}],"curies":[{"name":"wp","href":"https:\/\/api.w.org\/{rel}","templated":true}]}}