{"id":4793,"date":"2023-05-01T16:36:06","date_gmt":"2023-05-01T14:36:06","guid":{"rendered":"https:\/\/thelibratravels.com\/?p=4793"},"modified":"2023-05-01T21:12:34","modified_gmt":"2023-05-01T19:12:34","slug":"cosa-vedere-in-romania-itinerario-tra-bucarest-e-la-transilvania","status":"publish","type":"post","link":"https:\/\/thelibratravels.com\/index.php\/2023\/05\/01\/cosa-vedere-in-romania-itinerario-tra-bucarest-e-la-transilvania\/","title":{"rendered":"Cosa vedere in Romania: itinerario tra Bucarest e la Transilvania"},"content":{"rendered":"\n<h2><strong>\u2022 Romania: cosa fare e cosa vedere a Bucarest e in Transilvania\u2022<\/strong><\/h2>\n\n\n\n<blockquote class=\"wp-block-quote\"><p><em>La Romania \u00e8 sicuramente una delle mete &#8220;low cost&#8221; in Europa. La capitale della Romania \u00e8 Bucarest, una citt\u00e0 dai forti contrasti che, negli ultimi anni, \u00e8 stata protagonista di una grande crescita economica. Il centro storico della &#8220;Piccola Parigi dell&#8217;Est&#8221; si pu\u00f2 visitare in giornata: in questo modo si pu\u00f2 dedicare il resto del tempo alla scoperta della Transilvania. Continua a leggere il nostro articolo per capire come organizzare al meglio un weekend in questa affascinante terra.<\/em><\/p><\/blockquote>\n\n\n\n<figure class=\"wp-block-image size-large\"><img loading=\"lazy\" width=\"1024\" height=\"683\" src=\"https:\/\/thelibratravels.com\/wp-content\/uploads\/2023\/05\/thelibratravels_bran-1024x683.jpg\" alt=\"Castello di Bran anche conosciuto come il Castello di Dracula\" class=\"wp-image-4818\" srcset=\"https:\/\/thelibratravels.com\/wp-content\/uploads\/2023\/05\/thelibratravels_bran-1024x683.jpg 1024w, https:\/\/thelibratravels.com\/wp-content\/uploads\/2023\/05\/thelibratravels_bran-300x200.jpg 300w, https:\/\/thelibratravels.com\/wp-content\/uploads\/2023\/05\/thelibratravels_bran-768x512.jpg 768w, https:\/\/thelibratravels.com\/wp-content\/uploads\/2023\/05\/thelibratravels_bran-1536x1024.jpg 1536w, https:\/\/thelibratravels.com\/wp-content\/uploads\/2023\/05\/thelibratravels_bran-2048x1365.jpg 2048w\" sizes=\"(max-width: 1024px) 100vw, 1024px\" \/><figcaption><em>Castello di Bran<\/em><\/figcaption><\/figure>\n\n\n\n<h3 class=\"has-text-color\" style=\"color:#0071a1;font-size:17px\"><strong>LA STAGIONE MIGLIORE PER VISITARE LA ROMANIA<\/strong><\/h3>\n\n\n\n<p>Il periodo migliore per visitare la Romania \u00e8 <strong>tra maggio e settembre<\/strong>. In questi mesi, infatti, le giornate sono pi\u00f9 lunghe e le temperature miti. Noi siamo state a Bucarest a fine aprile 2023 e il tempo era ancora un po&#8217; incerto: alcuni giorni pioveva, mentre in altri si poteva stare tranquillamente in maniche corte. Per questo motivo, il consiglio \u00e8 sempre quello di vestirsi &#8220;a cipolla&#8221;.<\/p>\n\n\n\n<h3 class=\"has-text-color\" style=\"color:#0071a1;font-size:17px\"><strong>COSA VEDERE A BUCAREST<\/strong><\/h3>\n\n\n\n<p>Bucarest \u00e8 una citt\u00e0 moderna e affascinante. Tra le sue vie si affastellano architetture sovietiche, chiese ortodosse e palazzi di ispirazione Art Nouveau.<\/p>\n\n\n\n<figure class=\"wp-block-gallery columns-3 is-cropped\"><ul class=\"blocks-gallery-grid\"><li class=\"blocks-gallery-item\"><figure><img loading=\"lazy\" width=\"615\" height=\"1024\" src=\"https:\/\/thelibratravels.com\/wp-content\/uploads\/2023\/05\/thelibratravels_biserica-615x1024.jpg\" alt=\"\" data-id=\"4825\" data-full-url=\"https:\/\/thelibratravels.com\/wp-content\/uploads\/2023\/05\/thelibratravels_biserica-scaled.jpg\" data-link=\"https:\/\/thelibratravels.com\/?attachment_id=4825\" class=\"wp-image-4825\" srcset=\"https:\/\/thelibratravels.com\/wp-content\/uploads\/2023\/05\/thelibratravels_biserica-615x1024.jpg 615w, https:\/\/thelibratravels.com\/wp-content\/uploads\/2023\/05\/thelibratravels_biserica-180x300.jpg 180w, https:\/\/thelibratravels.com\/wp-content\/uploads\/2023\/05\/thelibratravels_biserica-768x1279.jpg 768w, https:\/\/thelibratravels.com\/wp-content\/uploads\/2023\/05\/thelibratravels_biserica-923x1536.jpg 923w, https:\/\/thelibratravels.com\/wp-content\/uploads\/2023\/05\/thelibratravels_biserica-1230x2048.jpg 1230w, https:\/\/thelibratravels.com\/wp-content\/uploads\/2023\/05\/thelibratravels_biserica-scaled.jpg 1538w\" sizes=\"(max-width: 615px) 100vw, 615px\" \/><figcaption class=\"blocks-gallery-item__caption\">Monastero Stavropoleos<\/figcaption><\/figure><\/li><li class=\"blocks-gallery-item\"><figure><img loading=\"lazy\" width=\"741\" height=\"1024\" src=\"https:\/\/thelibratravels.com\/wp-content\/uploads\/2023\/05\/thelibratravels_edificio-741x1024.jpg\" alt=\"\" data-id=\"4826\" data-full-url=\"https:\/\/thelibratravels.com\/wp-content\/uploads\/2023\/05\/thelibratravels_edificio-scaled.jpg\" data-link=\"https:\/\/thelibratravels.com\/?attachment_id=4826\" class=\"wp-image-4826\" srcset=\"https:\/\/thelibratravels.com\/wp-content\/uploads\/2023\/05\/thelibratravels_edificio-741x1024.jpg 741w, https:\/\/thelibratravels.com\/wp-content\/uploads\/2023\/05\/thelibratravels_edificio-217x300.jpg 217w, https:\/\/thelibratravels.com\/wp-content\/uploads\/2023\/05\/thelibratravels_edificio-768x1061.jpg 768w, https:\/\/thelibratravels.com\/wp-content\/uploads\/2023\/05\/thelibratravels_edificio-1112x1536.jpg 1112w, https:\/\/thelibratravels.com\/wp-content\/uploads\/2023\/05\/thelibratravels_edificio-1483x2048.jpg 1483w, https:\/\/thelibratravels.com\/wp-content\/uploads\/2023\/05\/thelibratravels_edificio-scaled.jpg 1854w\" sizes=\"(max-width: 741px) 100vw, 741px\" \/><figcaption class=\"blocks-gallery-item__caption\">Cassa di Risparmio<\/figcaption><\/figure><\/li><li class=\"blocks-gallery-item\"><figure><img loading=\"lazy\" width=\"645\" height=\"1024\" src=\"https:\/\/thelibratravels.com\/wp-content\/uploads\/2023\/05\/thelibratravels_ombrelli-645x1024.jpg\" alt=\"\" data-id=\"4827\" data-full-url=\"https:\/\/thelibratravels.com\/wp-content\/uploads\/2023\/05\/thelibratravels_ombrelli-scaled.jpg\" data-link=\"https:\/\/thelibratravels.com\/?attachment_id=4827\" class=\"wp-image-4827\" srcset=\"https:\/\/thelibratravels.com\/wp-content\/uploads\/2023\/05\/thelibratravels_ombrelli-645x1024.jpg 645w, https:\/\/thelibratravels.com\/wp-content\/uploads\/2023\/05\/thelibratravels_ombrelli-189x300.jpg 189w, https:\/\/thelibratravels.com\/wp-content\/uploads\/2023\/05\/thelibratravels_ombrelli-768x1220.jpg 768w, https:\/\/thelibratravels.com\/wp-content\/uploads\/2023\/05\/thelibratravels_ombrelli-967x1536.jpg 967w, https:\/\/thelibratravels.com\/wp-content\/uploads\/2023\/05\/thelibratravels_ombrelli-1289x2048.jpg 1289w, https:\/\/thelibratravels.com\/wp-content\/uploads\/2023\/05\/thelibratravels_ombrelli-scaled.jpg 1611w\" sizes=\"(max-width: 645px) 100vw, 645px\" \/><figcaption class=\"blocks-gallery-item__caption\">Pasajul Victoria<\/figcaption><\/figure><\/li><\/ul><\/figure>\n\n\n\n<p>Il<strong> quartiere Lipscani<\/strong> \u00e8 il cuore di Bucarest &#8211; il suo centro storico &#8211; a sud di <strong>Piazza Universit\u00e0<\/strong>. Qui non puoi perderti la <strong>Biserica<\/strong> <strong>Curtea Veche<\/strong>, una delle chiese pi\u00f9 antiche della citt\u00e0, il bellissimo <strong>Monastero Stavropoleos<\/strong>, l&#8217;iconico edificio della <strong>Banca Nazionale di Romania<\/strong> e il <strong>Museo Nazionale di Storia<\/strong>. Rimarrai certamente incantato\/a anche da <strong>Macca-Villacrosse&nbsp;Passage<\/strong>, una lunga galleria piena di graziosi localini dove bere un drink dopocena. <\/p>\n\n\n\n<div class=\"wptb-table-container wptb-table-4797\"><div class=\"wptb-table-container-matrix\" id=\"wptb-table-id-4797\" data-wptb-version=\"1.3.13\" data-wptb-pro-status=\"false\"><table class=\"wptb-preview-table wptb-element-main-table_setting-279\" data-wptb-adaptive-table=\"0\" data-wptb-cells-width-auto-count=\"1\" data-wptb-table-tds-sum-max-width=\"108\" style=\"border: 2px solid rgb(129, 153, 206);\" data-table-columns=\"1\" data-reconstraction=\"1\" role=\"table\" data-wptb-header-background-color=\"#8199ce\" data-wptb-even-row-background-color=\"\" data-wptb-odd-row-background-color=\"\" data-wptb-responsive-directives=\"eyJyZXNwb25zaXZlRW5hYmxlZCI6ZmFsc2UsInJlc3BvbnNpdmVNb2RlIjoiYXV0byIsInByZXNlcnZlUm93Q29sb3IiOmZhbHNlLCJyZWxhdGl2ZVdpZHRoIjoid2luZG93IiwiaGVhZGVyRnVsbHlNZXJnZWQiOmZhbHNlLCJtb2RlT3B0aW9ucyI6eyJhdXRvIjp7InRvcFJvd0FzSGVhZGVyIjp7ImRlc2t0b3AiOmZhbHNlLCJ0YWJsZXQiOnRydWUsIm1vYmlsZSI6dHJ1ZX0sInJlcGVhdE1lcmdlZEhlYWRlciI6eyJkZXNrdG9wIjp0cnVlLCJ0YWJsZXQiOnRydWUsIm1vYmlsZSI6dHJ1ZX0sInN0YXRpY1RvcFJvdyI6eyJkZXNrdG9wIjpmYWxzZSwidGFibGV0IjpmYWxzZSwibW9iaWxlIjpmYWxzZX0sImNlbGxTdGFja0RpcmVjdGlvbiI6eyJkZXNrdG9wIjoicm93IiwidGFibGV0Ijoicm93IiwibW9iaWxlIjoicm93In0sImNlbGxzUGVyUm93Ijp7ImRlc2t0b3AiOjEsInRhYmxldCI6MSwibW9iaWxlIjoxfX19LCJicmVha3BvaW50cyI6eyJkZXNrdG9wIjp7Im5hbWUiOiJkZXNrdG9wIiwid2lkdGgiOjEwMjR9LCJ0YWJsZXQiOnsibmFtZSI6InRhYmxldCIsIndpZHRoIjo3MDB9LCJtb2JpbGUiOnsibmFtZSI6Im1vYmlsZSIsIndpZHRoIjozMDB9fX0=\" data-wptb-extra-styles=\"LyogRW50ZXIgeW91ciBjdXN0b20gQ1NTIHJ1bGVzIGhlcmUgKi8=\"><tbody><tr class=\"wptb-row\" style=\"background-color: rgb(129, 153, 206);\" data-wptb-bg-color=\"#8199ce\"><td class=\"wptb-cell\" data-wptb-css-td-auto-width=\"true\" data-x-index=\"0\" data-y-index=\"0\" style=\"padding: 2px; border: 1px solid rgb(129, 153, 206);\"><div class=\"wptb-text-container wptb-ph-element wptb-element-text-1\" style=\"color: rgb(255, 255, 255); font-size: 15px;\"><div class=\"\" style=\"position: relative;\"><p class=\"\"><strong>TRAVEL TIP<\/strong><\/p><\/div><\/div><\/td><\/tr><tr class=\"wptb-row\" data-wptb-bg-color=\"\"><td class=\"wptb-cell\" data-wptb-css-td-auto-width=\"true\" data-x-index=\"0\" data-y-index=\"1\" style=\"padding: 2px; border: 1px solid rgb(129, 153, 206);\"><div class=\"wptb-text-container wptb-ph-element wptb-element-text-2 edit-active\" style=\"font-size: 15px; color: rgb(74, 85, 104);\"><div class=\"\" style=\"position: relative;\"><p class=\"\">Se vuoi acquistare un bel souvenir, ti consigliamo&nbsp;<strong>C&#259;rture&#537;ti Carusel,&nbsp;<\/strong>una splendida libreria moderna dislocata su pi&ugrave; piani, situata proprio in pieno centro storico. <\/p><p class=\"\">Molto carina anche&nbsp;<strong>C&#259;rture&#537;ti Verona<\/strong>, che si trova vicino l'Ateneo Rumeno.<\/p><p class=\"\"><\/p><p class=\"\"><\/p><\/div><\/div><\/td><\/tr><\/tbody><\/table><\/div><\/div>\n\n\n\n\n<p>Procedendo verso nord rispetto a Piazza Universit\u00e0 si trova <strong>Pasajul Victoria<\/strong>, la stradina di Bucarest famosa per i suoi ombrellini colorati, perfetta per fare qualche scatto &#8220;instagrammabile&#8221;; la <strong>Biserica Cre\u021bulescu<\/strong>, una delle chiese pi\u00f9 belle di Bucarest; l&#8217;<strong>Ateneo Rumeno<\/strong>, la pi\u00f9 prestigiosa sala da concerto della Romania rinomata in tutto il mondo per la sua acustica eccezionale, e la <strong>Biblioteca Universitaria Centrale.<\/strong><\/p>\n\n\n\n<figure class=\"wp-block-image size-large\"><img loading=\"lazy\" width=\"1024\" height=\"683\" src=\"https:\/\/thelibratravels.com\/wp-content\/uploads\/2023\/05\/thelibratravels_ateneo_bucarest-1024x683.jpg\" alt=\"\" class=\"wp-image-4821\" srcset=\"https:\/\/thelibratravels.com\/wp-content\/uploads\/2023\/05\/thelibratravels_ateneo_bucarest-1024x683.jpg 1024w, https:\/\/thelibratravels.com\/wp-content\/uploads\/2023\/05\/thelibratravels_ateneo_bucarest-300x200.jpg 300w, https:\/\/thelibratravels.com\/wp-content\/uploads\/2023\/05\/thelibratravels_ateneo_bucarest-768x512.jpg 768w, https:\/\/thelibratravels.com\/wp-content\/uploads\/2023\/05\/thelibratravels_ateneo_bucarest-1536x1024.jpg 1536w, https:\/\/thelibratravels.com\/wp-content\/uploads\/2023\/05\/thelibratravels_ateneo_bucarest-2048x1365.jpg 2048w\" sizes=\"(max-width: 1024px) 100vw, 1024px\" \/><figcaption><em>Ateneo Rumeno &#8211; interno<\/em><\/figcaption><\/figure>\n\n\n\n<p>Ancora pi\u00f9 a nord rispetto al centro storico troviamo <strong>Palazzo Primaverii<\/strong>, la residenza di Ceau\u015fescu che si pu\u00f2 anche visitare all&#8217;interno; l&#8217;<strong>Arco di Trionfo<\/strong> e il <strong>Parco di Re Minhai I<\/strong>, all&#8217;interno del quale si trova il <strong>Museo del Villaggio<\/strong> di Bucarest.<\/p>\n\n\n\n<div class=\"wptb-table-container wptb-table-4812\"><div class=\"wptb-table-container-matrix\" id=\"wptb-table-id-4812\" data-wptb-version=\"1.3.13\" data-wptb-pro-status=\"false\"><table class=\"wptb-preview-table wptb-element-main-table_setting-279\" data-wptb-adaptive-table=\"0\" data-wptb-cells-width-auto-count=\"1\" data-wptb-table-tds-sum-max-width=\"108\" style=\"border: 2px solid rgb(129, 153, 206);\" data-table-columns=\"1\" data-reconstraction=\"1\" role=\"table\" data-wptb-header-background-color=\"#8199ce\" data-wptb-even-row-background-color=\"\" data-wptb-odd-row-background-color=\"\" data-wptb-responsive-directives=\"eyJyZXNwb25zaXZlRW5hYmxlZCI6ZmFsc2UsInJlc3BvbnNpdmVNb2RlIjoiYXV0byIsInByZXNlcnZlUm93Q29sb3IiOmZhbHNlLCJyZWxhdGl2ZVdpZHRoIjoid2luZG93IiwiaGVhZGVyRnVsbHlNZXJnZWQiOmZhbHNlLCJtb2RlT3B0aW9ucyI6eyJhdXRvIjp7InRvcFJvd0FzSGVhZGVyIjp7ImRlc2t0b3AiOmZhbHNlLCJ0YWJsZXQiOnRydWUsIm1vYmlsZSI6dHJ1ZX0sInJlcGVhdE1lcmdlZEhlYWRlciI6eyJkZXNrdG9wIjp0cnVlLCJ0YWJsZXQiOnRydWUsIm1vYmlsZSI6dHJ1ZX0sInN0YXRpY1RvcFJvdyI6eyJkZXNrdG9wIjpmYWxzZSwidGFibGV0IjpmYWxzZSwibW9iaWxlIjpmYWxzZX0sImNlbGxTdGFja0RpcmVjdGlvbiI6eyJkZXNrdG9wIjoicm93IiwidGFibGV0Ijoicm93IiwibW9iaWxlIjoicm93In0sImNlbGxzUGVyUm93Ijp7ImRlc2t0b3AiOjEsInRhYmxldCI6MSwibW9iaWxlIjoxfX19LCJicmVha3BvaW50cyI6eyJkZXNrdG9wIjp7Im5hbWUiOiJkZXNrdG9wIiwid2lkdGgiOjEwMjR9LCJ0YWJsZXQiOnsibmFtZSI6InRhYmxldCIsIndpZHRoIjo3MDB9LCJtb2JpbGUiOnsibmFtZSI6Im1vYmlsZSIsIndpZHRoIjozMDB9fX0=\" data-wptb-extra-styles=\"LyogRW50ZXIgeW91ciBjdXN0b20gQ1NTIHJ1bGVzIGhlcmUgKi8=\"><tbody><tr class=\"wptb-row\" style=\"background-color: rgb(129, 153, 206);\" data-wptb-bg-color=\"#8199ce\"><td class=\"wptb-cell\" data-wptb-css-td-auto-width=\"true\" data-x-index=\"0\" data-y-index=\"0\" style=\"padding: 2px; border: 1px solid rgb(129, 153, 206);\"><div class=\"wptb-text-container wptb-ph-element wptb-element-text-1\" style=\"color: rgb(255, 255, 255); font-size: 15px;\"><div class=\"\" style=\"position: relative;\"><p class=\"\"><strong>TRAVEL TIP<\/strong><\/p><\/div><\/div><\/td><\/tr><tr class=\"wptb-row\" data-wptb-bg-color=\"\"><td class=\"wptb-cell\" data-wptb-css-td-auto-width=\"true\" data-x-index=\"0\" data-y-index=\"1\" style=\"padding: 2px; border: 1px solid rgb(129, 153, 206);\"><div class=\"wptb-text-container wptb-ph-element wptb-element-text-2\" style=\"font-size: 15px; color: rgb(74, 85, 104);\"><div class=\"\" style=\"position: relative;\"><p class=\"\">Riporta tutti i luoghi di interesse nominati in questo articolo - compresi i posti dove mangiare - sulla tua app di <strong>Google Maps<\/strong> per seguire pi&ugrave; facilmente l'itinerario ed essere certo\/a di non saltare nessuna attrazione, anche in modalit&agrave; offline.<\/p><p class=\"\"><\/p><\/div><\/div><\/td><\/tr><\/tbody><\/table><\/div><\/div>\n\n\n\n\n<p>A sud del centro storico, invece, incontriamo <strong>Pia\u021ba Unirii,<\/strong> famosa per le 44 fontane posizionate al centro della piazza, che la sera regalano una coreografia di luci e giochi d&#8217;acqua mozzafiato; il <strong>Palazzo del Parlamento<\/strong>, la costruzione pi\u00f9 grande al mondo dopo il Pentagono di Washington; il <strong>Monastero Antim<\/strong> e la <strong>Chiesa di San Spiridone<\/strong>.<\/p>\n\n\n\n<div class=\"wptb-table-container wptb-table-4813\"><div class=\"wptb-table-container-matrix\" id=\"wptb-table-id-4813\" data-wptb-version=\"1.3.13\" data-wptb-pro-status=\"false\"><table class=\"wptb-preview-table wptb-element-main-table_setting-279\" data-wptb-adaptive-table=\"0\" data-wptb-cells-width-auto-count=\"1\" data-wptb-table-tds-sum-max-width=\"108\" style=\"border: 2px solid rgb(241, 134, 38);\" data-table-columns=\"1\" data-reconstraction=\"1\" role=\"table\" data-wptb-header-background-color=\"#f18626\" data-wptb-even-row-background-color=\"\" data-wptb-odd-row-background-color=\"\" data-wptb-extra-styles=\"LyogRW50ZXIgeW91ciBjdXN0b20gQ1NTIHJ1bGVzIGhlcmUgKi8=\"><tbody><tr class=\"wptb-row\" style=\"background-color: rgb(241, 134, 38);\" data-wptb-bg-color=\"#f18626\"><td class=\"wptb-cell\" data-wptb-css-td-auto-width=\"true\" data-x-index=\"0\" data-y-index=\"0\" style=\"padding: 2px; border: 1px solid rgb(241, 134, 38);\"><div class=\"wptb-text-container wptb-ph-element wptb-element-text-1\" style=\"color: rgb(255, 255, 255); font-size: 16px;\"><div class=\"\" style=\"position: relative;\"><p class=\"\"><strong>FUN FACT<\/strong><\/p><\/div><\/div><\/td><\/tr><tr class=\"wptb-row\" data-wptb-bg-color=\"\"><td class=\"wptb-cell\" data-wptb-css-td-auto-width=\"true\" data-x-index=\"0\" data-y-index=\"1\" style=\"padding: 2px; border: 1px solid rgb(241, 134, 38);\"><div class=\"wptb-text-container wptb-ph-element wptb-element-text-2 edit-active\" style=\"font-size: 15px; color: rgb(87, 87, 86);\"><div class=\"\" style=\"position: relative;\"><p>Le <strong>Terme di Bucarest<\/strong> sono <strong>le pi&ugrave; grandi d'Europa.<\/strong> La struttura &egrave; davvero molto bella e si articola su tre piani. Pi&ugrave; che un centro benessere, a noi &egrave; sembrato un vero e proprio parco divertimento acquatico, con scivoli ad acqua per i pi&ugrave; piccoli e sessioni di aquagym, eccessivamente affollato.<\/p><p>Ci aspettavamo un complesso termale pi&ugrave; tradizionale, un luogo dove rilassare mente e corpo, ma non &egrave; stato cos&igrave;. Consigliamo comunque di visitarle ma settando le giuste aspettative.<\/p><p><\/p><\/div><\/div><\/td><\/tr><\/tbody><\/table><\/div><\/div>\n\n\n\n\n<h4 class=\"has-text-color\" style=\"color:#f18626;font-size:17px\"><strong>DOVE MANGIARE A BUCAREST<\/strong><\/h4>\n\n\n\n<p>La cucina rumena \u00e8 estremamente saporita e speziata, decisamente poco dietetica e in gran parte a base di carne. Prima di scoprire quali sono i piatti tipici, ti suggeriamo qualche posto in cui mangiare:<\/p>\n\n\n\n<ul><li><strong><a href=\"https:\/\/www.carucubere.ro\/en\/\" target=\"_blank\" rel=\"noreferrer noopener\">Car\u00f9 cu bere<\/a><\/strong> &#8211; si pu\u00f2 prenotare anche online. Con intrattenimento musicale dal vivo.<\/li><li><strong><a href=\"https:\/\/www.hanumanucrestaurant.ro\/en\" target=\"_blank\" rel=\"noreferrer noopener\">Hanul Lui Manuc<\/a><\/strong> &#8211; si pu\u00f2 prenotare anche online. Con spettacolo di danza tradizionale.<\/li><li><strong><a href=\"https:\/\/www.tripadvisor.it\/Restaurant_Review-g294458-d1737319-Reviews-Grand_Cafe_Van_Gogh-Bucharest.html\" target=\"_blank\" rel=\"noreferrer noopener\">Gran Caf\u00e9 Van Gogh<\/a><\/strong> &#8211; un tributo al pittore olandese. Un posto perfetto  per uno spuntino pomeridiano.<\/li><li><strong><a href=\"https:\/\/www.tripadvisor.it\/Restaurant_Review-g294458-d7997300-Reviews-Frudisiac-Bucharest.html\" target=\"_blank\" rel=\"noreferrer noopener\">Frudisiac<\/a><\/strong> &#8211; ideale per un brunch<\/li><li><strong><a href=\"https:\/\/hygge.com.ro\/\" target=\"_blank\" rel=\"noreferrer noopener\">Hygge Social Kitchen<\/a><\/strong> &#8211; per assaggiare un buon hamburger<\/li><li><strong><a href=\"https:\/\/www.tripadvisor.it\/Restaurant_Review-g294458-d16722223-Reviews-Utopia_Coffee_Bar-Bucharest.html\" target=\"_blank\" rel=\"noreferrer noopener\">Utopia Coffee Bar<\/a><\/strong> &#8211; vicino Palazzo Primaverii, perfetto per una pausa caff\u00e8 o per una birretta.<\/li><\/ul>\n\n\n\n<div class=\"wptb-table-container wptb-table-4802\"><div class=\"wptb-table-container-matrix\" id=\"wptb-table-id-4802\" data-wptb-version=\"1.3.13\" data-wptb-pro-status=\"false\"><table class=\"wptb-preview-table wptb-element-main-table_setting-279\" data-wptb-adaptive-table=\"0\" data-wptb-cells-width-auto-count=\"1\" data-wptb-table-tds-sum-max-width=\"114\" style=\"border: 2px solid rgb(249, 178, 51);\" data-table-columns=\"1\" data-reconstraction=\"1\" role=\"table\" data-wptb-header-background-color=\"#f9b233\" data-wptb-even-row-background-color=\"\" data-wptb-odd-row-background-color=\"\" data-wptb-extra-styles=\"LyogRW50ZXIgeW91ciBjdXN0b20gQ1NTIHJ1bGVzIGhlcmUgKi8=\"><tbody><tr class=\"wptb-row\" style=\"background-color: rgb(249, 178, 51);\" data-wptb-bg-color=\"#f9b233\"><td class=\"wptb-cell\" data-wptb-css-td-auto-width=\"true\" data-x-index=\"0\" data-y-index=\"0\" style=\"padding: 5px; border: 1px solid rgb(249, 178, 51);\"><div class=\"wptb-text-container wptb-ph-element wptb-element-text-1\" style=\"color: rgb(255, 255, 255); font-size: 16px;\"><div class=\"\" style=\"position: relative;\"><p class=\"\"><strong>TRADITIONAL FOOD<\/strong><\/p><\/div><\/div><\/td><\/tr><tr class=\"wptb-row\" data-wptb-bg-color=\"\"><td class=\"wptb-cell\" data-wptb-css-td-auto-width=\"true\" data-x-index=\"0\" data-y-index=\"1\" style=\"padding: 5px; border: 1px solid rgb(249, 178, 51);\"><div class=\"wptb-list-container wptb-ph-element wptb-element-list-1 edit-active\"><ul>            <li class=\"wptb-in-element\" style=\"margin-bottom: 0px;\">                <div class=\"wptb-list-item-content\" style=\"position: relative;\"><p data-list-style-type-index=\"1.\" style=\"color: #575756; font-size: 15px; text-align: left;\" class=\"\"><strong>Sarmale<\/strong> -involtini&nbsp;fatti con le foglie del cavolo cappuccio, ripieni di riso e carne.&nbsp;&#65279;<\/p><\/div>            <\/li><li class=\"wptb-in-element\" style=\"margin-bottom: 0px;\">                <div class=\"wptb-list-item-content\" style=\"position: relative;\"><p data-list-style-type-index=\"2.\" style=\"color: #575756; font-size: 15px; text-align: left;\" class=\"\"><strong>Mici<\/strong>-&nbsp;polpette lunghe, a forma di salsiccia, preparate con carne di manzo o carne mista con spezie, servite con salsa di senape e patate al forno.<\/p><\/div>            <\/li><li class=\"wptb-in-element\" style=\"margin-bottom: 0px;\">                <div class=\"wptb-list-item-content\" style=\"position: relative;\"><p data-list-style-type-index=\"3.\" style=\"color: #575756; font-size: 15px; text-align: left;\" class=\"\"><strong>Ciolan <\/strong>- stinco di maiale o agnello<\/p><\/div>            <\/li><li class=\"wptb-in-element\" style=\"margin-bottom: 0px;\">                <div class=\"wptb-list-item-content\" style=\"position: relative;\"><p data-list-style-type-index=\"4.\" style=\"color: #575756; font-size: 15px; text-align: left;\" class=\"\"><strong>Salata de vinete <\/strong>- crema&nbsp;di melanzane<br><\/p><\/div>            <\/li><li class=\"wptb-in-element\" style=\"margin-bottom: 0px;\">                <div class=\"wptb-list-item-content\" style=\"position: relative;\"><p data-list-style-type-index=\"5.\" style=\"color: #575756; font-size: 15px; text-align: left;\" class=\"\"><strong>Zacusca <\/strong>- salsina di melanzane e peperoni<\/p><\/div>            <\/li><li class=\"wptb-in-element\" style=\"margin-bottom: 0px;\">                <div class=\"wptb-list-item-content\" style=\"position: relative;\"><p data-list-style-type-index=\"6.\" style=\"color: #575756; font-size: 15px; text-align: left;\" class=\"\"><strong>Musac&aacute; <\/strong>- carne di maiale tritata e speziata con aglio e peperoncino&nbsp;<\/p><\/div>            <\/li>            <li class=\"wptb-in-element\" style=\"margin-bottom: 0px;\">                <div class=\"wptb-list-item-content\" style=\"position: relative;\"><p data-list-style-type-index=\"7.\" style=\"color: #575756; font-size: 15px; text-align: left;\" class=\"\"><strong>Tochitura -&nbsp;<\/strong>carne di maiale, formaggio di pecora, uova, aglio. Servita con contorno di polenta<\/p><\/div>            <\/li><li class=\"wptb-in-element\" style=\"margin-bottom: 0px;\">                <div class=\"wptb-list-item-content\" style=\"position: relative;\"><p data-list-style-type-index=\"8.\" style=\"color: #575756; font-size: 15px; text-align: left;\" class=\"\"><strong>Ciorba<\/strong> - zuppa di verdure e carne<\/p><\/div>            <\/li><li class=\"wptb-in-element\" style=\"margin-bottom: 0px;\">                <div class=\"wptb-list-item-content\" style=\"position: relative;\"><p data-list-style-type-index=\"9.\" style=\"color: #575756; font-size: 15px; text-align: left;\" class=\"\"><strong>Cozonac -<\/strong> pasticcio dolce ripieno con noci, cacao, zucchero e latte<\/p><\/div>            <\/li><li class=\"wptb-in-element\" style=\"margin-bottom: 0px;\">                <div class=\"wptb-list-item-content\" style=\"position: relative;\"><p data-list-style-type-index=\"10.\" style=\"color: #575756; font-size: 15px; text-align: left;\" class=\"\"><strong>Papana&#537;i<\/strong> - pasta fritta (dolce)<\/p><\/div>            <\/li>                    <\/ul><\/div><\/td><\/tr><\/tbody><\/table><\/div><\/div>\n\n\n\n\n<h3 class=\"has-text-color\" style=\"color:#f18626;font-size:17px\"><strong>IL TOUR DELLA TRANSILVANIA<\/strong><\/h3>\n\n\n\n<figure class=\"wp-block-image size-large\"><img loading=\"lazy\" width=\"1024\" height=\"683\" src=\"https:\/\/thelibratravels.com\/wp-content\/uploads\/2023\/05\/thelibratravels_peles-1024x683.jpg\" alt=\"\" class=\"wp-image-4829\" srcset=\"https:\/\/thelibratravels.com\/wp-content\/uploads\/2023\/05\/thelibratravels_peles-1024x683.jpg 1024w, https:\/\/thelibratravels.com\/wp-content\/uploads\/2023\/05\/thelibratravels_peles-300x200.jpg 300w, https:\/\/thelibratravels.com\/wp-content\/uploads\/2023\/05\/thelibratravels_peles-768x512.jpg 768w, https:\/\/thelibratravels.com\/wp-content\/uploads\/2023\/05\/thelibratravels_peles-1536x1024.jpg 1536w, https:\/\/thelibratravels.com\/wp-content\/uploads\/2023\/05\/thelibratravels_peles-2048x1365.jpg 2048w\" sizes=\"(max-width: 1024px) 100vw, 1024px\" \/><figcaption><em>Castello di Pele\u0219<\/em><\/figcaption><\/figure>\n\n\n\n<p>&nbsp;La <strong>Transilvania<\/strong>&nbsp;\u00e8, senza ombra di dubbio, una delle regioni pi\u00f9 belle della&nbsp;Romania. I paesaggi selvaggi e un po&#8217; spettrali, avvolti spesso nella nebbia, hanno ispirato nel tempo vari miti e leggende, come quella del Conte Dracula. <\/p>\n\n\n\n<p>In questo viaggio, abbiamo deciso di visitare i maggiori luoghi di interesse di questa terra affidandoci a <strong>Get Your Guide<\/strong>. L&#8217;itinerario giornaliero prevedeva una tappa al <strong>castello di Pele\u0219<\/strong> (chiuso il luned\u00ec), al <strong>castello di Bran <\/strong>(anche noto come il castello di Dracula) e alla cittadina di <strong>Bra\u0219ov<\/strong>, dove non puoi perderti la visita all&#8217;imponente <strong>Chiesa Nera<\/strong> e a <strong>Casa Sfatului<\/strong>, un museo di storia locale.<\/p>\n\n\n\n<div class=\"wptb-table-container wptb-table-4815\"><div class=\"wptb-table-container-matrix\" id=\"wptb-table-id-4815\" data-wptb-version=\"1.3.13\" data-wptb-pro-status=\"false\"><table class=\"wptb-preview-table wptb-element-main-table_setting-279 edit-active\" data-wptb-adaptive-table=\"0\" data-wptb-cells-width-auto-count=\"1\" data-wptb-table-tds-sum-max-width=\"108\" style=\"border: 2px solid rgb(241, 134, 38);\" data-table-columns=\"1\" data-reconstraction=\"1\" role=\"table\" data-wptb-header-background-color=\"#f18626\" data-wptb-even-row-background-color=\"\" data-wptb-odd-row-background-color=\"\" data-wptb-extra-styles=\"LyogRW50ZXIgeW91ciBjdXN0b20gQ1NTIHJ1bGVzIGhlcmUgKi8=\"><tbody><tr class=\"wptb-row\" style=\"background-color: rgb(241, 134, 38);\" data-wptb-bg-color=\"#f18626\"><td class=\"wptb-cell\" data-wptb-css-td-auto-width=\"true\" data-x-index=\"0\" data-y-index=\"0\" style=\"padding: 2px; border: 1px solid rgb(241, 134, 38);\"><div class=\"wptb-text-container wptb-ph-element wptb-element-text-1\" style=\"color: rgb(255, 255, 255); font-size: 16px;\"><div class=\"\" style=\"position: relative;\"><p class=\"\"><strong>FUN FACT<\/strong><\/p><\/div><\/div><\/td><\/tr><tr class=\"wptb-row\" data-wptb-bg-color=\"\"><td class=\"wptb-cell\" data-wptb-css-td-auto-width=\"true\" data-x-index=\"0\" data-y-index=\"1\" style=\"padding: 2px; border: 1px solid rgb(241, 134, 38);\"><div class=\"wptb-text-container wptb-ph-element wptb-element-text-2\" style=\"font-size: 15px; color: rgb(87, 87, 86);\"><div class=\"\" style=\"position: relative;\"><p>Per la creazione del personaggio del <strong>Conte Dracula<\/strong>, lo scrittore&nbsp;Bram Stoker sembra essersi ispirato al <strong>Conte Vlad<\/strong>, un sanguinoso sovrano che regn&ograve; sulla&nbsp;Valacchia&nbsp;dal 1456 al 1462, passato alla&nbsp;storia&nbsp;con il soprannome di&nbsp;&ldquo;impalatore&rdquo;&nbsp;per la&nbsp;consuetudine&nbsp;di uccidere in questa maniera crudele i suoi&nbsp;nemici, ma al contempo&nbsp;ricordato anche come un eroe per avere lottato a lungo contro le&nbsp;invasioni turche.&nbsp;<\/p><p>Sembra essere una finzione letteraria anche il fatto che il Conte Vlad abbia effettivamente soggiornato al castello di Bran, oggi comunque noto per essere la&nbsp;dimora del Conte Dracula.&nbsp;<\/p><p><\/p><\/div><\/div><\/td><\/tr><\/tbody><\/table><\/div><\/div>\n\n\n\n\n<p>Se hai a disposizione qualche giorno in pi\u00f9, ti consigliamo di vedere anche la <strong>Fortezza di Rasnov<\/strong>, che si trova proprio tra Bra\u0219ov e il castello di Bran, e il <strong>castello<\/strong> <strong>Peli\u0219or<\/strong>, situato nei pressi di Pele\u0219, nella citt\u00e0 di Sinaia. Infine, meriterebbe una visita anche la bellissima citt\u00e0 medievale di <strong>Sighisoara<\/strong>.<\/p>\n\n\n\n<p>Se ti \u00e8 piaciuto questo articolo condividilo su i tuoi canali social e con i tuoi amici&#8230;e ricordati di seguire la nostra pagina <a href=\"https:\/\/www.instagram.com\/thelibratravels_\/\" target=\"_blank\" rel=\"noreferrer noopener\">Instagram<\/a> e il nostro canale <a href=\"https:\/\/www.tiktok.com\/@thelibratravels_\" target=\"_blank\" rel=\"noreferrer noopener\">TikTok<\/a>.<\/p>\n","protected":false},"excerpt":{"rendered":"<p>\u2022 Romania: cosa fare e cosa vedere a Bucarest e in Transilvania\u2022 La Romania \u00e8 sicuramente una delle mete &#8220;low cost&#8221; in Europa. La capitale della Romania \u00e8 Bucarest, una citt\u00e0 dai forti contrasti che, negli ultimi anni, \u00e8 stata protagonista di una grande crescita economica. Il centro storico della &#8220;Piccola Parigi dell&#8217;Est&#8221; si pu\u00f2 [&hellip;]<\/p>\n","protected":false},"author":2,"featured_media":4818,"comment_status":"open","ping_status":"open","sticky":false,"template":"","format":"standard","meta":{"_mi_skip_tracking":false,"_monsterinsights_sitenote_active":false,"_monsterinsights_sitenote_note":"","_monsterinsights_sitenote_category":0},"categories":[110],"tags":[12,43],"table_tags":[],"yoast_head":"<!-- This site is optimized with the Yoast SEO plugin v17.7 - https:\/\/yoast.com\/wordpress\/plugins\/seo\/ -->\n<title>Cosa vedere in Romania: itinerario tra Bucarest e la Transilvania |<\/title>\n<meta name=\"description\" content=\"La Romania \u00e8 una meta &quot;low cost&quot; in Europa. Tra Bucarest e la Transilvania, i luoghi da vedere sono davvero tanti e tutti sorprendenti.\" \/>\n<meta name=\"robots\" content=\"index, follow, max-snippet:-1, max-image-preview:large, max-video-preview:-1\" \/>\n<link rel=\"canonical\" href=\"https:\/\/thelibratravels.com\/index.php\/2023\/05\/01\/cosa-vedere-in-romania-itinerario-tra-bucarest-e-la-transilvania\/\" \/>\n<meta property=\"og:locale\" content=\"en_US\" \/>\n<meta property=\"og:type\" content=\"article\" \/>\n<meta property=\"og:title\" content=\"Cosa vedere in Romania: itinerario tra Bucarest e la Transilvania |\" \/>\n<meta property=\"og:description\" content=\"La Romania \u00e8 una meta &quot;low cost&quot; in Europa. Tra Bucarest e la Transilvania, i luoghi da vedere sono davvero tanti e tutti sorprendenti.\" \/>\n<meta property=\"og:url\" content=\"https:\/\/thelibratravels.com\/index.php\/2023\/05\/01\/cosa-vedere-in-romania-itinerario-tra-bucarest-e-la-transilvania\/\" \/>\n<meta property=\"og:site_name\" content=\"The Libra Travels\" \/>\n<meta property=\"article:published_time\" content=\"2023-05-01T14:36:06+00:00\" \/>\n<meta property=\"article:modified_time\" content=\"2023-05-01T19:12:34+00:00\" \/>\n<meta property=\"og:image\" content=\"https:\/\/thelibratravels.com\/wp-content\/uploads\/2023\/05\/thelibratravels_bran-scaled.jpg\" \/>\n\t<meta property=\"og:image:width\" content=\"2560\" \/>\n\t<meta property=\"og:image:height\" content=\"1707\" \/>\n<meta name=\"twitter:card\" content=\"summary_large_image\" \/>\n<meta name=\"twitter:label1\" content=\"Written by\" \/>\n\t<meta name=\"twitter:data1\" content=\"Francesca\" \/>\n\t<meta name=\"twitter:label2\" content=\"Est. reading time\" \/>\n\t<meta name=\"twitter:data2\" content=\"5 minutes\" \/>\n<script type=\"application\/ld+json\" class=\"yoast-schema-graph\">{\"@context\":\"https:\/\/schema.org\",\"@graph\":[{\"@type\":\"Organization\",\"@id\":\"https:\/\/thelibratravels.com\/#organization\",\"name\":\"The Libra Travels\",\"url\":\"https:\/\/thelibratravels.com\/\",\"sameAs\":[],\"logo\":{\"@type\":\"ImageObject\",\"@id\":\"https:\/\/thelibratravels.com\/#logo\",\"inLanguage\":\"en-US\",\"url\":\"https:\/\/thelibratravels.com\/wp-content\/uploads\/2021\/03\/logo_orizzontale.jpg\",\"contentUrl\":\"https:\/\/thelibratravels.com\/wp-content\/uploads\/2021\/03\/logo_orizzontale.jpg\",\"width\":1260,\"height\":704,\"caption\":\"The Libra Travels\"},\"image\":{\"@id\":\"https:\/\/thelibratravels.com\/#logo\"}},{\"@type\":\"WebSite\",\"@id\":\"https:\/\/thelibratravels.com\/#website\",\"url\":\"https:\/\/thelibratravels.com\/\",\"name\":\"The Libra Travels\",\"description\":\"Inspiring stories\",\"publisher\":{\"@id\":\"https:\/\/thelibratravels.com\/#organization\"},\"potentialAction\":[{\"@type\":\"SearchAction\",\"target\":{\"@type\":\"EntryPoint\",\"urlTemplate\":\"https:\/\/thelibratravels.com\/?s={search_term_string}\"},\"query-input\":\"required name=search_term_string\"}],\"inLanguage\":\"en-US\"},{\"@type\":\"ImageObject\",\"@id\":\"https:\/\/thelibratravels.com\/index.php\/2023\/05\/01\/cosa-vedere-in-romania-itinerario-tra-bucarest-e-la-transilvania\/#primaryimage\",\"inLanguage\":\"en-US\",\"url\":\"https:\/\/thelibratravels.com\/wp-content\/uploads\/2023\/05\/thelibratravels_bran-scaled.jpg\",\"contentUrl\":\"https:\/\/thelibratravels.com\/wp-content\/uploads\/2023\/05\/thelibratravels_bran-scaled.jpg\",\"width\":2560,\"height\":1707,\"caption\":\"Castello del Conte Dracula\"},{\"@type\":\"WebPage\",\"@id\":\"https:\/\/thelibratravels.com\/index.php\/2023\/05\/01\/cosa-vedere-in-romania-itinerario-tra-bucarest-e-la-transilvania\/#webpage\",\"url\":\"https:\/\/thelibratravels.com\/index.php\/2023\/05\/01\/cosa-vedere-in-romania-itinerario-tra-bucarest-e-la-transilvania\/\",\"name\":\"Cosa vedere in Romania: itinerario tra Bucarest e la Transilvania |\",\"isPartOf\":{\"@id\":\"https:\/\/thelibratravels.com\/#website\"},\"primaryImageOfPage\":{\"@id\":\"https:\/\/thelibratravels.com\/index.php\/2023\/05\/01\/cosa-vedere-in-romania-itinerario-tra-bucarest-e-la-transilvania\/#primaryimage\"},\"datePublished\":\"2023-05-01T14:36:06+00:00\",\"dateModified\":\"2023-05-01T19:12:34+00:00\",\"description\":\"La Romania \\u00e8 una meta \\\"low cost\\\" in Europa. Tra Bucarest e la Transilvania, i luoghi da vedere sono davvero tanti e tutti sorprendenti.\",\"breadcrumb\":{\"@id\":\"https:\/\/thelibratravels.com\/index.php\/2023\/05\/01\/cosa-vedere-in-romania-itinerario-tra-bucarest-e-la-transilvania\/#breadcrumb\"},\"inLanguage\":\"en-US\",\"potentialAction\":[{\"@type\":\"ReadAction\",\"target\":[\"https:\/\/thelibratravels.com\/index.php\/2023\/05\/01\/cosa-vedere-in-romania-itinerario-tra-bucarest-e-la-transilvania\/\"]}]},{\"@type\":\"BreadcrumbList\",\"@id\":\"https:\/\/thelibratravels.com\/index.php\/2023\/05\/01\/cosa-vedere-in-romania-itinerario-tra-bucarest-e-la-transilvania\/#breadcrumb\",\"itemListElement\":[{\"@type\":\"ListItem\",\"position\":1,\"name\":\"Home\",\"item\":\"https:\/\/thelibratravels.com\/\"},{\"@type\":\"ListItem\",\"position\":2,\"name\":\"Cosa vedere in Romania: itinerario tra Bucarest e la Transilvania\"}]},{\"@type\":\"Article\",\"@id\":\"https:\/\/thelibratravels.com\/index.php\/2023\/05\/01\/cosa-vedere-in-romania-itinerario-tra-bucarest-e-la-transilvania\/#article\",\"isPartOf\":{\"@id\":\"https:\/\/thelibratravels.com\/index.php\/2023\/05\/01\/cosa-vedere-in-romania-itinerario-tra-bucarest-e-la-transilvania\/#webpage\"},\"author\":{\"@id\":\"https:\/\/thelibratravels.com\/#\/schema\/person\/3832b25c6494095e34c8a9c2c2557127\"},\"headline\":\"Cosa vedere in Romania: itinerario tra Bucarest e la Transilvania\",\"datePublished\":\"2023-05-01T14:36:06+00:00\",\"dateModified\":\"2023-05-01T19:12:34+00:00\",\"mainEntityOfPage\":{\"@id\":\"https:\/\/thelibratravels.com\/index.php\/2023\/05\/01\/cosa-vedere-in-romania-itinerario-tra-bucarest-e-la-transilvania\/#webpage\"},\"wordCount\":755,\"commentCount\":0,\"publisher\":{\"@id\":\"https:\/\/thelibratravels.com\/#organization\"},\"image\":{\"@id\":\"https:\/\/thelibratravels.com\/index.php\/2023\/05\/01\/cosa-vedere-in-romania-itinerario-tra-bucarest-e-la-transilvania\/#primaryimage\"},\"thumbnailUrl\":\"https:\/\/thelibratravels.com\/wp-content\/uploads\/2023\/05\/thelibratravels_bran-scaled.jpg\",\"keywords\":[\"Amici\",\"Coppia\"],\"articleSection\":[\"Romania\"],\"inLanguage\":\"en-US\",\"potentialAction\":[{\"@type\":\"CommentAction\",\"name\":\"Comment\",\"target\":[\"https:\/\/thelibratravels.com\/index.php\/2023\/05\/01\/cosa-vedere-in-romania-itinerario-tra-bucarest-e-la-transilvania\/#respond\"]}]},{\"@type\":\"Person\",\"@id\":\"https:\/\/thelibratravels.com\/#\/schema\/person\/3832b25c6494095e34c8a9c2c2557127\",\"name\":\"Francesca\",\"image\":{\"@type\":\"ImageObject\",\"@id\":\"https:\/\/thelibratravels.com\/#personlogo\",\"inLanguage\":\"en-US\",\"url\":\"https:\/\/secure.gravatar.com\/avatar\/d44165d760232ce02dd9cffb5f31b962?s=96&d=wavatar&r=g\",\"contentUrl\":\"https:\/\/secure.gravatar.com\/avatar\/d44165d760232ce02dd9cffb5f31b962?s=96&d=wavatar&r=g\",\"caption\":\"Francesca\"},\"url\":\"https:\/\/thelibratravels.com\/index.php\/author\/francesca\/\"}]}<\/script>\n<!-- \/ Yoast SEO plugin. -->","yoast_head_json":{"title":"Cosa vedere in Romania: itinerario tra Bucarest e la Transilvania |","description":"La Romania \u00e8 una meta \"low cost\" in Europa. Tra Bucarest e la Transilvania, i luoghi da vedere sono davvero tanti e tutti sorprendenti.","robots":{"index":"index","follow":"follow","max-snippet":"max-snippet:-1","max-image-preview":"max-image-preview:large","max-video-preview":"max-video-preview:-1"},"canonical":"https:\/\/thelibratravels.com\/index.php\/2023\/05\/01\/cosa-vedere-in-romania-itinerario-tra-bucarest-e-la-transilvania\/","og_locale":"en_US","og_type":"article","og_title":"Cosa vedere in Romania: itinerario tra Bucarest e la Transilvania |","og_description":"La Romania \u00e8 una meta \"low cost\" in Europa. Tra Bucarest e la Transilvania, i luoghi da vedere sono davvero tanti e tutti sorprendenti.","og_url":"https:\/\/thelibratravels.com\/index.php\/2023\/05\/01\/cosa-vedere-in-romania-itinerario-tra-bucarest-e-la-transilvania\/","og_site_name":"The Libra Travels","article_published_time":"2023-05-01T14:36:06+00:00","article_modified_time":"2023-05-01T19:12:34+00:00","og_image":[{"width":2560,"height":1707,"url":"https:\/\/thelibratravels.com\/wp-content\/uploads\/2023\/05\/thelibratravels_bran-scaled.jpg","type":"image\/jpeg"}],"twitter_card":"summary_large_image","twitter_misc":{"Written by":"Francesca","Est. reading time":"5 minutes"},"schema":{"@context":"https:\/\/schema.org","@graph":[{"@type":"Organization","@id":"https:\/\/thelibratravels.com\/#organization","name":"The Libra Travels","url":"https:\/\/thelibratravels.com\/","sameAs":[],"logo":{"@type":"ImageObject","@id":"https:\/\/thelibratravels.com\/#logo","inLanguage":"en-US","url":"https:\/\/thelibratravels.com\/wp-content\/uploads\/2021\/03\/logo_orizzontale.jpg","contentUrl":"https:\/\/thelibratravels.com\/wp-content\/uploads\/2021\/03\/logo_orizzontale.jpg","width":1260,"height":704,"caption":"The Libra Travels"},"image":{"@id":"https:\/\/thelibratravels.com\/#logo"}},{"@type":"WebSite","@id":"https:\/\/thelibratravels.com\/#website","url":"https:\/\/thelibratravels.com\/","name":"The Libra Travels","description":"Inspiring stories","publisher":{"@id":"https:\/\/thelibratravels.com\/#organization"},"potentialAction":[{"@type":"SearchAction","target":{"@type":"EntryPoint","urlTemplate":"https:\/\/thelibratravels.com\/?s={search_term_string}"},"query-input":"required name=search_term_string"}],"inLanguage":"en-US"},{"@type":"ImageObject","@id":"https:\/\/thelibratravels.com\/index.php\/2023\/05\/01\/cosa-vedere-in-romania-itinerario-tra-bucarest-e-la-transilvania\/#primaryimage","inLanguage":"en-US","url":"https:\/\/thelibratravels.com\/wp-content\/uploads\/2023\/05\/thelibratravels_bran-scaled.jpg","contentUrl":"https:\/\/thelibratravels.com\/wp-content\/uploads\/2023\/05\/thelibratravels_bran-scaled.jpg","width":2560,"height":1707,"caption":"Castello del Conte Dracula"},{"@type":"WebPage","@id":"https:\/\/thelibratravels.com\/index.php\/2023\/05\/01\/cosa-vedere-in-romania-itinerario-tra-bucarest-e-la-transilvania\/#webpage","url":"https:\/\/thelibratravels.com\/index.php\/2023\/05\/01\/cosa-vedere-in-romania-itinerario-tra-bucarest-e-la-transilvania\/","name":"Cosa vedere in Romania: itinerario tra Bucarest e la Transilvania |","isPartOf":{"@id":"https:\/\/thelibratravels.com\/#website"},"primaryImageOfPage":{"@id":"https:\/\/thelibratravels.com\/index.php\/2023\/05\/01\/cosa-vedere-in-romania-itinerario-tra-bucarest-e-la-transilvania\/#primaryimage"},"datePublished":"2023-05-01T14:36:06+00:00","dateModified":"2023-05-01T19:12:34+00:00","description":"La Romania \u00e8 una meta \"low cost\" in Europa. Tra Bucarest e la Transilvania, i luoghi da vedere sono davvero tanti e tutti sorprendenti.","breadcrumb":{"@id":"https:\/\/thelibratravels.com\/index.php\/2023\/05\/01\/cosa-vedere-in-romania-itinerario-tra-bucarest-e-la-transilvania\/#breadcrumb"},"inLanguage":"en-US","potentialAction":[{"@type":"ReadAction","target":["https:\/\/thelibratravels.com\/index.php\/2023\/05\/01\/cosa-vedere-in-romania-itinerario-tra-bucarest-e-la-transilvania\/"]}]},{"@type":"BreadcrumbList","@id":"https:\/\/thelibratravels.com\/index.php\/2023\/05\/01\/cosa-vedere-in-romania-itinerario-tra-bucarest-e-la-transilvania\/#breadcrumb","itemListElement":[{"@type":"ListItem","position":1,"name":"Home","item":"https:\/\/thelibratravels.com\/"},{"@type":"ListItem","position":2,"name":"Cosa vedere in Romania: itinerario tra Bucarest e la Transilvania"}]},{"@type":"Article","@id":"https:\/\/thelibratravels.com\/index.php\/2023\/05\/01\/cosa-vedere-in-romania-itinerario-tra-bucarest-e-la-transilvania\/#article","isPartOf":{"@id":"https:\/\/thelibratravels.com\/index.php\/2023\/05\/01\/cosa-vedere-in-romania-itinerario-tra-bucarest-e-la-transilvania\/#webpage"},"author":{"@id":"https:\/\/thelibratravels.com\/#\/schema\/person\/3832b25c6494095e34c8a9c2c2557127"},"headline":"Cosa vedere in Romania: itinerario tra Bucarest e la Transilvania","datePublished":"2023-05-01T14:36:06+00:00","dateModified":"2023-05-01T19:12:34+00:00","mainEntityOfPage":{"@id":"https:\/\/thelibratravels.com\/index.php\/2023\/05\/01\/cosa-vedere-in-romania-itinerario-tra-bucarest-e-la-transilvania\/#webpage"},"wordCount":755,"commentCount":0,"publisher":{"@id":"https:\/\/thelibratravels.com\/#organization"},"image":{"@id":"https:\/\/thelibratravels.com\/index.php\/2023\/05\/01\/cosa-vedere-in-romania-itinerario-tra-bucarest-e-la-transilvania\/#primaryimage"},"thumbnailUrl":"https:\/\/thelibratravels.com\/wp-content\/uploads\/2023\/05\/thelibratravels_bran-scaled.jpg","keywords":["Amici","Coppia"],"articleSection":["Romania"],"inLanguage":"en-US","potentialAction":[{"@type":"CommentAction","name":"Comment","target":["https:\/\/thelibratravels.com\/index.php\/2023\/05\/01\/cosa-vedere-in-romania-itinerario-tra-bucarest-e-la-transilvania\/#respond"]}]},{"@type":"Person","@id":"https:\/\/thelibratravels.com\/#\/schema\/person\/3832b25c6494095e34c8a9c2c2557127","name":"Francesca","image":{"@type":"ImageObject","@id":"https:\/\/thelibratravels.com\/#personlogo","inLanguage":"en-US","url":"https:\/\/secure.gravatar.com\/avatar\/d44165d760232ce02dd9cffb5f31b962?s=96&d=wavatar&r=g","contentUrl":"https:\/\/secure.gravatar.com\/avatar\/d44165d760232ce02dd9cffb5f31b962?s=96&d=wavatar&r=g","caption":"Francesca"},"url":"https:\/\/thelibratravels.com\/index.php\/author\/francesca\/"}]}},"_links":{"self":[{"href":"https:\/\/thelibratravels.com\/index.php\/wp-json\/wp\/v2\/posts\/4793"}],"collection":[{"href":"https:\/\/thelibratravels.com\/index.php\/wp-json\/wp\/v2\/posts"}],"about":[{"href":"https:\/\/thelibratravels.com\/index.php\/wp-json\/wp\/v2\/types\/post"}],"author":[{"embeddable":true,"href":"https:\/\/thelibratravels.com\/index.php\/wp-json\/wp\/v2\/users\/2"}],"replies":[{"embeddable":true,"href":"https:\/\/thelibratravels.com\/index.php\/wp-json\/wp\/v2\/comments?post=4793"}],"version-history":[{"count":18,"href":"https:\/\/thelibratravels.com\/index.php\/wp-json\/wp\/v2\/posts\/4793\/revisions"}],"predecessor-version":[{"id":4903,"href":"https:\/\/thelibratravels.com\/index.php\/wp-json\/wp\/v2\/posts\/4793\/revisions\/4903"}],"wp:featuredmedia":[{"embeddable":true,"href":"https:\/\/thelibratravels.com\/index.php\/wp-json\/wp\/v2\/media\/4818"}],"wp:attachment":[{"href":"https:\/\/thelibratravels.com\/index.php\/wp-json\/wp\/v2\/media?parent=4793"}],"wp:term":[{"taxonomy":"category","embeddable":true,"href":"https:\/\/thelibratravels.com\/index.php\/wp-json\/wp\/v2\/categories?post=4793"},{"taxonomy":"post_tag","embeddable":true,"href":"https:\/\/thelibratravels.com\/index.php\/wp-json\/wp\/v2\/tags?post=4793"},{"taxonomy":"table_tags","embeddable":true,"href":"https:\/\/thelibratravels.com\/index.php\/wp-json\/wp\/v2\/table_tags?post=4793"}],"curies":[{"name":"wp","href":"https:\/\/api.w.org\/{rel}","templated":true}]}}