{"id":4867,"date":"2023-07-12T18:14:06","date_gmt":"2023-07-12T16:14:06","guid":{"rendered":"https:\/\/thelibratravels.com\/?p=4867"},"modified":"2023-07-12T18:14:06","modified_gmt":"2023-07-12T16:14:06","slug":"itinerario-in-croazia-da-zara-ai-laghi-di-plitvice","status":"publish","type":"post","link":"https:\/\/thelibratravels.com\/index.php\/2023\/07\/12\/itinerario-in-croazia-da-zara-ai-laghi-di-plitvice\/","title":{"rendered":"Itinerario in Croazia: da Zara ai Laghi di Plitvice"},"content":{"rendered":"\n<h2><strong>\u2022Tramonti indimenticabili e parchi naturali: itinerario di viaggio in Croazia\u2022<\/strong><\/h2>\n\n\n\n<figure class=\"wp-block-image size-large\"><img loading=\"lazy\" width=\"1024\" height=\"661\" src=\"https:\/\/thelibratravels.com\/wp-content\/uploads\/2023\/07\/laghiplitvice2_thelibratravels-1-1024x661.jpg\" alt=\"Laghi di Plitvice - Croazia\" class=\"wp-image-4924\" srcset=\"https:\/\/thelibratravels.com\/wp-content\/uploads\/2023\/07\/laghiplitvice2_thelibratravels-1-1024x661.jpg 1024w, https:\/\/thelibratravels.com\/wp-content\/uploads\/2023\/07\/laghiplitvice2_thelibratravels-1-300x194.jpg 300w, https:\/\/thelibratravels.com\/wp-content\/uploads\/2023\/07\/laghiplitvice2_thelibratravels-1-768x496.jpg 768w, https:\/\/thelibratravels.com\/wp-content\/uploads\/2023\/07\/laghiplitvice2_thelibratravels-1-1536x992.jpg 1536w, https:\/\/thelibratravels.com\/wp-content\/uploads\/2023\/07\/laghiplitvice2_thelibratravels-1-2048x1322.jpg 2048w\" sizes=\"(max-width: 1024px) 100vw, 1024px\" \/><figcaption><em>Laghi di Plitvice &#8211; Croazia<\/em><\/figcaption><\/figure>\n\n\n\n<p>Se stai cercando un itinerario insolito per esplorare la Croazia in un weekend, sei nel posto giusto! Nel giugno 2023 abbiamo visitato <strong>Zara<\/strong> (o Zadar) e i meravigliosi <strong>Laghi di Plitvice <\/strong>e adesso siamo pronte a condividere con te il programma della vacanza, la lista di cose da non perdere e i posti dove mangiare.<\/p>\n\n\n\n<p>Per farti compagnia nella lettura, puoi ascoltare la playlist che abbiamo ideato per questo viaggio! <\/p>\n\n\n\n<iframe style=\"border-radius:12px\" src=\"https:\/\/open.spotify.com\/embed\/playlist\/3EGHbyIr1DfjzfYEydlNmb?utm_source=generator\" width=\"100%\" height=\"80\" frameBorder=\"0\" allowfullscreen=\"\" allow=\"autoplay; clipboard-write; encrypted-media; fullscreen; picture-in-picture\"><\/iframe>\n\n\n\n<p class=\"has-text-color\" style=\"color:#0071a1\"> <strong>COME RAGGIUNGERE ZARA E SPOSTARSI IN CROAZIA<\/strong><\/p>\n\n\n\n<p>Per raggiungere Zara <strong>da Milano<\/strong> abbiamo preso un volo <em>low cost <\/em>Ryanair. L&#8217;aeroporto dista appena 20 minuti dal centro della citt\u00e0, che puoi raggiungere con Uber (circa \u20ac10) oppure con un bus di linea (\u20ac4).<\/p>\n\n\n\n<p>Per visitare <strong>il centro storico<\/strong> puoi muoverti tranquillamente a piedi,  non \u00e8 indispensabile quindi noleggiare una macchina (potrebbe per\u00f2 esserti comoda per raggiungere qualche spiaggia un po&#8217; pi\u00f9 lontana).<\/p>\n\n\n\n<p>Ai <strong>Laghi di Plitvice<\/strong>, invece, ci siamo giunti con un Flixbus (\u20ac12) partendo dalla stazione dei bus di Zara. Per visitare l&#8217;intero parco \u00e8 pi\u00f9 che sufficiente una giornata. <\/p>\n\n\n\n<figure class=\"wp-block-image size-large\"><img loading=\"lazy\" width=\"1024\" height=\"683\" src=\"https:\/\/thelibratravels.com\/wp-content\/uploads\/2023\/07\/zadar1_thelibratravels-1024x683.jpg\" alt=\"Chiesa di San Donato e Foro Romano \" class=\"wp-image-4940\" srcset=\"https:\/\/thelibratravels.com\/wp-content\/uploads\/2023\/07\/zadar1_thelibratravels-1024x683.jpg 1024w, https:\/\/thelibratravels.com\/wp-content\/uploads\/2023\/07\/zadar1_thelibratravels-300x200.jpg 300w, https:\/\/thelibratravels.com\/wp-content\/uploads\/2023\/07\/zadar1_thelibratravels-768x512.jpg 768w, https:\/\/thelibratravels.com\/wp-content\/uploads\/2023\/07\/zadar1_thelibratravels-1536x1024.jpg 1536w, https:\/\/thelibratravels.com\/wp-content\/uploads\/2023\/07\/zadar1_thelibratravels-2048x1365.jpg 2048w\" sizes=\"(max-width: 1024px) 100vw, 1024px\" \/><figcaption><em>Chiesa di San Donato e Foro Romano &#8211; Zadar<\/em><\/figcaption><\/figure>\n\n\n\n<h3 class=\"has-text-color\" style=\"color:#0071a1;font-size:17px\"><strong>DOVE ALLOGGIARE A ZARA<\/strong><\/h3>\n\n\n\n<p>Il<strong> centro<\/strong>&nbsp;\u00e9 senza dubbio il posto migliore dove pernottare a Zara: tra piazza dei Cinque Pozzi e il &#8220;Saluto al Sole&#8221;.<\/p>\n\n\n\n<div class=\"wptb-table-container wptb-table-4947\"><div class=\"wptb-table-container-matrix\" id=\"wptb-table-id-4947\" data-wptb-version=\"1.3.13\" data-wptb-pro-status=\"false\"><table class=\"wptb-preview-table wptb-element-main-table_setting-282\" data-reconstraction=\"1\" style=\"border: 3px solid rgb(29, 113, 184);\" data-wptb-table-tds-sum-max-width=\"34\" data-wptb-cells-width-auto-count=\"2\" role=\"table\" data-wptb-odd-row-background-color=\"#ffffff\" data-wptb-header-background-color=\"#1d71b8\" data-wptb-even-row-background-color=\"\" data-table-columns=\"2\" data-wptb-td-width-auto=\"10\" data-wptb-responsive-directives=\"eyJyZXNwb25zaXZlRW5hYmxlZCI6ZmFsc2UsInJlc3BvbnNpdmVNb2RlIjoiYXV0byIsInByZXNlcnZlUm93Q29sb3IiOmZhbHNlLCJyZWxhdGl2ZVdpZHRoIjoiY29udGFpbmVyIiwiaGVhZGVyRnVsbHlNZXJnZWQiOmZhbHNlLCJtb2RlT3B0aW9ucyI6eyJhdXRvIjp7InRvcFJvd0FzSGVhZGVyIjp7ImRlc2t0b3AiOmZhbHNlLCJ0YWJsZXQiOnRydWUsIm1vYmlsZSI6ZmFsc2V9LCJyZXBlYXRNZXJnZWRIZWFkZXIiOnsiZGVza3RvcCI6dHJ1ZSwidGFibGV0Ijp0cnVlLCJtb2JpbGUiOnRydWV9LCJzdGF0aWNUb3BSb3ciOnsiZGVza3RvcCI6ZmFsc2UsInRhYmxldCI6ZmFsc2UsIm1vYmlsZSI6ZmFsc2V9LCJjZWxsU3RhY2tEaXJlY3Rpb24iOnsiZGVza3RvcCI6InJvdyIsInRhYmxldCI6InJvdyIsIm1vYmlsZSI6InJvdyJ9LCJjZWxsc1BlclJvdyI6eyJkZXNrdG9wIjoxLCJ0YWJsZXQiOjEsIm1vYmlsZSI6MX19fSwiYnJlYWtwb2ludHMiOnsiZGVza3RvcCI6eyJuYW1lIjoiZGVza3RvcCIsIndpZHRoIjoxMDI0fSwidGFibGV0Ijp7Im5hbWUiOiJ0YWJsZXQiLCJ3aWR0aCI6NzAwfSwibW9iaWxlIjp7Im5hbWUiOiJtb2JpbGUiLCJ3aWR0aCI6MzAwfX19\" data-wptb-adaptive-table=\"0\" data-wptb-extra-styles=\"LyogRW50ZXIgeW91ciBjdXN0b20gQ1NTIHJ1bGVzIGhlcmUgKi8=\"><tbody><tr class=\"wptb-row\" style=\"background-color: rgb(29, 113, 184);\" data-wptb-bg-color=\"#1d71b8\"><td class=\"wptb-cell\" style=\"border-width: 27px; border-color: rgb(29, 113, 184); padding: 2px;\" data-x-index=\"0\" data-y-index=\"0\" data-wptb-css-td-auto-width=\"true\"><div class=\"wptb-text-container wptb-ph-element wptb-element-text-23\" style=\"color: rgb(255, 255, 255); font-size: 16px;\"><div class=\"\" style=\"position: relative;\"><p class=\"\" style=\"text-align: justify;\"><strong>&nbsp;TRAVEL BOX<br><\/strong><\/p><\/div><\/div><\/td><td class=\"wptb-cell\" style=\"border-width: 27px; border-color: rgb(29, 113, 184); padding: 2px;\" data-x-index=\"1\" data-y-index=\"0\" data-wptb-css-td-auto-width=\"true\"><\/td><\/tr><tr class=\"wptb-row\" style=\"\" data-wptb-bg-color=\"\"><td class=\"wptb-cell\" data-y-index=\"1\" data-x-index=\"0\" style=\"border-width: 27px; border-color: rgb(29, 113, 184); padding: 2px;\" data-wptb-css-td-auto-width=\"true\"><div class=\"wptb-text-container wptb-ph-element wptb-element-text-16\" style=\"color: rgb(87, 87, 86);\"><div class=\"\" style=\"position: relative;\"><p><em class=\"\"><strong>&nbsp;Nazione<\/strong><\/em><\/p><\/div><\/div><\/td><td class=\"wptb-cell\" data-y-index=\"1\" data-x-index=\"1\" style=\"border-width: 27px; border-color: rgb(29, 113, 184); padding: 2px;\" data-wptb-css-td-auto-width=\"true\"><div class=\"wptb-text-container wptb-ph-element wptb-element-text-8\" style=\"color: rgb(87, 87, 86); font-size: 15px;\"><div class=\"\" style=\"position: relative;\"><p>Croazia<\/p><\/div><\/div><\/td><\/tr><tr class=\"wptb-row\" style=\"background-color: rgb(255, 255, 255);\" data-wptb-bg-color=\"#ffffff\"><td class=\"wptb-cell\" data-y-index=\"2\" data-x-index=\"0\" style=\"border-width: 27px; border-color: rgb(29, 113, 184); padding: 2px;\" data-wptb-css-td-auto-width=\"true\"><div class=\"wptb-text-container wptb-ph-element wptb-element-text-2\" style=\"color: rgb(87, 87, 86);\"><div class=\"\" style=\"position: relative;\"><p><em class=\"\"><strong>&nbsp;Valuta&#65279;<\/strong><\/em><\/p><\/div><\/div><\/td><td class=\"wptb-cell\" data-y-index=\"2\" data-x-index=\"1\" style=\"border-width: 27px; border-color: rgb(29, 113, 184); padding: 2px;\" data-wptb-css-td-auto-width=\"true\"><div class=\"wptb-text-container wptb-ph-element wptb-element-text-9\" style=\"color: rgb(87, 87, 86); font-size: 15px;\"><div class=\"\" style=\"position: relative;\"><p>Euro (&euro;)<\/p><p><\/p><\/div><\/div><\/td><\/tr><tr class=\"wptb-row\" data-wptb-bg-color=\"\"><td class=\"wptb-cell\" style=\"border-width: 27px; border-color: rgb(29, 113, 184); padding: 2px;\" data-x-index=\"0\" data-y-index=\"3\" data-wptb-css-td-auto-width=\"true\"><div class=\"wptb-text-container wptb-ph-element wptb-element-text-19\" style=\"color: rgb(87, 87, 86);\"><div class=\"\" style=\"position: relative;\"><p><em class=\"\"><strong>&nbsp;Clima&#65279;<\/strong><\/em><\/p><\/div><\/div><\/td><td class=\"wptb-cell\" style=\"border-width: 27px; border-color: rgb(29, 113, 184); padding: 2px;\" data-x-index=\"1\" data-y-index=\"3\" data-wptb-css-td-auto-width=\"true\"><div class=\"wptb-text-container wptb-ph-element wptb-element-text-20\" style=\"color: rgb(87, 87, 86); font-size: 15px;\"><div class=\"\" style=\"position: relative;\"><p>Mediterraneo<\/p><\/div><\/div><\/td><\/tr><tr class=\"wptb-row\" style=\"background-color: rgb(255, 255, 255);\" data-wptb-bg-color=\"#ffffff\"><td class=\"wptb-cell\" data-y-index=\"4\" data-x-index=\"0\" style=\"border-width: 27px; border-color: rgb(29, 113, 184); padding: 2px;\" data-wptb-css-td-auto-width=\"true\"><div class=\"wptb-text-container wptb-ph-element wptb-element-text-3\" style=\"color: rgb(87, 87, 86);\"><div class=\"\" style=\"position: relative;\"><p><em class=\"\"><strong>&nbsp;Stagione ideale<\/strong><\/em><\/p><\/div><\/div><\/td><td class=\"wptb-cell\" data-y-index=\"4\" data-x-index=\"1\" style=\"border-width: 27px; border-color: rgb(29, 113, 184); padding: 2px;\" data-wptb-css-td-auto-width=\"true\"><div class=\"wptb-text-container wptb-ph-element wptb-element-text-10\" style=\"color: rgb(87, 87, 86); font-size: 15px;\"><div class=\"\" style=\"position: relative;\"><p>Primavera-autunno<\/p><\/div><\/div><\/td><\/tr><tr class=\"wptb-row\" style=\"\" data-wptb-bg-color=\"\"><td class=\"wptb-cell\" data-y-index=\"5\" data-x-index=\"0\" style=\"border-width: 27px; border-color: rgb(29, 113, 184); padding: 2px;\" data-wptb-css-td-auto-width=\"true\"><div class=\"wptb-text-container wptb-ph-element wptb-element-text-4\" style=\"color: rgb(87, 87, 86);\"><div class=\"\" style=\"position: relative;\"><p><em class=\"\"><strong>&nbsp;Fuso orario<\/strong><\/em><\/p><p><\/p><\/div><\/div><\/td><td class=\"wptb-cell\" data-y-index=\"5\" data-x-index=\"1\" style=\"border-width: 27px; border-color: rgb(29, 113, 184); padding: 2px;\" data-wptb-css-td-auto-width=\"true\"><div class=\"wptb-text-container wptb-ph-element wptb-element-text-11\" style=\"color: rgb(87, 87, 86); font-size: 15px;\"><div class=\"\" style=\"position: relative;\"><p>GMT+2<\/p><\/div><\/div><\/td><\/tr><tr class=\"wptb-row\" data-wptb-bg-color=\"#ffffff\" style=\"background-color: rgb(255, 255, 255);\"><td class=\"wptb-cell\" style=\"border-width: 27px; border-color: rgb(29, 113, 184); padding: 2px;\" data-x-index=\"0\" data-y-index=\"6\" data-wptb-css-td-auto-width=\"true\"><div class=\"wptb-text-container wptb-ph-element wptb-element-text-21\" style=\"color: rgb(87, 87, 86);\"><div class=\"\" style=\"position: relative;\"><p><em class=\"\"><strong>&nbsp;Documenti necessari<\/strong><\/em><\/p><\/div><\/div><\/td><td class=\"wptb-cell\" style=\"border-width: 27px; border-color: rgb(29, 113, 184); padding: 2px;\" data-x-index=\"1\" data-y-index=\"6\" data-wptb-css-td-auto-width=\"true\"><div class=\"wptb-text-container wptb-ph-element wptb-element-text-22\" style=\"color: rgb(87, 87, 86); font-size: 15px;\"><div class=\"\" style=\"position: relative;\"><p>Carta d'Identit&agrave;<\/p><\/div><\/div><\/td><\/tr><tr class=\"wptb-row\" style=\"\" data-wptb-bg-color=\"\"><td class=\"wptb-cell\" data-y-index=\"7\" data-x-index=\"0\" style=\"border-width: 27px; border-color: rgb(29, 113, 184); padding: 2px;\" data-wptb-css-td-auto-width=\"true\"><div class=\"wptb-text-container wptb-ph-element wptb-element-text-5\" style=\"color: rgb(87, 87, 86);\"><div class=\"\" style=\"position: relative;\"><p><em class=\"\"><strong>&nbsp;N&deg; min di giorni<\/strong><\/em><\/p><\/div><\/div><\/td><td class=\"wptb-cell\" data-y-index=\"7\" data-x-index=\"1\" style=\"border-width: 27px; border-color: rgb(29, 113, 184); padding: 2px;\" data-wptb-css-td-auto-width=\"true\"><div class=\"wptb-text-container wptb-ph-element wptb-element-text-12\" style=\"color: rgb(87, 87, 86); font-size: 15px;\"><div class=\"\" style=\"position: relative;\"><p>2\/3 giorni<\/p><\/div><\/div><\/td><\/tr><tr class=\"wptb-row\" style=\"background-color: rgb(255, 255, 255);\" data-wptb-bg-color=\"#ffffff\"><td class=\"wptb-cell\" data-y-index=\"8\" data-x-index=\"0\" style=\"border-width: 27px; border-color: rgb(29, 113, 184); padding: 2px;\" data-wptb-css-td-auto-width=\"true\"><div class=\"wptb-text-container wptb-ph-element wptb-element-text-6\" style=\"color: rgb(87, 87, 86); font-size: 15px;\"><div class=\"\" style=\"position: relative;\"><p><em class=\"\"><strong>&nbsp;Mezzi di trasporto<\/strong><\/em><\/p><\/div><\/div><\/td><td class=\"wptb-cell\" data-y-index=\"8\" data-x-index=\"1\" style=\"border-width: 27px; border-color: rgb(29, 113, 184); padding: 2px;\" data-wptb-css-td-auto-width=\"true\"><div class=\"wptb-text-container wptb-ph-element wptb-element-text-13 edit-active\" style=\"color: rgb(87, 87, 86); font-size: 15px;\"><div class=\"\" style=\"position: relative;\"><p>Aereo \/ Autobus<\/p><\/div><\/div><\/td><\/tr><\/tbody><\/table><\/div><\/div>\n\n\n\n\n<h3 class=\"has-text-color\" style=\"color:#f18626;font-size:17px\"><strong>COSA VEDERE A ZARA<\/strong><\/h3>\n\n\n\n<p>Il centro storico di Zara, citt\u00e0 croata ubicata sulla costa orientale del Mar Adriatico, \u00e8 davvero incantevole: tra monumenti&nbsp;medievali&nbsp;e splendidi esempi di architettura romana, ti sembrer\u00e0 di tornare indietro nel tempo. Sicuramente non puoi perdere:<\/p>\n\n\n\n<ul id=\"block-f4b24082-7b2f-4043-a7e0-5a5288ae8f40\"><li>la <strong>Chiesa di San Donato<\/strong>. Con la sua pianta a forma circolare e l&#8217;inconfondibile stile romanico, \u00e8 il simbolo della citt\u00e0;<\/li><li>l&#8217;<strong>Organo Marino<\/strong>. Una delle installazioni pi\u00f9 insolite al mondo, progettata dall&#8217;architetto Nikola Ba\u0161i\u0107. L&#8217;opera \u00e8 composta da sette gradoni di marmo che degradano verso in mare, sotto i quali sono posizionati tubi di diverse dimensioni, lunghezze e inclinazioni. L&#8217;infrangersi delle onde sulle fessure genera straordinarie melodie, creando un&#8217;atmosfera suggestiva soprattutto al tramonto;<\/li><li>il <strong>Saluto al Sole: <\/strong>un&#8217;altra installazione di Ba\u0161i\u0107 posta proprio vicino all&#8217;Organo Marino. Quest&#8217;opera \u00e8 un cerchio formato da 300 pannelli fotovoltaici che catturano l&#8217;energia solare durante il giorno e sprigionano meravigliosi giochi di luci durante la notte;<\/li><li>il <strong>Museo del Vetro Antico<\/strong>. Si trova nell&#8217;antico monastero di San Benedetto;<\/li><li>la <strong>Cattedrale di Santa Anastasia<\/strong>. Un imponente edificio che si erge maestoso nel cuore della citt\u00e0;<\/li><li>il <strong>Foro Romano<\/strong>. Un antico sito archeologico situato nel centro della citt\u00e0, testimonianza della radici romane di Zara;<\/li><li>la <strong>Piazza dei Cinque Pozzi<\/strong>. Una delle piazze pi\u00f9 rinomate di Zara.<\/li><\/ul>\n\n\n\n<figure class=\"wp-block-image size-large\"><img loading=\"lazy\" width=\"1024\" height=\"423\" src=\"https:\/\/thelibratravels.com\/wp-content\/uploads\/2023\/07\/salutosole_thelibratravels-1024x423.jpg\" alt=\"Saluto al Sole - Zadar\" class=\"wp-image-4942\" srcset=\"https:\/\/thelibratravels.com\/wp-content\/uploads\/2023\/07\/salutosole_thelibratravels-1024x423.jpg 1024w, https:\/\/thelibratravels.com\/wp-content\/uploads\/2023\/07\/salutosole_thelibratravels-300x124.jpg 300w, https:\/\/thelibratravels.com\/wp-content\/uploads\/2023\/07\/salutosole_thelibratravels-768x317.jpg 768w, https:\/\/thelibratravels.com\/wp-content\/uploads\/2023\/07\/salutosole_thelibratravels-1536x634.jpg 1536w, https:\/\/thelibratravels.com\/wp-content\/uploads\/2023\/07\/salutosole_thelibratravels-2048x846.jpg 2048w\" sizes=\"(max-width: 1024px) 100vw, 1024px\" \/><figcaption><em>Saluto al Sole &#8211; Zadar<\/em><\/figcaption><\/figure>\n\n\n\n<h3 class=\"has-text-color\" style=\"color:#f18626;font-size:17px\"><strong>LE SPIAGGE DI ZARA<\/strong><\/h3>\n\n\n\n<p>La spiaggia pi\u00f9 vicina al centro di Zara, raggiungibile anche a piedi, \u00e8 quella di <strong>Kolovare<\/strong>, un arenile ciottoloso dove consigliamo l&#8217;utilizzo di scarpette da scoglio e stuoie morbide per potersi stendere al sole. <\/p>\n\n\n\n<p>Le spiagge di <strong>Borik <\/strong>e <strong>Vitrenjak <\/strong>sono ideali per famiglie e distano circa 10 minuti in auto dal centro, in direzione nord. La spiaggia di <strong>Zaton<\/strong>, caratterizzata da fondali bassi e mare cristallino, invece, dista circa 20 minuti di macchina dal centro di Zara ed \u00e8 situata anch&#8217;essa a nord. Sicuramente da vedere anche <strong>Sakarun Beach <\/strong>e la <strong>spiaggia di Diklo, <\/strong>la meno turistica tra tutte.<\/p>\n\n\n\n<h3 class=\"has-text-color\" style=\"color:#f18626;font-size:17px\"><strong>ESPERIENZE PARTICOLARI DA FARE IN CROAZIA<\/strong><\/h3>\n\n\n\n<p>Se hai voglia di imprimere nella mente dei bellissimi ricordi, la Croazia non ti deluder\u00e0: a Zara abbiamo ammirato alcuni dei <strong>tramonti<\/strong> pi\u00f9 belli della nostra vita, quelli in cui il sole si infuoca all&#8217;orizzonte per poi scomparire oltre la sottile soglia del mare. Che sia sedendo sugli scalini dell&#8217;Organo Marino o passeggiando sul Lungomare sorseggiando una birretta, goditi la <em>golden hour <\/em>che regala la citt\u00e0.<\/p>\n\n\n\n<p>Zara \u00e8 un punto di partenza strategico per esplorare le selvagge <strong>isole<\/strong> della Croazia e il suo arcipelago \u00e8 composto da oltre 300 isolette. Tra le pi\u00f9 famose e vicine a Zara troviamo <strong>Dugi Otok <\/strong>(l&#8217;isola lunga),<strong> Ugljan, O\u0161ljak<\/strong> o <strong>Pasman<\/strong>, dove potrai immergerti nelle acque cristalline, esplorare baie nascoste e goderti il relax su spiagge incontaminate, in un tour giornaliero. L&#8217;<strong>Arcipelago di Kornati<\/strong>, un parco nazionale formato da 89 isole e isolotti, \u00e8 un altro gioiello che vale la pena visitare.<\/p>\n\n\n\n<div class=\"wptb-table-container wptb-table-4918\"><div class=\"wptb-table-container-matrix\" id=\"wptb-table-id-4918\" data-wptb-version=\"1.3.13\" data-wptb-pro-status=\"false\"><table class=\"wptb-preview-table wptb-element-main-table_setting-279\" data-wptb-adaptive-table=\"0\" data-wptb-cells-width-auto-count=\"1\" data-wptb-table-tds-sum-max-width=\"108\" style=\"border: 2px solid rgb(129, 153, 206);\" data-table-columns=\"1\" data-reconstraction=\"1\" role=\"table\" data-wptb-header-background-color=\"#8199ce\" data-wptb-even-row-background-color=\"\" data-wptb-odd-row-background-color=\"\" data-wptb-responsive-directives=\"eyJyZXNwb25zaXZlRW5hYmxlZCI6ZmFsc2UsInJlc3BvbnNpdmVNb2RlIjoiYXV0byIsInByZXNlcnZlUm93Q29sb3IiOmZhbHNlLCJyZWxhdGl2ZVdpZHRoIjoid2luZG93IiwiaGVhZGVyRnVsbHlNZXJnZWQiOmZhbHNlLCJtb2RlT3B0aW9ucyI6eyJhdXRvIjp7InRvcFJvd0FzSGVhZGVyIjp7ImRlc2t0b3AiOmZhbHNlLCJ0YWJsZXQiOnRydWUsIm1vYmlsZSI6dHJ1ZX0sInJlcGVhdE1lcmdlZEhlYWRlciI6eyJkZXNrdG9wIjp0cnVlLCJ0YWJsZXQiOnRydWUsIm1vYmlsZSI6dHJ1ZX0sInN0YXRpY1RvcFJvdyI6eyJkZXNrdG9wIjpmYWxzZSwidGFibGV0IjpmYWxzZSwibW9iaWxlIjpmYWxzZX0sImNlbGxTdGFja0RpcmVjdGlvbiI6eyJkZXNrdG9wIjoicm93IiwidGFibGV0Ijoicm93IiwibW9iaWxlIjoicm93In0sImNlbGxzUGVyUm93Ijp7ImRlc2t0b3AiOjEsInRhYmxldCI6MSwibW9iaWxlIjoxfX19LCJicmVha3BvaW50cyI6eyJkZXNrdG9wIjp7Im5hbWUiOiJkZXNrdG9wIiwid2lkdGgiOjEwMjR9LCJ0YWJsZXQiOnsibmFtZSI6InRhYmxldCIsIndpZHRoIjo3MDB9LCJtb2JpbGUiOnsibmFtZSI6Im1vYmlsZSIsIndpZHRoIjozMDB9fX0=\" data-wptb-extra-styles=\"LyogRW50ZXIgeW91ciBjdXN0b20gQ1NTIHJ1bGVzIGhlcmUgKi8=\"><tbody><tr class=\"wptb-row\" style=\"background-color: rgb(129, 153, 206);\" data-wptb-bg-color=\"#8199ce\"><td class=\"wptb-cell\" data-wptb-css-td-auto-width=\"true\" data-x-index=\"0\" data-y-index=\"0\" style=\"padding: 2px; border: 1px solid rgb(129, 153, 206);\"><div class=\"wptb-text-container wptb-ph-element wptb-element-text-1\" style=\"color: rgb(255, 255, 255); font-size: 15px;\"><div class=\"\" style=\"position: relative;\"><p class=\"\"><strong>TRAVEL TIP<\/strong><\/p><\/div><\/div><\/td><\/tr><tr class=\"wptb-row\" data-wptb-bg-color=\"\"><td class=\"wptb-cell\" data-wptb-css-td-auto-width=\"true\" data-x-index=\"0\" data-y-index=\"1\" style=\"padding: 2px; border: 1px solid rgb(129, 153, 206);\"><div class=\"wptb-text-container wptb-ph-element wptb-element-text-2 edit-active\" style=\"font-size: 15px; color: rgb(74, 85, 104);\"><div class=\"\" style=\"position: relative;\"><p class=\"\">La&nbsp;distanza da Zara all'<strong>isola di Pag&nbsp;<\/strong>&egrave; 50 km. Non &egrave; necessario prendere un traghetto perch&eacute;&nbsp;l'isola &egrave; collegata alla terraferma con il ponte di Pag e si pu&ograve; raggiungere anche con degli autobus di linea in circa un'ora.<\/p><p class=\"\"><\/p><\/div><\/div><\/td><\/tr><\/tbody><\/table><\/div><\/div>\n\n\n\n\n<p>Se cerchi altre <em>experience<\/em> particolari in Croazia, puoi provare a fare un&#8217;<a href=\"https:\/\/www.getyourguide.it\/zara-l1328\/tour-in-canoa-e-kayak-tc61\/\" target=\"_blank\" rel=\"noreferrer noopener\"><strong>escursione in kayak<\/strong><\/a> o <strong>una sessione di <a href=\"https:\/\/www.getyourguide.it\/zara-l1328\/snorkeling-tc57\/\" target=\"_blank\" rel=\"noreferrer noopener\">snorkeling<\/a><\/strong>.<\/p>\n\n\n\n<p>Per una vera esperienza gastronomica e culturale locale, consigliamo di andare al <strong>Mercato <\/strong>cittadino<strong> di Pijaca<\/strong>, aperto tutti i giorni dalle ore 7:00 alle ore 15:00, in Ulika Pod Bedemom 1\/A.<\/p>\n\n\n\n<h3 class=\"has-text-color\" style=\"color:#f18626;font-size:17px\"><strong>I LAGHI DI PLITVICE IN CROAZIA<\/strong><\/h3>\n\n\n\n<figure class=\"wp-block-image size-large\"><img loading=\"lazy\" width=\"1024\" height=\"683\" src=\"https:\/\/thelibratravels.com\/wp-content\/uploads\/2023\/07\/laghiplitvice_thelibratravels-1024x683.jpg\" alt=\"laghi di plitvice - parco con cascate\" class=\"wp-image-4943\" srcset=\"https:\/\/thelibratravels.com\/wp-content\/uploads\/2023\/07\/laghiplitvice_thelibratravels-1024x683.jpg 1024w, https:\/\/thelibratravels.com\/wp-content\/uploads\/2023\/07\/laghiplitvice_thelibratravels-300x200.jpg 300w, https:\/\/thelibratravels.com\/wp-content\/uploads\/2023\/07\/laghiplitvice_thelibratravels-768x512.jpg 768w, https:\/\/thelibratravels.com\/wp-content\/uploads\/2023\/07\/laghiplitvice_thelibratravels-1536x1024.jpg 1536w, https:\/\/thelibratravels.com\/wp-content\/uploads\/2023\/07\/laghiplitvice_thelibratravels-2048x1365.jpg 2048w\" sizes=\"(max-width: 1024px) 100vw, 1024px\" \/><\/figure>\n\n\n\n<p>I <strong>Laghi di Plitvice<\/strong>, dal 1979, sono Patrimonio dell&#8217;Umanit\u00e0 UNESCO: un affascinante Parco Nazionale situato nel cuore della Croazia, composto da 16 laghi interconnessi e una serie di cascate spettacolari. I laghi sono divisi in due principali sistemi, visitabili tramite diversi percorsi di trekking,<\/p>\n\n\n\n<p>Il tratto distintivo dei Laghi \u00e8 il colore verde brillante e cristallino dell&#8217;acqua, dovuto alla presenza di vari minerali e microorganismi. La bellezza del luogo \u00e8 arricchita dalla lussureggiante vegetazione circostante e dalle numerose specie di uccelli, mammiferi e rettili, che ne fanno uno delle principali attrazioni turistiche della Croazia e attirano visitatori da tutto il mondo. Per un&#8217;esperienza indimenticabile, consigliamo di visitare il parco in primavera o autunno, perch\u00e9 sar\u00e0 meno affollato ma soprattutto le temperature pi\u00f9 basse e l&#8217;umidit\u00e0 meno soffocante.<\/p>\n\n\n\n<p>Puoi acquistare i biglietti per accedere al Parco (\u20ac39 a persona) <a href=\"https:\/\/np-plitvicka-jezera.hr\/it\/pianificate-la-vostra-visita\/istrazite-jezera\/listino-prezzi\/\" target=\"_blank\" rel=\"noreferrer noopener\"><strong>qui<\/strong><\/a>. <\/p>\n\n\n\n<figure class=\"wp-block-image size-large\"><img loading=\"lazy\" width=\"1024\" height=\"683\" src=\"https:\/\/thelibratravels.com\/wp-content\/uploads\/2023\/07\/laghiplitvice3_thelibratravels-1024x683.jpg\" alt=\"laghi di plitvice - cascate e ruscelli\" class=\"wp-image-4944\" srcset=\"https:\/\/thelibratravels.com\/wp-content\/uploads\/2023\/07\/laghiplitvice3_thelibratravels-1024x683.jpg 1024w, https:\/\/thelibratravels.com\/wp-content\/uploads\/2023\/07\/laghiplitvice3_thelibratravels-300x200.jpg 300w, https:\/\/thelibratravels.com\/wp-content\/uploads\/2023\/07\/laghiplitvice3_thelibratravels-768x512.jpg 768w, https:\/\/thelibratravels.com\/wp-content\/uploads\/2023\/07\/laghiplitvice3_thelibratravels-1536x1024.jpg 1536w, https:\/\/thelibratravels.com\/wp-content\/uploads\/2023\/07\/laghiplitvice3_thelibratravels-2048x1365.jpg 2048w\" sizes=\"(max-width: 1024px) 100vw, 1024px\" \/><\/figure>\n\n\n\n<h3 class=\"has-text-color\" style=\"color:#0071a1;font-size:17px\"><strong>DOVE MANGIARE A ZARA<\/strong><\/h3>\n\n\n\n<p>La cucina dalmata \u00e8 un perfetto connubio tra specialit\u00e0 di terra e di mare. A\u00a0<strong>Zara<\/strong>\u00a0potrai assaggiare del pesce freschissimo, dalle cozze al branzino, ma anche dei piatti di carne davvero gustosi. Nel box in basso di suggeriamo qualche piatto tipico locale da provare.<\/p>\n\n\n\n<div class=\"wptb-table-container wptb-table-4916\"><div class=\"wptb-table-container-matrix\" id=\"wptb-table-id-4916\" data-wptb-version=\"1.3.13\" data-wptb-pro-status=\"false\"><table class=\"wptb-preview-table wptb-element-main-table_setting-279\" data-wptb-adaptive-table=\"0\" data-wptb-cells-width-auto-count=\"1\" data-wptb-table-tds-sum-max-width=\"114\" style=\"border: 2px solid rgb(249, 178, 51);\" data-table-columns=\"1\" data-reconstraction=\"1\" role=\"table\" data-wptb-header-background-color=\"#f9b233\" data-wptb-even-row-background-color=\"\" data-wptb-odd-row-background-color=\"\" data-wptb-extra-styles=\"LyogRW50ZXIgeW91ciBjdXN0b20gQ1NTIHJ1bGVzIGhlcmUgKi8=\"><tbody><tr class=\"wptb-row\" style=\"background-color: rgb(249, 178, 51);\" data-wptb-bg-color=\"#f9b233\"><td class=\"wptb-cell\" data-wptb-css-td-auto-width=\"true\" data-x-index=\"0\" data-y-index=\"0\" style=\"padding: 5px; border: 1px solid rgb(249, 178, 51);\"><div class=\"wptb-text-container wptb-ph-element wptb-element-text-1\" style=\"color: rgb(255, 255, 255); font-size: 16px;\"><div class=\"\" style=\"position: relative;\"><p class=\"\"><strong>TRADITIONAL FOOD<\/strong><\/p><\/div><\/div><\/td><\/tr><tr class=\"wptb-row\" data-wptb-bg-color=\"\"><td class=\"wptb-cell\" data-wptb-css-td-auto-width=\"true\" data-x-index=\"0\" data-y-index=\"1\" style=\"padding: 5px; border: 1px solid rgb(249, 178, 51);\"><div class=\"wptb-list-container wptb-ph-element wptb-element-list-1 edit-active\"><ul>            <li class=\"wptb-in-element\" style=\"margin-bottom: 0px;\">                <div class=\"wptb-list-item-content\" style=\"position: relative;\"><p data-list-style-type-index=\"1.\" style=\"color: #575756; font-size: 15px; text-align: left;\" class=\"\"><strong>Crni ri&#382;ot<\/strong> -&nbsp;risotto al nero di seppia<\/p><\/div>            <\/li><li class=\"wptb-in-element\" style=\"margin-bottom: 0px;\">                <div class=\"wptb-list-item-content\" style=\"position: relative;\"><p data-list-style-type-index=\"2.\" style=\"color: #575756; font-size: 15px; text-align: left;\" class=\"\"><strong>Sarma<\/strong> -&nbsp; involtini ripieni di carne avvolti in foglie di cavolo<\/p><\/div>            <\/li><li class=\"wptb-in-element\" style=\"margin-bottom: 0px;\">                <div class=\"wptb-list-item-content\" style=\"position: relative;\"><p data-list-style-type-index=\"3.\" style=\"color: #575756; font-size: 15px; text-align: left;\" class=\"\"><strong>Punjene paprike<\/strong> -&nbsp;peperoni ripieni<\/p><\/div>            <\/li><li class=\"wptb-in-element\" style=\"margin-bottom: 0px;\">                <div class=\"wptb-list-item-content\" style=\"position: relative;\"><p data-list-style-type-index=\"4.\" style=\"color: #575756; font-size: 15px; text-align: left;\" class=\"\"><strong>Pa&scaron;ticada<\/strong>&nbsp;- stufato di manzo cotto in salsa di vino rosso<\/p><\/div>            <\/li><li class=\"wptb-in-element\" style=\"margin-bottom: 0px;\">                <div class=\"wptb-list-item-content\" style=\"position: relative;\"><p data-list-style-type-index=\"5.\" style=\"color: #575756; font-size: 15px; text-align: left;\" class=\"\"><strong>&#262;evap&#269;i&#263;i<\/strong>&nbsp;- polpettine di carne speziate<\/p><\/div>            <\/li><li class=\"wptb-in-element\" style=\"margin-bottom: 0px;\">                <div class=\"wptb-list-item-content\" style=\"position: relative;\"><p data-list-style-type-index=\"6.\" style=\"color: #575756; font-size: 15px; text-align: left;\" class=\"\"><strong>Fu&#382;i<\/strong> - pasta croata<\/p><\/div>            <\/li><li class=\"wptb-in-element\" style=\"margin-bottom: 0px;\">                <div class=\"wptb-list-item-content\" style=\"position: relative;\"><p style=\"color: #575756; font-size: 15px; text-align: left;\" data-list-style-type-index=\"7.\"><strong>Brodetto<\/strong> -&nbsp;specialit&agrave; locale a base di pesce<\/p><\/div>            <\/li><li class=\"wptb-in-element\" style=\"margin-bottom: 0px;\">                <div class=\"wptb-list-item-content\" style=\"position: relative;\"><p style=\"color: rgb(87, 87, 86); font-size: 15px; text-align: left;\" data-list-style-type-index=\"8.\"><strong>Fritule<\/strong> -&nbsp;dessert simile a&nbsp;mini krapfen<\/p><\/div>            <\/li>            <li class=\"wptb-in-element\" style=\"margin-bottom: 0px;\">                <div class=\"wptb-list-item-content\" style=\"position: relative;\"><p data-list-style-type-index=\"9.\" style=\"color: #575756; font-size: 15px; text-align: left;\" class=\"\"><strong>Maraschino<\/strong> <strong>-<\/strong> liquore di origine dalmata a base di ciliegia, molto diffuso soprattutto a Zadar<\/p><\/div>            <\/li>                    <\/ul><\/div><\/td><\/tr><\/tbody><\/table><\/div><\/div>\n\n\n\n\n<p>Dove assaggiare queste prelibatezze? Ecco alcuni ristoranti e locali che abbiamo provato e ci sono piaciuti particolarmente:<\/p>\n\n\n\n<ul><li><strong><a href=\"https:\/\/www.tripadvisor.com\/ShowUserReviews-g295374-d10813722-r429080735-Coffee_Cake_Zadar-Zadar_Zadar_County_Dalmatia.html\" target=\"_blank\" rel=\"noreferrer noopener\">Coffee &amp; Cake<\/a> <\/strong>&#8211; per fare colazione, ma anche brunch. Decisamente non economico ma molto buono.<\/li><li><strong><a href=\"https:\/\/petbunara.com\/\" target=\"_blank\" rel=\"noreferrer noopener\">Pet Bunara<\/a><\/strong> &#8211; ristorante di pesce molto raffinato ma non eccessivamente caro. Si pu\u00f2 riservare un tavolo online.<\/li><li><strong><a href=\"http:\/\/www.bruschetta.hr\/en\/\" target=\"_blank\" rel=\"noreferrer noopener\">Bruschetta<\/a><\/strong> &#8211; ristorante poco distante dal Lungomare, ideale per provare la cucina mediterranea e dalmata. Si pu\u00f2 prenotare tramite email.<\/li><li><a href=\"https:\/\/www.tripadvisor.it\/Restaurant_Review-g295374-d17390426-Reviews-Butler_Gourmet_Cocktails_Garden-Zadar_Zadar_County_Dalmatia.html\"><strong>Butler Gourmet&amp;Cocktails Garden<\/strong><\/a> &#8211; per sorseggiare un drink dopocena<\/li><\/ul>\n\n\n\n<div class=\"wptb-table-container wptb-table-4948\"><div class=\"wptb-table-container-matrix\" id=\"wptb-table-id-4948\" data-wptb-version=\"1.3.13\" data-wptb-pro-status=\"false\"><table class=\"wptb-preview-table wptb-element-main-table_setting-279 edit-active\" data-wptb-adaptive-table=\"0\" data-wptb-cells-width-auto-count=\"1\" data-wptb-table-tds-sum-max-width=\"110\" style=\"border: 2px solid rgb(54, 169, 225);\" data-table-columns=\"1\" data-reconstraction=\"1\" role=\"table\" data-wptb-header-background-color=\"#36a9e1\" data-wptb-even-row-background-color=\"\" data-wptb-odd-row-background-color=\"\" data-wptb-extra-styles=\"LyogRW50ZXIgeW91ciBjdXN0b20gQ1NTIHJ1bGVzIGhlcmUgKi8=\"><tbody><tr class=\"wptb-row\" style=\"background-color: rgb(54, 169, 225);\" data-wptb-bg-color=\"#36a9e1\"><td class=\"wptb-cell\" data-wptb-css-td-auto-width=\"true\" data-x-index=\"0\" data-y-index=\"0\" style=\"padding: 3px; border: 1px solid rgb(54, 169, 225);\"><div class=\"wptb-text-container wptb-ph-element wptb-element-text-1\" style=\"color: rgb(255, 255, 255); font-size: 16px;\"><div class=\"\" style=\"position: relative;\"><p><em class=\"\"><strong>#WHATSINYOURSUITCASE<\/strong><\/em><\/p><\/div><\/div><\/td><\/tr><tr class=\"wptb-row\" data-wptb-bg-color=\"\"><td class=\"wptb-cell\" data-wptb-css-td-auto-width=\"true\" data-x-index=\"0\" data-y-index=\"1\" style=\"padding: 3px; border: 1px solid rgb(54, 169, 225);\"><div class=\"wptb-text-container wptb-ph-element wptb-element-text-2\" style=\"color: rgb(74, 85, 104); font-size: 15px;\"><div class=\"\" style=\"position: relative;\"><p>Quando abbiamo viaggiato in Croazia a giugno ci sono stati molto utili questi 3 oggetti:<\/p><\/div><\/div><div class=\"wptb-list-container wptb-ph-element wptb-element-list-1\"><ul>            <li class=\"wptb-in-element\" style=\"margin-bottom: 0px;\">                <div class=\"wptb-list-item-content\" style=\"position: relative;\"><p style=\"color: #4a5568; font-size: 15px; text-align: left;\" class=\"\" data-list-style-type-index=\"1.\"><strong>Crema solare<\/strong><\/p><\/div>            <\/li><li class=\"wptb-in-element\" style=\"margin-bottom: 0px;\">                <div class=\"wptb-list-item-content\" style=\"position: relative;\"><p style=\"color: #4a5568; font-size: 15px; text-align: left;\" class=\"\" data-list-style-type-index=\"2.\"><strong>K-way<\/strong><\/p><\/div>            <\/li><li class=\"wptb-in-element\" style=\"margin-bottom: 0px;\">                <div class=\"wptb-list-item-content\" style=\"position: relative;\"><p style=\"color: rgb(74, 85, 104); font-size: 15px; text-align: left;\" class=\"\" data-list-style-type-index=\"3.\"><strong>Scarpette da scoglio<\/strong><\/p><\/div>            <\/li>                                <\/ul><\/div><\/td><\/tr><\/tbody><\/table><\/div><\/div>\n\n\n\n\n<p>Se questo articolo ti \u00e8 stato utile condividilo con i tuoi compagni di viaggio e seguici su Instagram <a href=\"https:\/\/www.instagram.com\/thelibratravels_\/\" target=\"_blank\" rel=\"noreferrer noopener\">@thelibratravels_<\/a>.<\/p>\n\n\n\n<p>Cerca ispirazione per altre mete di viaggio nella sezione <a href=\"https:\/\/thelibratravels.com\/index.php\/travels\/\" target=\"_blank\" rel=\"noreferrer noopener\"><strong>TRAVELS<\/strong><\/a> del nostro blog.<\/p>\n","protected":false},"excerpt":{"rendered":"<p>\u2022Tramonti indimenticabili e parchi naturali: itinerario di viaggio in Croazia\u2022 Se stai cercando un itinerario insolito per esplorare la Croazia in un weekend, sei nel posto giusto! Nel giugno 2023 abbiamo visitato Zara (o Zadar) e i meravigliosi Laghi di Plitvice e adesso siamo pronte a condividere con te il programma della vacanza, la lista [&hellip;]<\/p>\n","protected":false},"author":2,"featured_media":4943,"comment_status":"open","ping_status":"open","sticky":false,"template":"","format":"standard","meta":{"_mi_skip_tracking":false,"_monsterinsights_sitenote_active":false,"_monsterinsights_sitenote_note":"","_monsterinsights_sitenote_category":0},"categories":[115,67],"tags":[43,20],"table_tags":[],"yoast_head":"<!-- This site is optimized with the Yoast SEO plugin v17.7 - https:\/\/yoast.com\/wordpress\/plugins\/seo\/ -->\n<title>Itinerario in Croazia: da Zara ai Laghi di Plitvice | The Libra Travels<\/title>\n<meta name=\"description\" content=\"Ti suggeriamo un itinerario per esplorare la Croazia in un weekend, tra Zara (o Zadar) e i meravigliosi Laghi di Plitvice.\" \/>\n<meta name=\"robots\" content=\"index, follow, max-snippet:-1, max-image-preview:large, max-video-preview:-1\" \/>\n<link rel=\"canonical\" href=\"https:\/\/thelibratravels.com\/index.php\/2023\/07\/12\/itinerario-in-croazia-da-zara-ai-laghi-di-plitvice\/\" \/>\n<meta property=\"og:locale\" content=\"en_US\" \/>\n<meta property=\"og:type\" content=\"article\" \/>\n<meta property=\"og:title\" content=\"Itinerario in Croazia: da Zara ai Laghi di Plitvice | The Libra Travels\" \/>\n<meta property=\"og:description\" content=\"Ti suggeriamo un itinerario per esplorare la Croazia in un weekend, tra Zara (o Zadar) e i meravigliosi Laghi di Plitvice.\" \/>\n<meta property=\"og:url\" content=\"https:\/\/thelibratravels.com\/index.php\/2023\/07\/12\/itinerario-in-croazia-da-zara-ai-laghi-di-plitvice\/\" \/>\n<meta property=\"og:site_name\" content=\"The Libra Travels\" \/>\n<meta property=\"article:published_time\" content=\"2023-07-12T16:14:06+00:00\" \/>\n<meta property=\"og:image\" content=\"https:\/\/thelibratravels.com\/wp-content\/uploads\/2023\/07\/laghiplitvice_thelibratravels-scaled.jpg\" \/>\n\t<meta property=\"og:image:width\" content=\"2560\" \/>\n\t<meta property=\"og:image:height\" content=\"1707\" \/>\n<meta name=\"twitter:card\" content=\"summary_large_image\" \/>\n<meta name=\"twitter:label1\" content=\"Written by\" \/>\n\t<meta name=\"twitter:data1\" content=\"Francesca\" \/>\n\t<meta name=\"twitter:label2\" content=\"Est. reading time\" \/>\n\t<meta name=\"twitter:data2\" content=\"6 minutes\" \/>\n<script type=\"application\/ld+json\" class=\"yoast-schema-graph\">{\"@context\":\"https:\/\/schema.org\",\"@graph\":[{\"@type\":\"Organization\",\"@id\":\"https:\/\/thelibratravels.com\/#organization\",\"name\":\"The Libra Travels\",\"url\":\"https:\/\/thelibratravels.com\/\",\"sameAs\":[],\"logo\":{\"@type\":\"ImageObject\",\"@id\":\"https:\/\/thelibratravels.com\/#logo\",\"inLanguage\":\"en-US\",\"url\":\"https:\/\/thelibratravels.com\/wp-content\/uploads\/2021\/03\/logo_orizzontale.jpg\",\"contentUrl\":\"https:\/\/thelibratravels.com\/wp-content\/uploads\/2021\/03\/logo_orizzontale.jpg\",\"width\":1260,\"height\":704,\"caption\":\"The Libra Travels\"},\"image\":{\"@id\":\"https:\/\/thelibratravels.com\/#logo\"}},{\"@type\":\"WebSite\",\"@id\":\"https:\/\/thelibratravels.com\/#website\",\"url\":\"https:\/\/thelibratravels.com\/\",\"name\":\"The Libra Travels\",\"description\":\"Inspiring stories\",\"publisher\":{\"@id\":\"https:\/\/thelibratravels.com\/#organization\"},\"potentialAction\":[{\"@type\":\"SearchAction\",\"target\":{\"@type\":\"EntryPoint\",\"urlTemplate\":\"https:\/\/thelibratravels.com\/?s={search_term_string}\"},\"query-input\":\"required name=search_term_string\"}],\"inLanguage\":\"en-US\"},{\"@type\":\"ImageObject\",\"@id\":\"https:\/\/thelibratravels.com\/index.php\/2023\/07\/12\/itinerario-in-croazia-da-zara-ai-laghi-di-plitvice\/#primaryimage\",\"inLanguage\":\"en-US\",\"url\":\"https:\/\/thelibratravels.com\/wp-content\/uploads\/2023\/07\/laghiplitvice_thelibratravels-scaled.jpg\",\"contentUrl\":\"https:\/\/thelibratravels.com\/wp-content\/uploads\/2023\/07\/laghiplitvice_thelibratravels-scaled.jpg\",\"width\":2560,\"height\":1707,\"caption\":\"laghi plitvice in croazia\"},{\"@type\":\"WebPage\",\"@id\":\"https:\/\/thelibratravels.com\/index.php\/2023\/07\/12\/itinerario-in-croazia-da-zara-ai-laghi-di-plitvice\/#webpage\",\"url\":\"https:\/\/thelibratravels.com\/index.php\/2023\/07\/12\/itinerario-in-croazia-da-zara-ai-laghi-di-plitvice\/\",\"name\":\"Itinerario in Croazia: da Zara ai Laghi di Plitvice | The Libra Travels\",\"isPartOf\":{\"@id\":\"https:\/\/thelibratravels.com\/#website\"},\"primaryImageOfPage\":{\"@id\":\"https:\/\/thelibratravels.com\/index.php\/2023\/07\/12\/itinerario-in-croazia-da-zara-ai-laghi-di-plitvice\/#primaryimage\"},\"datePublished\":\"2023-07-12T16:14:06+00:00\",\"dateModified\":\"2023-07-12T16:14:06+00:00\",\"description\":\"Ti suggeriamo un itinerario per esplorare la Croazia in un weekend, tra Zara (o Zadar) e i meravigliosi Laghi di Plitvice.\",\"breadcrumb\":{\"@id\":\"https:\/\/thelibratravels.com\/index.php\/2023\/07\/12\/itinerario-in-croazia-da-zara-ai-laghi-di-plitvice\/#breadcrumb\"},\"inLanguage\":\"en-US\",\"potentialAction\":[{\"@type\":\"ReadAction\",\"target\":[\"https:\/\/thelibratravels.com\/index.php\/2023\/07\/12\/itinerario-in-croazia-da-zara-ai-laghi-di-plitvice\/\"]}]},{\"@type\":\"BreadcrumbList\",\"@id\":\"https:\/\/thelibratravels.com\/index.php\/2023\/07\/12\/itinerario-in-croazia-da-zara-ai-laghi-di-plitvice\/#breadcrumb\",\"itemListElement\":[{\"@type\":\"ListItem\",\"position\":1,\"name\":\"Home\",\"item\":\"https:\/\/thelibratravels.com\/\"},{\"@type\":\"ListItem\",\"position\":2,\"name\":\"Itinerario in Croazia: da Zara ai Laghi di Plitvice\"}]},{\"@type\":\"Article\",\"@id\":\"https:\/\/thelibratravels.com\/index.php\/2023\/07\/12\/itinerario-in-croazia-da-zara-ai-laghi-di-plitvice\/#article\",\"isPartOf\":{\"@id\":\"https:\/\/thelibratravels.com\/index.php\/2023\/07\/12\/itinerario-in-croazia-da-zara-ai-laghi-di-plitvice\/#webpage\"},\"author\":{\"@id\":\"https:\/\/thelibratravels.com\/#\/schema\/person\/3832b25c6494095e34c8a9c2c2557127\"},\"headline\":\"Itinerario in Croazia: da Zara ai Laghi di Plitvice\",\"datePublished\":\"2023-07-12T16:14:06+00:00\",\"dateModified\":\"2023-07-12T16:14:06+00:00\",\"mainEntityOfPage\":{\"@id\":\"https:\/\/thelibratravels.com\/index.php\/2023\/07\/12\/itinerario-in-croazia-da-zara-ai-laghi-di-plitvice\/#webpage\"},\"wordCount\":1043,\"commentCount\":0,\"publisher\":{\"@id\":\"https:\/\/thelibratravels.com\/#organization\"},\"image\":{\"@id\":\"https:\/\/thelibratravels.com\/index.php\/2023\/07\/12\/itinerario-in-croazia-da-zara-ai-laghi-di-plitvice\/#primaryimage\"},\"thumbnailUrl\":\"https:\/\/thelibratravels.com\/wp-content\/uploads\/2023\/07\/laghiplitvice_thelibratravels-scaled.jpg\",\"keywords\":[\"Coppia\",\"Esploratore\"],\"articleSection\":[\"Croazia\",\"TRAVELS\"],\"inLanguage\":\"en-US\",\"potentialAction\":[{\"@type\":\"CommentAction\",\"name\":\"Comment\",\"target\":[\"https:\/\/thelibratravels.com\/index.php\/2023\/07\/12\/itinerario-in-croazia-da-zara-ai-laghi-di-plitvice\/#respond\"]}]},{\"@type\":\"Person\",\"@id\":\"https:\/\/thelibratravels.com\/#\/schema\/person\/3832b25c6494095e34c8a9c2c2557127\",\"name\":\"Francesca\",\"image\":{\"@type\":\"ImageObject\",\"@id\":\"https:\/\/thelibratravels.com\/#personlogo\",\"inLanguage\":\"en-US\",\"url\":\"https:\/\/secure.gravatar.com\/avatar\/d44165d760232ce02dd9cffb5f31b962?s=96&d=wavatar&r=g\",\"contentUrl\":\"https:\/\/secure.gravatar.com\/avatar\/d44165d760232ce02dd9cffb5f31b962?s=96&d=wavatar&r=g\",\"caption\":\"Francesca\"},\"url\":\"https:\/\/thelibratravels.com\/index.php\/author\/francesca\/\"}]}<\/script>\n<!-- \/ Yoast SEO plugin. -->","yoast_head_json":{"title":"Itinerario in Croazia: da Zara ai Laghi di Plitvice | The Libra Travels","description":"Ti suggeriamo un itinerario per esplorare la Croazia in un weekend, tra Zara (o Zadar) e i meravigliosi Laghi di Plitvice.","robots":{"index":"index","follow":"follow","max-snippet":"max-snippet:-1","max-image-preview":"max-image-preview:large","max-video-preview":"max-video-preview:-1"},"canonical":"https:\/\/thelibratravels.com\/index.php\/2023\/07\/12\/itinerario-in-croazia-da-zara-ai-laghi-di-plitvice\/","og_locale":"en_US","og_type":"article","og_title":"Itinerario in Croazia: da Zara ai Laghi di Plitvice | The Libra Travels","og_description":"Ti suggeriamo un itinerario per esplorare la Croazia in un weekend, tra Zara (o Zadar) e i meravigliosi Laghi di Plitvice.","og_url":"https:\/\/thelibratravels.com\/index.php\/2023\/07\/12\/itinerario-in-croazia-da-zara-ai-laghi-di-plitvice\/","og_site_name":"The Libra Travels","article_published_time":"2023-07-12T16:14:06+00:00","og_image":[{"width":2560,"height":1707,"url":"https:\/\/thelibratravels.com\/wp-content\/uploads\/2023\/07\/laghiplitvice_thelibratravels-scaled.jpg","type":"image\/jpeg"}],"twitter_card":"summary_large_image","twitter_misc":{"Written by":"Francesca","Est. reading time":"6 minutes"},"schema":{"@context":"https:\/\/schema.org","@graph":[{"@type":"Organization","@id":"https:\/\/thelibratravels.com\/#organization","name":"The Libra Travels","url":"https:\/\/thelibratravels.com\/","sameAs":[],"logo":{"@type":"ImageObject","@id":"https:\/\/thelibratravels.com\/#logo","inLanguage":"en-US","url":"https:\/\/thelibratravels.com\/wp-content\/uploads\/2021\/03\/logo_orizzontale.jpg","contentUrl":"https:\/\/thelibratravels.com\/wp-content\/uploads\/2021\/03\/logo_orizzontale.jpg","width":1260,"height":704,"caption":"The Libra Travels"},"image":{"@id":"https:\/\/thelibratravels.com\/#logo"}},{"@type":"WebSite","@id":"https:\/\/thelibratravels.com\/#website","url":"https:\/\/thelibratravels.com\/","name":"The Libra Travels","description":"Inspiring stories","publisher":{"@id":"https:\/\/thelibratravels.com\/#organization"},"potentialAction":[{"@type":"SearchAction","target":{"@type":"EntryPoint","urlTemplate":"https:\/\/thelibratravels.com\/?s={search_term_string}"},"query-input":"required name=search_term_string"}],"inLanguage":"en-US"},{"@type":"ImageObject","@id":"https:\/\/thelibratravels.com\/index.php\/2023\/07\/12\/itinerario-in-croazia-da-zara-ai-laghi-di-plitvice\/#primaryimage","inLanguage":"en-US","url":"https:\/\/thelibratravels.com\/wp-content\/uploads\/2023\/07\/laghiplitvice_thelibratravels-scaled.jpg","contentUrl":"https:\/\/thelibratravels.com\/wp-content\/uploads\/2023\/07\/laghiplitvice_thelibratravels-scaled.jpg","width":2560,"height":1707,"caption":"laghi plitvice in croazia"},{"@type":"WebPage","@id":"https:\/\/thelibratravels.com\/index.php\/2023\/07\/12\/itinerario-in-croazia-da-zara-ai-laghi-di-plitvice\/#webpage","url":"https:\/\/thelibratravels.com\/index.php\/2023\/07\/12\/itinerario-in-croazia-da-zara-ai-laghi-di-plitvice\/","name":"Itinerario in Croazia: da Zara ai Laghi di Plitvice | The Libra Travels","isPartOf":{"@id":"https:\/\/thelibratravels.com\/#website"},"primaryImageOfPage":{"@id":"https:\/\/thelibratravels.com\/index.php\/2023\/07\/12\/itinerario-in-croazia-da-zara-ai-laghi-di-plitvice\/#primaryimage"},"datePublished":"2023-07-12T16:14:06+00:00","dateModified":"2023-07-12T16:14:06+00:00","description":"Ti suggeriamo un itinerario per esplorare la Croazia in un weekend, tra Zara (o Zadar) e i meravigliosi Laghi di Plitvice.","breadcrumb":{"@id":"https:\/\/thelibratravels.com\/index.php\/2023\/07\/12\/itinerario-in-croazia-da-zara-ai-laghi-di-plitvice\/#breadcrumb"},"inLanguage":"en-US","potentialAction":[{"@type":"ReadAction","target":["https:\/\/thelibratravels.com\/index.php\/2023\/07\/12\/itinerario-in-croazia-da-zara-ai-laghi-di-plitvice\/"]}]},{"@type":"BreadcrumbList","@id":"https:\/\/thelibratravels.com\/index.php\/2023\/07\/12\/itinerario-in-croazia-da-zara-ai-laghi-di-plitvice\/#breadcrumb","itemListElement":[{"@type":"ListItem","position":1,"name":"Home","item":"https:\/\/thelibratravels.com\/"},{"@type":"ListItem","position":2,"name":"Itinerario in Croazia: da Zara ai Laghi di Plitvice"}]},{"@type":"Article","@id":"https:\/\/thelibratravels.com\/index.php\/2023\/07\/12\/itinerario-in-croazia-da-zara-ai-laghi-di-plitvice\/#article","isPartOf":{"@id":"https:\/\/thelibratravels.com\/index.php\/2023\/07\/12\/itinerario-in-croazia-da-zara-ai-laghi-di-plitvice\/#webpage"},"author":{"@id":"https:\/\/thelibratravels.com\/#\/schema\/person\/3832b25c6494095e34c8a9c2c2557127"},"headline":"Itinerario in Croazia: da Zara ai Laghi di Plitvice","datePublished":"2023-07-12T16:14:06+00:00","dateModified":"2023-07-12T16:14:06+00:00","mainEntityOfPage":{"@id":"https:\/\/thelibratravels.com\/index.php\/2023\/07\/12\/itinerario-in-croazia-da-zara-ai-laghi-di-plitvice\/#webpage"},"wordCount":1043,"commentCount":0,"publisher":{"@id":"https:\/\/thelibratravels.com\/#organization"},"image":{"@id":"https:\/\/thelibratravels.com\/index.php\/2023\/07\/12\/itinerario-in-croazia-da-zara-ai-laghi-di-plitvice\/#primaryimage"},"thumbnailUrl":"https:\/\/thelibratravels.com\/wp-content\/uploads\/2023\/07\/laghiplitvice_thelibratravels-scaled.jpg","keywords":["Coppia","Esploratore"],"articleSection":["Croazia","TRAVELS"],"inLanguage":"en-US","potentialAction":[{"@type":"CommentAction","name":"Comment","target":["https:\/\/thelibratravels.com\/index.php\/2023\/07\/12\/itinerario-in-croazia-da-zara-ai-laghi-di-plitvice\/#respond"]}]},{"@type":"Person","@id":"https:\/\/thelibratravels.com\/#\/schema\/person\/3832b25c6494095e34c8a9c2c2557127","name":"Francesca","image":{"@type":"ImageObject","@id":"https:\/\/thelibratravels.com\/#personlogo","inLanguage":"en-US","url":"https:\/\/secure.gravatar.com\/avatar\/d44165d760232ce02dd9cffb5f31b962?s=96&d=wavatar&r=g","contentUrl":"https:\/\/secure.gravatar.com\/avatar\/d44165d760232ce02dd9cffb5f31b962?s=96&d=wavatar&r=g","caption":"Francesca"},"url":"https:\/\/thelibratravels.com\/index.php\/author\/francesca\/"}]}},"_links":{"self":[{"href":"https:\/\/thelibratravels.com\/index.php\/wp-json\/wp\/v2\/posts\/4867"}],"collection":[{"href":"https:\/\/thelibratravels.com\/index.php\/wp-json\/wp\/v2\/posts"}],"about":[{"href":"https:\/\/thelibratravels.com\/index.php\/wp-json\/wp\/v2\/types\/post"}],"author":[{"embeddable":true,"href":"https:\/\/thelibratravels.com\/index.php\/wp-json\/wp\/v2\/users\/2"}],"replies":[{"embeddable":true,"href":"https:\/\/thelibratravels.com\/index.php\/wp-json\/wp\/v2\/comments?post=4867"}],"version-history":[{"count":38,"href":"https:\/\/thelibratravels.com\/index.php\/wp-json\/wp\/v2\/posts\/4867\/revisions"}],"predecessor-version":[{"id":4972,"href":"https:\/\/thelibratravels.com\/index.php\/wp-json\/wp\/v2\/posts\/4867\/revisions\/4972"}],"wp:featuredmedia":[{"embeddable":true,"href":"https:\/\/thelibratravels.com\/index.php\/wp-json\/wp\/v2\/media\/4943"}],"wp:attachment":[{"href":"https:\/\/thelibratravels.com\/index.php\/wp-json\/wp\/v2\/media?parent=4867"}],"wp:term":[{"taxonomy":"category","embeddable":true,"href":"https:\/\/thelibratravels.com\/index.php\/wp-json\/wp\/v2\/categories?post=4867"},{"taxonomy":"post_tag","embeddable":true,"href":"https:\/\/thelibratravels.com\/index.php\/wp-json\/wp\/v2\/tags?post=4867"},{"taxonomy":"table_tags","embeddable":true,"href":"https:\/\/thelibratravels.com\/index.php\/wp-json\/wp\/v2\/table_tags?post=4867"}],"curies":[{"name":"wp","href":"https:\/\/api.w.org\/{rel}","templated":true}]}}